{"id":20611,"date":"2007-10-16T00:00:00","date_gmt":"2007-10-16T00:00:00","guid":{"rendered":"https:\/\/sando.com\/actualidad\/sando-offers-a-course-on-work-risk-prevention-and-grants-the-annual-awards-for-security-and-health"},"modified":"2024-10-29T10:37:25","modified_gmt":"2024-10-29T10:37:25","slug":"sando-offers-a-course-on-work-risk-prevention-and-grants-the-annual-awards-for-security-and-health","status":"publish","type":"post","link":"https:\/\/www.sando.com\/en\/actualidad\/sando-offers-a-course-on-work-risk-prevention-and-grants-the-annual-awards-for-security-and-health","title":{"rendered":"Sando offers a course on work risk prevention and grants the annual awards for security and health"},"content":{"rendered":"<p>A large number of specialists, authorities, public administration representatives and trade unions have attended the conferences<br \/>\nThe Sando Fundaci\u00f3n held this morning a conference on Work Risk Prevention, which dealt with the latest affairs in the field.<\/p>\n<p>The Sando Fundaci\u00f3n, which was created a few months ago, has organised once again the Conference on Work Risk Prevention, as well as the traditional Security and Health Awards Ceremony. These awards have been granted for six years now, in order to acknowledge, stimulate and promote amongst professionals a culture of maximum respect to work risks.<\/p>\n<p>The opening ceremony was chaired by the mayor of M\u00e1laga, Francisco de la Torre Prados, who has congratulated the Sando Group for its work in the promotion of a culture of work risk prevention, thus encouraging other businesses to follow its steps. The mayor hopes that the measures taken will reduce the accident rates in M\u00e1laga below the national Spanish and regional rates in Andaluc\u00eda.<\/p>\n<p>Also in attendance was the General Manager of Security and Health of the Board of Andaluc\u00eda, Esther Azorit Jim\u00e9nez, who congratulated Sando for its constant effort to reduce the number of work accidents. She mentioned the new measures that the Board of Andaluc\u00eda is introducing in the field of prevention. The vice-president and managing director of the Sando Group, Luis S\u00e1nchez Manzano, who opened the ceremony, said that the group should not just attain a 50% index, but rather a number of zero accidents.<\/p>\n<p>After the presentation, the first talk was given by Jos\u00e9 Yanes Coloma, the head of the Permanent Secretariat of the National Security and Health Commission, who described the Security and Health action plan to be implemented in Spain between 2007 and 2012. Afterwards, Federico Artola K\u00fcstner, the head of the Sando Group Joint Prevention Service, explained the approach required to deal with new situations in terms of risk.<\/p>\n<p>Further on, the round table entitled \u00b4Regulations of the Subcontracting Law in the Construction Field\u00b4 (Royal Decree 1109\/2007, of 24 August) included Pedro Fern\u00e1ndez Al\u00e9n, manager of the CNC Legal Department; Manuel Fern\u00e1ndez L\u00f3pez, secretary general of the UGT Metal, Construction and related activities Association, and \u00c1ngel G\u00f3mez Angulo, who is a member of the National Executive Commission of FECOMA-CCOO. Also, Mercedes Mu\u00f1oz Salas, head of the Work and Social Security Inspection Department in M\u00e1laga, acted as the moderator.<\/p>\n<p>Once the conference had ended, the Security and Health Awards Ceremony was held. The awards are granted as an acknowledgement of the work carried out in the field of work risks in the Sando Group. One specific worker from each company in the group is chosen, as well as two external collaborating companies. <\/p>\n<p>The awards were given by the Head of the Employment Department of the Board of Andaluc\u00eda in M\u00e1laga, Juan Carlos Lome\u00f1a Villalobos, who represented the Employment Managing Director, Antonio Fern\u00e1ndez, together with Federico Muela Velasco, the president of FADECO, Manuela Mojarro Morales, manager of the Centre for Work Risk Prevention of the Board of Andaluc\u00eda, and Jos\u00e9 Luis S\u00e1nchez Dom\u00ednguez, the president of the Sando Group. <\/p>\n<p>The Sando Fundaci\u00f3n was created in 2006 based on the need for commitment with society. The Foundation has a global approach, thus not focusing on a specific geographical area. Today it is the main tool used by the Sando Group to channel all its actions in the field of Corporate Social Responsibility, paying special attention to work risk prevention.<\/p>\n<p>The Sando Group, which is closely connected to environment, quality and security, is one of the top ten entities in the field of construction in Spain and is deeply committed with society. <\/p>\n<p>List of award winners:<\/p>\n<p>WORKERS AWARD:<\/p>\n<p>OSCAR  LEDO  VALES &#8211; SANDO CONSTRUCCIONES, S.A.<br \/>\nANTONIO JIM\u00c9NEZ  M\u00c1RQUEZ &#8211; <a href=\"https:\/\/www.sando.com\/en\/conacon-sando\" title=\"Sustainable infrastructure maintenance and energy solutions\" target=\"_blank\">Conacon<\/a>, S.A. (CONSTRUCTION)<br \/>\nSEBASTI\u00c1N MAC\u00cdAS HOLGADO &#8211; CONACON, S.A. (ASPHALT)<br \/>\nFRANCISCO JAVIER CARMONA CRUCES &#8211; \u00c1RIDOS Y REFORESTACI\u00d3N, S.A.<br \/>\nJOAQU\u00cdN OCA\u00d1A  GARC\u00cdA &#8211; ANDEMOSA<br \/>\nFRANCISCO NAVOZ  \u00c1LVAREZ &#8211; ALAMEDA O.P. Y TTES. , S.L.<br \/>\nM\u00aa DEL PILAR ARAQUE GALV\u00c1N &#8211; <a href=\"\/en\/althenia-sando\" title=\"Integral environmental services\" target=\"_blank\">Althenia<\/a>, S.L.<\/p>\n<p>ASSOCIATE COLLABORATING COMPANY AWARD:<\/p>\n<p>GESAGR\u00cdN, S.L. &#8211; Environmental work. JA\u00c9N<br \/>\nSEVILLANA DE MAQUINARIA, S.A. &#8211; Machinery maintenance. SEVILLA<\/p>\n<p><a href=\"\" target=\"_blank\" rel=\"noopener noreferrer\" download=\"\">Download file<\/a><\/p>\n<p style=\"text-align: left;\">\n<p>&nbsp;<\/p>\n<div class=\"avia-button-wrap avia-button-center avia-builder-el-47 el_after_av_button avia-builder-el-last \"><a class=\"avia-button av-icon-on-hover avia-icon_select-yes-right-icon avia-color-custom avia-size-large avia-position-center \" style=\"background-color: #006918; border-color: #004576; color: #ffffff;\" href=\"..\/press-releases\/\"><span class=\"avia_iconbox_title\">Return to Press releases<\/span><\/a><\/div>\n","protected":false},"excerpt":{"rendered":"A large number of specialists, authorities, public administration representatives and trade unions have attended the conferences","protected":false},"author":2,"featured_media":0,"comment_status":"closed","ping_status":"closed","sticky":false,"template":"","format":"standard","meta":{"_acf_changed":false,"footnotes":""},"categories":[1057,1334],"tags":[],"tax_brand":[],"tax_services":[],"tax_location":[],"class_list":["post-20611","post","type-post","status-publish","format-standard","hentry","category-communication_press-releases","category-press-releases-communication_press-releases"],"acf":[],"yoast_head":"<!-- This site is optimized with the Yoast SEO plugin v27.4 - https:\/\/yoast.com\/product\/yoast-seo-wordpress\/ -->\n<title>Jornada de Prevenci\u00f3n y Premios de Seguridad en Sando<\/title>\n<meta name=\"description\" content=\"Sando promueve la seguridad laboral con una jornada de prevenci\u00f3n y la entrega de premios anuales. Conoce nuestras iniciativas y logros.\" \/>\n<meta name=\"robots\" content=\"index, follow, max-snippet:-1, max-image-preview:large, max-video-preview:-1\" \/>\n<link rel=\"canonical\" href=\"https:\/\/www.sando.com\/en\/actualidad\/sando-offers-a-course-on-work-risk-prevention-and-grants-the-annual-awards-for-security-and-health\" \/>\n<meta property=\"og:locale\" content=\"en_US\" \/>\n<meta property=\"og:type\" content=\"article\" \/>\n<meta property=\"og:title\" content=\"Jornada de Prevenci\u00f3n y Premios de Seguridad en Sando\" \/>\n<meta property=\"og:description\" content=\"Sando promueve la seguridad laboral con una jornada de prevenci\u00f3n y la entrega de premios anuales. Conoce nuestras iniciativas y logros.\" \/>\n<meta property=\"og:url\" content=\"https:\/\/www.sando.com\/en\/actualidad\/sando-offers-a-course-on-work-risk-prevention-and-grants-the-annual-awards-for-security-and-health\" \/>\n<meta property=\"og:site_name\" content=\"Sando\" \/>\n<meta property=\"article:published_time\" content=\"2007-10-16T00:00:00+00:00\" \/>\n<meta property=\"article:modified_time\" content=\"2024-10-29T10:37:25+00:00\" \/>\n<meta name=\"author\" content=\"Juanje Juanje\" \/>\n<meta name=\"twitter:card\" content=\"summary_large_image\" \/>\n<meta name=\"twitter:label1\" content=\"Written by\" \/>\n\t<meta name=\"twitter:data1\" content=\"Juanje Juanje\" \/>\n\t<meta name=\"twitter:label2\" content=\"Est. reading time\" \/>\n\t<meta name=\"twitter:data2\" content=\"4 minutes\" \/>\n<script type=\"application\/ld+json\" class=\"yoast-schema-graph\">{\"@context\":\"https:\\\/\\\/schema.org\",\"@graph\":[{\"@type\":\"Article\",\"@id\":\"https:\\\/\\\/www.sando.com\\\/en\\\/actualidad\\\/sando-offers-a-course-on-work-risk-prevention-and-grants-the-annual-awards-for-security-and-health#article\",\"isPartOf\":{\"@id\":\"https:\\\/\\\/www.sando.com\\\/en\\\/actualidad\\\/sando-offers-a-course-on-work-risk-prevention-and-grants-the-annual-awards-for-security-and-health\"},\"author\":{\"name\":\"Juanje Juanje\",\"@id\":\"https:\\\/\\\/www.sando.com\\\/en#\\\/schema\\\/person\\\/632d5c2fe5027989411732e84a37e6c1\"},\"headline\":\"Sando offers a course on work risk prevention and grants the annual awards for security and health\",\"datePublished\":\"2007-10-16T00:00:00+00:00\",\"dateModified\":\"2024-10-29T10:37:25+00:00\",\"mainEntityOfPage\":{\"@id\":\"https:\\\/\\\/www.sando.com\\\/en\\\/actualidad\\\/sando-offers-a-course-on-work-risk-prevention-and-grants-the-annual-awards-for-security-and-health\"},\"wordCount\":738,\"publisher\":{\"@id\":\"https:\\\/\\\/www.sando.com\\\/en#organization\"},\"articleSection\":[\"Communication_Press releases\",\"Press releases (NOT)\"],\"inLanguage\":\"en-US\"},{\"@type\":\"WebPage\",\"@id\":\"https:\\\/\\\/www.sando.com\\\/en\\\/actualidad\\\/sando-offers-a-course-on-work-risk-prevention-and-grants-the-annual-awards-for-security-and-health\",\"url\":\"https:\\\/\\\/www.sando.com\\\/en\\\/actualidad\\\/sando-offers-a-course-on-work-risk-prevention-and-grants-the-annual-awards-for-security-and-health\",\"name\":\"Jornada de Prevenci\u00f3n y Premios de Seguridad en Sando\",\"isPartOf\":{\"@id\":\"https:\\\/\\\/www.sando.com\\\/en#website\"},\"datePublished\":\"2007-10-16T00:00:00+00:00\",\"dateModified\":\"2024-10-29T10:37:25+00:00\",\"description\":\"Sando promueve la seguridad laboral con una jornada de prevenci\u00f3n y la entrega de premios anuales. Conoce nuestras iniciativas y logros.\",\"breadcrumb\":{\"@id\":\"https:\\\/\\\/www.sando.com\\\/en\\\/actualidad\\\/sando-offers-a-course-on-work-risk-prevention-and-grants-the-annual-awards-for-security-and-health#breadcrumb\"},\"inLanguage\":\"en-US\",\"potentialAction\":[{\"@type\":\"ReadAction\",\"target\":[\"https:\\\/\\\/www.sando.com\\\/en\\\/actualidad\\\/sando-offers-a-course-on-work-risk-prevention-and-grants-the-annual-awards-for-security-and-health\"]}]},{\"@type\":\"BreadcrumbList\",\"@id\":\"https:\\\/\\\/www.sando.com\\\/en\\\/actualidad\\\/sando-offers-a-course-on-work-risk-prevention-and-grants-the-annual-awards-for-security-and-health#breadcrumb\",\"itemListElement\":[{\"@type\":\"ListItem\",\"position\":1,\"name\":\"Portada\",\"item\":\"https:\\\/\\\/www.sando.com\\\/en\"},{\"@type\":\"ListItem\",\"position\":2,\"name\":\"Sando offers a course on work risk prevention and grants the annual awards for security and health\"}]},{\"@type\":\"WebSite\",\"@id\":\"https:\\\/\\\/www.sando.com\\\/en#website\",\"url\":\"https:\\\/\\\/www.sando.com\\\/en\",\"name\":\"Sando\",\"description\":\"\",\"publisher\":{\"@id\":\"https:\\\/\\\/www.sando.com\\\/en#organization\"},\"potentialAction\":[{\"@type\":\"SearchAction\",\"target\":{\"@type\":\"EntryPoint\",\"urlTemplate\":\"https:\\\/\\\/www.sando.com\\\/en?s={search_term_string}\"},\"query-input\":{\"@type\":\"PropertyValueSpecification\",\"valueRequired\":true,\"valueName\":\"search_term_string\"}}],\"inLanguage\":\"en-US\"},{\"@type\":\"Organization\",\"@id\":\"https:\\\/\\\/www.sando.com\\\/en#organization\",\"name\":\"Sando\",\"url\":\"https:\\\/\\\/www.sando.com\\\/en\",\"logo\":{\"@type\":\"ImageObject\",\"inLanguage\":\"en-US\",\"@id\":\"https:\\\/\\\/www.sando.com\\\/en#\\\/schema\\\/logo\\\/image\\\/\",\"url\":\"\",\"contentUrl\":\"\",\"caption\":\"Sando\"},\"image\":{\"@id\":\"https:\\\/\\\/www.sando.com\\\/en#\\\/schema\\\/logo\\\/image\\\/\"}},{\"@type\":\"Person\",\"@id\":\"https:\\\/\\\/www.sando.com\\\/en#\\\/schema\\\/person\\\/632d5c2fe5027989411732e84a37e6c1\",\"name\":\"Juanje Juanje\",\"image\":{\"@type\":\"ImageObject\",\"inLanguage\":\"en-US\",\"@id\":\"https:\\\/\\\/secure.gravatar.com\\\/avatar\\\/c3e6022bd9f917c76ed8e8b6871d1ffbb4e91e491e7ef61fe483473b62660729?s=96&d=mm&r=g\",\"url\":\"https:\\\/\\\/secure.gravatar.com\\\/avatar\\\/c3e6022bd9f917c76ed8e8b6871d1ffbb4e91e491e7ef61fe483473b62660729?s=96&d=mm&r=g\",\"contentUrl\":\"https:\\\/\\\/secure.gravatar.com\\\/avatar\\\/c3e6022bd9f917c76ed8e8b6871d1ffbb4e91e491e7ef61fe483473b62660729?s=96&d=mm&r=g\",\"caption\":\"Juanje Juanje\"}}]}<\/script>\n<!-- \/ Yoast SEO plugin. -->","yoast_head_json":{"title":"Jornada de Prevenci\u00f3n y Premios de Seguridad en Sando","description":"Sando promueve la seguridad laboral con una jornada de prevenci\u00f3n y la entrega de premios anuales. Conoce nuestras iniciativas y logros.","robots":{"index":"index","follow":"follow","max-snippet":"max-snippet:-1","max-image-preview":"max-image-preview:large","max-video-preview":"max-video-preview:-1"},"canonical":"https:\/\/www.sando.com\/en\/actualidad\/sando-offers-a-course-on-work-risk-prevention-and-grants-the-annual-awards-for-security-and-health","og_locale":"en_US","og_type":"article","og_title":"Jornada de Prevenci\u00f3n y Premios de Seguridad en Sando","og_description":"Sando promueve la seguridad laboral con una jornada de prevenci\u00f3n y la entrega de premios anuales. Conoce nuestras iniciativas y logros.","og_url":"https:\/\/www.sando.com\/en\/actualidad\/sando-offers-a-course-on-work-risk-prevention-and-grants-the-annual-awards-for-security-and-health","og_site_name":"Sando","article_published_time":"2007-10-16T00:00:00+00:00","article_modified_time":"2024-10-29T10:37:25+00:00","author":"Juanje Juanje","twitter_card":"summary_large_image","twitter_misc":{"Written by":"Juanje Juanje","Est. reading time":"4 minutes"},"schema":{"@context":"https:\/\/schema.org","@graph":[{"@type":"Article","@id":"https:\/\/www.sando.com\/en\/actualidad\/sando-offers-a-course-on-work-risk-prevention-and-grants-the-annual-awards-for-security-and-health#article","isPartOf":{"@id":"https:\/\/www.sando.com\/en\/actualidad\/sando-offers-a-course-on-work-risk-prevention-and-grants-the-annual-awards-for-security-and-health"},"author":{"name":"Juanje Juanje","@id":"https:\/\/www.sando.com\/en#\/schema\/person\/632d5c2fe5027989411732e84a37e6c1"},"headline":"Sando offers a course on work risk prevention and grants the annual awards for security and health","datePublished":"2007-10-16T00:00:00+00:00","dateModified":"2024-10-29T10:37:25+00:00","mainEntityOfPage":{"@id":"https:\/\/www.sando.com\/en\/actualidad\/sando-offers-a-course-on-work-risk-prevention-and-grants-the-annual-awards-for-security-and-health"},"wordCount":738,"publisher":{"@id":"https:\/\/www.sando.com\/en#organization"},"articleSection":["Communication_Press releases","Press releases (NOT)"],"inLanguage":"en-US"},{"@type":"WebPage","@id":"https:\/\/www.sando.com\/en\/actualidad\/sando-offers-a-course-on-work-risk-prevention-and-grants-the-annual-awards-for-security-and-health","url":"https:\/\/www.sando.com\/en\/actualidad\/sando-offers-a-course-on-work-risk-prevention-and-grants-the-annual-awards-for-security-and-health","name":"Jornada de Prevenci\u00f3n y Premios de Seguridad en Sando","isPartOf":{"@id":"https:\/\/www.sando.com\/en#website"},"datePublished":"2007-10-16T00:00:00+00:00","dateModified":"2024-10-29T10:37:25+00:00","description":"Sando promueve la seguridad laboral con una jornada de prevenci\u00f3n y la entrega de premios anuales. Conoce nuestras iniciativas y logros.","breadcrumb":{"@id":"https:\/\/www.sando.com\/en\/actualidad\/sando-offers-a-course-on-work-risk-prevention-and-grants-the-annual-awards-for-security-and-health#breadcrumb"},"inLanguage":"en-US","potentialAction":[{"@type":"ReadAction","target":["https:\/\/www.sando.com\/en\/actualidad\/sando-offers-a-course-on-work-risk-prevention-and-grants-the-annual-awards-for-security-and-health"]}]},{"@type":"BreadcrumbList","@id":"https:\/\/www.sando.com\/en\/actualidad\/sando-offers-a-course-on-work-risk-prevention-and-grants-the-annual-awards-for-security-and-health#breadcrumb","itemListElement":[{"@type":"ListItem","position":1,"name":"Portada","item":"https:\/\/www.sando.com\/en"},{"@type":"ListItem","position":2,"name":"Sando offers a course on work risk prevention and grants the annual awards for security and health"}]},{"@type":"WebSite","@id":"https:\/\/www.sando.com\/en#website","url":"https:\/\/www.sando.com\/en","name":"Sando","description":"","publisher":{"@id":"https:\/\/www.sando.com\/en#organization"},"potentialAction":[{"@type":"SearchAction","target":{"@type":"EntryPoint","urlTemplate":"https:\/\/www.sando.com\/en?s={search_term_string}"},"query-input":{"@type":"PropertyValueSpecification","valueRequired":true,"valueName":"search_term_string"}}],"inLanguage":"en-US"},{"@type":"Organization","@id":"https:\/\/www.sando.com\/en#organization","name":"Sando","url":"https:\/\/www.sando.com\/en","logo":{"@type":"ImageObject","inLanguage":"en-US","@id":"https:\/\/www.sando.com\/en#\/schema\/logo\/image\/","url":"","contentUrl":"","caption":"Sando"},"image":{"@id":"https:\/\/www.sando.com\/en#\/schema\/logo\/image\/"}},{"@type":"Person","@id":"https:\/\/www.sando.com\/en#\/schema\/person\/632d5c2fe5027989411732e84a37e6c1","name":"Juanje Juanje","image":{"@type":"ImageObject","inLanguage":"en-US","@id":"https:\/\/secure.gravatar.com\/avatar\/c3e6022bd9f917c76ed8e8b6871d1ffbb4e91e491e7ef61fe483473b62660729?s=96&d=mm&r=g","url":"https:\/\/secure.gravatar.com\/avatar\/c3e6022bd9f917c76ed8e8b6871d1ffbb4e91e491e7ef61fe483473b62660729?s=96&d=mm&r=g","contentUrl":"https:\/\/secure.gravatar.com\/avatar\/c3e6022bd9f917c76ed8e8b6871d1ffbb4e91e491e7ef61fe483473b62660729?s=96&d=mm&r=g","caption":"Juanje Juanje"}}]}},"_links":{"self":[{"href":"https:\/\/www.sando.com\/en\/wp-json\/wp\/v2\/posts\/20611","targetHints":{"allow":["GET"]}}],"collection":[{"href":"https:\/\/www.sando.com\/en\/wp-json\/wp\/v2\/posts"}],"about":[{"href":"https:\/\/www.sando.com\/en\/wp-json\/wp\/v2\/types\/post"}],"author":[{"embeddable":true,"href":"https:\/\/www.sando.com\/en\/wp-json\/wp\/v2\/users\/2"}],"replies":[{"embeddable":true,"href":"https:\/\/www.sando.com\/en\/wp-json\/wp\/v2\/comments?post=20611"}],"version-history":[{"count":0,"href":"https:\/\/www.sando.com\/en\/wp-json\/wp\/v2\/posts\/20611\/revisions"}],"wp:attachment":[{"href":"https:\/\/www.sando.com\/en\/wp-json\/wp\/v2\/media?parent=20611"}],"wp:term":[{"taxonomy":"category","embeddable":true,"href":"https:\/\/www.sando.com\/en\/wp-json\/wp\/v2\/categories?post=20611"},{"taxonomy":"post_tag","embeddable":true,"href":"https:\/\/www.sando.com\/en\/wp-json\/wp\/v2\/tags?post=20611"},{"taxonomy":"tax_brand","embeddable":true,"href":"https:\/\/www.sando.com\/en\/wp-json\/wp\/v2\/tax_brand?post=20611"},{"taxonomy":"tax_services","embeddable":true,"href":"https:\/\/www.sando.com\/en\/wp-json\/wp\/v2\/tax_services?post=20611"},{"taxonomy":"tax_location","embeddable":true,"href":"https:\/\/www.sando.com\/en\/wp-json\/wp\/v2\/tax_location?post=20611"}],"curies":[{"name":"wp","href":"https:\/\/api.w.org\/{rel}","templated":true}]}}