{"id":20806,"date":"2004-12-14T00:00:00","date_gmt":"2004-12-14T00:00:00","guid":{"rendered":"https:\/\/sando.com\/actualidad\/sando-and-vera-will-carry-out-the-work-of-the-last-phase-of-la-rosaleda"},"modified":"2024-10-29T10:36:59","modified_gmt":"2024-10-29T10:36:59","slug":"sando-and-vera-will-carry-out-the-work-of-the-last-phase-of-la-rosaleda","status":"publish","type":"post","link":"https:\/\/www.sando.com\/en\/actualidad\/sando-and-vera-will-carry-out-the-work-of-the-last-phase-of-la-rosaleda","title":{"rendered":"Sando and Vera will carry out the work of the last phase of La Rosaleda."},"content":{"rendered":"<p>The project plans to reconstruct the stand, to replace the grass and to improve the urban planning of the exterior.<br \/>\nIt has a budget of \u20ac13 million.<\/p>\n<p>Download file<\/p>\n<p style=\"text-align: left;\">\n<p>&nbsp;<\/p>\n<div class=\"avia-button-wrap avia-button-center avia-builder-el-47 el_after_av_button avia-builder-el-last \"><a class=\"avia-button av-icon-on-hover avia-icon_select-yes-right-icon avia-color-custom avia-size-large avia-position-center \" style=\"background-color: #006918; border-color: #004576; color: #ffffff;\" href=\"..\/press-releases\/\"><span class=\"avia_iconbox_title\">Return to Press releases<\/span><\/a><\/div>\n","protected":false},"excerpt":{"rendered":"The project plans to reconstruct the stand, to replace the grass and to improve the urban planning of the exterior.\nIt has a budget of \u20ac13 million.","protected":false},"author":2,"featured_media":0,"comment_status":"closed","ping_status":"closed","sticky":false,"template":"","format":"standard","meta":{"_acf_changed":false,"footnotes":""},"categories":[1057,1334],"tags":[],"tax_brand":[],"tax_services":[],"tax_location":[],"class_list":["post-20806","post","type-post","status-publish","format-standard","hentry","category-communication_press-releases","category-press-releases-communication_press-releases"],"acf":[],"yoast_head":"<!-- This site is optimized with the Yoast SEO plugin v27.4 - https:\/\/yoast.com\/product\/yoast-seo-wordpress\/ -->\n<title>\u00daltima Fase de La Rosaleda: Obras de Sando y Vera<\/title>\n<meta name=\"description\" content=\"Descubre c\u00f3mo Sando y Vera llevar\u00e1n a cabo la \u00faltima fase de La Rosaleda, un proyecto que transformar\u00e1 la zona con calidad y compromiso.\" \/>\n<meta name=\"robots\" content=\"index, follow, max-snippet:-1, max-image-preview:large, max-video-preview:-1\" \/>\n<link rel=\"canonical\" href=\"https:\/\/www.sando.com\/en\/actualidad\/sando-and-vera-will-carry-out-the-work-of-the-last-phase-of-la-rosaleda\" \/>\n<meta property=\"og:locale\" content=\"en_US\" \/>\n<meta property=\"og:type\" content=\"article\" \/>\n<meta property=\"og:title\" content=\"\u00daltima Fase de La Rosaleda: Obras de Sando y Vera\" \/>\n<meta property=\"og:description\" content=\"Descubre c\u00f3mo Sando y Vera llevar\u00e1n a cabo la \u00faltima fase de La Rosaleda, un proyecto que transformar\u00e1 la zona con calidad y compromiso.\" \/>\n<meta property=\"og:url\" content=\"https:\/\/www.sando.com\/en\/actualidad\/sando-and-vera-will-carry-out-the-work-of-the-last-phase-of-la-rosaleda\" \/>\n<meta property=\"og:site_name\" content=\"Sando\" \/>\n<meta property=\"article:published_time\" content=\"2004-12-14T00:00:00+00:00\" \/>\n<meta property=\"article:modified_time\" content=\"2024-10-29T10:36:59+00:00\" \/>\n<meta name=\"author\" content=\"Juanje Juanje\" \/>\n<meta name=\"twitter:card\" content=\"summary_large_image\" \/>\n<meta name=\"twitter:label1\" content=\"Written by\" \/>\n\t<meta name=\"twitter:data1\" content=\"Juanje Juanje\" \/>\n\t<meta name=\"twitter:label2\" content=\"Est. reading time\" \/>\n\t<meta name=\"twitter:data2\" content=\"1 minute\" \/>\n<script type=\"application\/ld+json\" class=\"yoast-schema-graph\">{\"@context\":\"https:\\\/\\\/schema.org\",\"@graph\":[{\"@type\":\"Article\",\"@id\":\"https:\\\/\\\/www.sando.com\\\/en\\\/actualidad\\\/sando-and-vera-will-carry-out-the-work-of-the-last-phase-of-la-rosaleda#article\",\"isPartOf\":{\"@id\":\"https:\\\/\\\/www.sando.com\\\/en\\\/actualidad\\\/sando-and-vera-will-carry-out-the-work-of-the-last-phase-of-la-rosaleda\"},\"author\":{\"name\":\"Juanje Juanje\",\"@id\":\"https:\\\/\\\/www.sando.com\\\/en#\\\/schema\\\/person\\\/632d5c2fe5027989411732e84a37e6c1\"},\"headline\":\"Sando and Vera will carry out the work of the last phase of La Rosaleda.\",\"datePublished\":\"2004-12-14T00:00:00+00:00\",\"dateModified\":\"2024-10-29T10:36:59+00:00\",\"mainEntityOfPage\":{\"@id\":\"https:\\\/\\\/www.sando.com\\\/en\\\/actualidad\\\/sando-and-vera-will-carry-out-the-work-of-the-last-phase-of-la-rosaleda\"},\"wordCount\":48,\"publisher\":{\"@id\":\"https:\\\/\\\/www.sando.com\\\/en#organization\"},\"articleSection\":[\"Communication_Press releases\",\"Press releases (NOT)\"],\"inLanguage\":\"en-US\"},{\"@type\":\"WebPage\",\"@id\":\"https:\\\/\\\/www.sando.com\\\/en\\\/actualidad\\\/sando-and-vera-will-carry-out-the-work-of-the-last-phase-of-la-rosaleda\",\"url\":\"https:\\\/\\\/www.sando.com\\\/en\\\/actualidad\\\/sando-and-vera-will-carry-out-the-work-of-the-last-phase-of-la-rosaleda\",\"name\":\"\u00daltima Fase de La Rosaleda: Obras de Sando y Vera\",\"isPartOf\":{\"@id\":\"https:\\\/\\\/www.sando.com\\\/en#website\"},\"datePublished\":\"2004-12-14T00:00:00+00:00\",\"dateModified\":\"2024-10-29T10:36:59+00:00\",\"description\":\"Descubre c\u00f3mo Sando y Vera llevar\u00e1n a cabo la \u00faltima fase de La Rosaleda, un proyecto que transformar\u00e1 la zona con calidad y compromiso.\",\"breadcrumb\":{\"@id\":\"https:\\\/\\\/www.sando.com\\\/en\\\/actualidad\\\/sando-and-vera-will-carry-out-the-work-of-the-last-phase-of-la-rosaleda#breadcrumb\"},\"inLanguage\":\"en-US\",\"potentialAction\":[{\"@type\":\"ReadAction\",\"target\":[\"https:\\\/\\\/www.sando.com\\\/en\\\/actualidad\\\/sando-and-vera-will-carry-out-the-work-of-the-last-phase-of-la-rosaleda\"]}]},{\"@type\":\"BreadcrumbList\",\"@id\":\"https:\\\/\\\/www.sando.com\\\/en\\\/actualidad\\\/sando-and-vera-will-carry-out-the-work-of-the-last-phase-of-la-rosaleda#breadcrumb\",\"itemListElement\":[{\"@type\":\"ListItem\",\"position\":1,\"name\":\"Portada\",\"item\":\"https:\\\/\\\/www.sando.com\\\/en\"},{\"@type\":\"ListItem\",\"position\":2,\"name\":\"Sando and Vera will carry out the work of the last phase of La Rosaleda.\"}]},{\"@type\":\"WebSite\",\"@id\":\"https:\\\/\\\/www.sando.com\\\/en#website\",\"url\":\"https:\\\/\\\/www.sando.com\\\/en\",\"name\":\"Sando\",\"description\":\"\",\"publisher\":{\"@id\":\"https:\\\/\\\/www.sando.com\\\/en#organization\"},\"potentialAction\":[{\"@type\":\"SearchAction\",\"target\":{\"@type\":\"EntryPoint\",\"urlTemplate\":\"https:\\\/\\\/www.sando.com\\\/en?s={search_term_string}\"},\"query-input\":{\"@type\":\"PropertyValueSpecification\",\"valueRequired\":true,\"valueName\":\"search_term_string\"}}],\"inLanguage\":\"en-US\"},{\"@type\":\"Organization\",\"@id\":\"https:\\\/\\\/www.sando.com\\\/en#organization\",\"name\":\"Sando\",\"url\":\"https:\\\/\\\/www.sando.com\\\/en\",\"logo\":{\"@type\":\"ImageObject\",\"inLanguage\":\"en-US\",\"@id\":\"https:\\\/\\\/www.sando.com\\\/en#\\\/schema\\\/logo\\\/image\\\/\",\"url\":\"\",\"contentUrl\":\"\",\"caption\":\"Sando\"},\"image\":{\"@id\":\"https:\\\/\\\/www.sando.com\\\/en#\\\/schema\\\/logo\\\/image\\\/\"}},{\"@type\":\"Person\",\"@id\":\"https:\\\/\\\/www.sando.com\\\/en#\\\/schema\\\/person\\\/632d5c2fe5027989411732e84a37e6c1\",\"name\":\"Juanje Juanje\",\"image\":{\"@type\":\"ImageObject\",\"inLanguage\":\"en-US\",\"@id\":\"https:\\\/\\\/secure.gravatar.com\\\/avatar\\\/c3e6022bd9f917c76ed8e8b6871d1ffbb4e91e491e7ef61fe483473b62660729?s=96&d=mm&r=g\",\"url\":\"https:\\\/\\\/secure.gravatar.com\\\/avatar\\\/c3e6022bd9f917c76ed8e8b6871d1ffbb4e91e491e7ef61fe483473b62660729?s=96&d=mm&r=g\",\"contentUrl\":\"https:\\\/\\\/secure.gravatar.com\\\/avatar\\\/c3e6022bd9f917c76ed8e8b6871d1ffbb4e91e491e7ef61fe483473b62660729?s=96&d=mm&r=g\",\"caption\":\"Juanje Juanje\"}}]}<\/script>\n<!-- \/ Yoast SEO plugin. -->","yoast_head_json":{"title":"\u00daltima Fase de La Rosaleda: Obras de Sando y Vera","description":"Descubre c\u00f3mo Sando y Vera llevar\u00e1n a cabo la \u00faltima fase de La Rosaleda, un proyecto que transformar\u00e1 la zona con calidad y compromiso.","robots":{"index":"index","follow":"follow","max-snippet":"max-snippet:-1","max-image-preview":"max-image-preview:large","max-video-preview":"max-video-preview:-1"},"canonical":"https:\/\/www.sando.com\/en\/actualidad\/sando-and-vera-will-carry-out-the-work-of-the-last-phase-of-la-rosaleda","og_locale":"en_US","og_type":"article","og_title":"\u00daltima Fase de La Rosaleda: Obras de Sando y Vera","og_description":"Descubre c\u00f3mo Sando y Vera llevar\u00e1n a cabo la \u00faltima fase de La Rosaleda, un proyecto que transformar\u00e1 la zona con calidad y compromiso.","og_url":"https:\/\/www.sando.com\/en\/actualidad\/sando-and-vera-will-carry-out-the-work-of-the-last-phase-of-la-rosaleda","og_site_name":"Sando","article_published_time":"2004-12-14T00:00:00+00:00","article_modified_time":"2024-10-29T10:36:59+00:00","author":"Juanje Juanje","twitter_card":"summary_large_image","twitter_misc":{"Written by":"Juanje Juanje","Est. reading time":"1 minute"},"schema":{"@context":"https:\/\/schema.org","@graph":[{"@type":"Article","@id":"https:\/\/www.sando.com\/en\/actualidad\/sando-and-vera-will-carry-out-the-work-of-the-last-phase-of-la-rosaleda#article","isPartOf":{"@id":"https:\/\/www.sando.com\/en\/actualidad\/sando-and-vera-will-carry-out-the-work-of-the-last-phase-of-la-rosaleda"},"author":{"name":"Juanje Juanje","@id":"https:\/\/www.sando.com\/en#\/schema\/person\/632d5c2fe5027989411732e84a37e6c1"},"headline":"Sando and Vera will carry out the work of the last phase of La Rosaleda.","datePublished":"2004-12-14T00:00:00+00:00","dateModified":"2024-10-29T10:36:59+00:00","mainEntityOfPage":{"@id":"https:\/\/www.sando.com\/en\/actualidad\/sando-and-vera-will-carry-out-the-work-of-the-last-phase-of-la-rosaleda"},"wordCount":48,"publisher":{"@id":"https:\/\/www.sando.com\/en#organization"},"articleSection":["Communication_Press releases","Press releases (NOT)"],"inLanguage":"en-US"},{"@type":"WebPage","@id":"https:\/\/www.sando.com\/en\/actualidad\/sando-and-vera-will-carry-out-the-work-of-the-last-phase-of-la-rosaleda","url":"https:\/\/www.sando.com\/en\/actualidad\/sando-and-vera-will-carry-out-the-work-of-the-last-phase-of-la-rosaleda","name":"\u00daltima Fase de La Rosaleda: Obras de Sando y Vera","isPartOf":{"@id":"https:\/\/www.sando.com\/en#website"},"datePublished":"2004-12-14T00:00:00+00:00","dateModified":"2024-10-29T10:36:59+00:00","description":"Descubre c\u00f3mo Sando y Vera llevar\u00e1n a cabo la \u00faltima fase de La Rosaleda, un proyecto que transformar\u00e1 la zona con calidad y compromiso.","breadcrumb":{"@id":"https:\/\/www.sando.com\/en\/actualidad\/sando-and-vera-will-carry-out-the-work-of-the-last-phase-of-la-rosaleda#breadcrumb"},"inLanguage":"en-US","potentialAction":[{"@type":"ReadAction","target":["https:\/\/www.sando.com\/en\/actualidad\/sando-and-vera-will-carry-out-the-work-of-the-last-phase-of-la-rosaleda"]}]},{"@type":"BreadcrumbList","@id":"https:\/\/www.sando.com\/en\/actualidad\/sando-and-vera-will-carry-out-the-work-of-the-last-phase-of-la-rosaleda#breadcrumb","itemListElement":[{"@type":"ListItem","position":1,"name":"Portada","item":"https:\/\/www.sando.com\/en"},{"@type":"ListItem","position":2,"name":"Sando and Vera will carry out the work of the last phase of La Rosaleda."}]},{"@type":"WebSite","@id":"https:\/\/www.sando.com\/en#website","url":"https:\/\/www.sando.com\/en","name":"Sando","description":"","publisher":{"@id":"https:\/\/www.sando.com\/en#organization"},"potentialAction":[{"@type":"SearchAction","target":{"@type":"EntryPoint","urlTemplate":"https:\/\/www.sando.com\/en?s={search_term_string}"},"query-input":{"@type":"PropertyValueSpecification","valueRequired":true,"valueName":"search_term_string"}}],"inLanguage":"en-US"},{"@type":"Organization","@id":"https:\/\/www.sando.com\/en#organization","name":"Sando","url":"https:\/\/www.sando.com\/en","logo":{"@type":"ImageObject","inLanguage":"en-US","@id":"https:\/\/www.sando.com\/en#\/schema\/logo\/image\/","url":"","contentUrl":"","caption":"Sando"},"image":{"@id":"https:\/\/www.sando.com\/en#\/schema\/logo\/image\/"}},{"@type":"Person","@id":"https:\/\/www.sando.com\/en#\/schema\/person\/632d5c2fe5027989411732e84a37e6c1","name":"Juanje Juanje","image":{"@type":"ImageObject","inLanguage":"en-US","@id":"https:\/\/secure.gravatar.com\/avatar\/c3e6022bd9f917c76ed8e8b6871d1ffbb4e91e491e7ef61fe483473b62660729?s=96&d=mm&r=g","url":"https:\/\/secure.gravatar.com\/avatar\/c3e6022bd9f917c76ed8e8b6871d1ffbb4e91e491e7ef61fe483473b62660729?s=96&d=mm&r=g","contentUrl":"https:\/\/secure.gravatar.com\/avatar\/c3e6022bd9f917c76ed8e8b6871d1ffbb4e91e491e7ef61fe483473b62660729?s=96&d=mm&r=g","caption":"Juanje Juanje"}}]}},"_links":{"self":[{"href":"https:\/\/www.sando.com\/en\/wp-json\/wp\/v2\/posts\/20806","targetHints":{"allow":["GET"]}}],"collection":[{"href":"https:\/\/www.sando.com\/en\/wp-json\/wp\/v2\/posts"}],"about":[{"href":"https:\/\/www.sando.com\/en\/wp-json\/wp\/v2\/types\/post"}],"author":[{"embeddable":true,"href":"https:\/\/www.sando.com\/en\/wp-json\/wp\/v2\/users\/2"}],"replies":[{"embeddable":true,"href":"https:\/\/www.sando.com\/en\/wp-json\/wp\/v2\/comments?post=20806"}],"version-history":[{"count":0,"href":"https:\/\/www.sando.com\/en\/wp-json\/wp\/v2\/posts\/20806\/revisions"}],"wp:attachment":[{"href":"https:\/\/www.sando.com\/en\/wp-json\/wp\/v2\/media?parent=20806"}],"wp:term":[{"taxonomy":"category","embeddable":true,"href":"https:\/\/www.sando.com\/en\/wp-json\/wp\/v2\/categories?post=20806"},{"taxonomy":"post_tag","embeddable":true,"href":"https:\/\/www.sando.com\/en\/wp-json\/wp\/v2\/tags?post=20806"},{"taxonomy":"tax_brand","embeddable":true,"href":"https:\/\/www.sando.com\/en\/wp-json\/wp\/v2\/tax_brand?post=20806"},{"taxonomy":"tax_services","embeddable":true,"href":"https:\/\/www.sando.com\/en\/wp-json\/wp\/v2\/tax_services?post=20806"},{"taxonomy":"tax_location","embeddable":true,"href":"https:\/\/www.sando.com\/en\/wp-json\/wp\/v2\/tax_location?post=20806"}],"curies":[{"name":"wp","href":"https:\/\/api.w.org\/{rel}","templated":true}]}}