{"id":20897,"date":"2008-07-03T00:00:00","date_gmt":"2008-07-03T00:00:00","guid":{"rendered":"https:\/\/sando.com\/actualidad\/sando-and-the-adecco-foundation-sign-an-agreement-to-promote-the-integration-of-handicapped-persons-into-the-workplace"},"modified":"2024-10-29T10:37:35","modified_gmt":"2024-10-29T10:37:35","slug":"sando-and-the-adecco-foundation-sign-an-agreement-to-promote-the-integration-of-handicapped-people-into-the-workplace","status":"publish","type":"post","link":"https:\/\/www.sando.com\/en\/actualidad\/sando-and-the-adecco-foundation-sign-an-agreement-to-promote-the-integration-of-handicapped-people-into-the-workplace","title":{"rendered":"Sando and the Adecco Foundation  sign an agreement to promote the integration of handicapped people into the workplace"},"content":{"rendered":"<p>Sando will initiate the Family Plan of the Adecco Foundation to help in the social and professional integration of handicapped family members of Sando personnel. <\/p>\n<p>The Sando Fundaci\u00f3n will be orient all of the company\u2019s actions in the area of corporate social responsibility.<br \/>\nSando and the Adecco Foundation reached a partnership agreement this morning to carry out actions to promote the employment of handicapped people within the framework of Sando\u2019s corporate social responsibility policy.  <\/p>\n<p>The agreement will initially carry out the Family Plan to socially benefit the handicapped family members of Sando employees. Through the Adecco Foundation, those people who benefit from the program will have the opportunity to enhance their skills, abilities and competencies in order to successfully join the professional world. This type of action is oriented towards the Sando\u2019s employees and their families, meeting a double objective: to improve the social and professional life of people with disabilities through the support of Sando, raising awareness of company stakeholders in this area; and to promote the loyalty and improve the family life of Sando employees.  <\/p>\n<p>In addition to the Family Plan, the company will also carry out a range of actions designed to promote the social and professional integration of disabled people. To this end, the Adecco Foundation is developing specific plans for companies, identifying and orienting company activities with the social needs of people suffering from disabilities. In pursuit of this goal, Francisco Mesonero, General Director of the Adecco Foundation and Sando Director Esther S\u00e1nchez Manzano, have signed a partnership agreement in order to enhance the Foundation\u2019s actions in this area. <\/p>\n<p>About Sando <\/p>\n<p>SANDO is one of the leading companies in the Spanish construction sector, with projects throughout Spain and in Poland and Hungary. Sando consists of five divisions: Construction, the Environment, <a href=\"\/especialidades\/concesiones\" title=\"Concessions. Public-private partnerships allow us to grow\" target=\"_blank\">Concessions<\/a>, Materials and Supplies and Real Estate. The company had a turnover of 1,033 million Euros in 2007, with assets totalling 316.5 million Euros and over 2,700 employees.  <\/p>\n<p>About the Adecco Foundation <\/p>\n<p>Created in 1999, the Adecco Foundation is the product of the corporate social responsibility policy of Adecco, a world leader in human resources management. The principal objective of the Foundation is to encourage the professional insertion of people who, given their personal characteristics, encounter special difficulties in finding a job.  <\/p>\n<p>The Adecco Foundation carries out programs for the professional integration of:<br \/>\n\tPeople over the age of 45<br \/>\n\tPeople suffering from some type of disability<br \/>\n\tWomen with family responsibilities or victims of domestic violence<br \/>\n\tAthletes<\/p>\n<p><a href=\"\" target=\"_blank\" rel=\"noopener noreferrer\" download=\"\">Download file<\/a><\/p>\n<p style=\"text-align: left;\">\n<p>&nbsp;<\/p>\n<div class=\"avia-button-wrap avia-button-center avia-builder-el-47 el_after_av_button avia-builder-el-last \"><a class=\"avia-button av-icon-on-hover avia-icon_select-yes-right-icon avia-color-custom avia-size-large avia-position-center \" style=\"background-color: #006918; border-color: #004576; color: #ffffff;\" href=\"..\/press-releases\/\"><span class=\"avia_iconbox_title\">Return to Press releases<\/span><\/a><\/div>\n","protected":false},"excerpt":{"rendered":"Sando will initiate the Family Plan of the Adecco Foundation to help in the social and professional integration of handicapped family members of Sando personnel. \n\nThe Sando Fundaci\u00f3n will be orient all of the company\u2019s actions in the area of corporate social responsibility.","protected":false},"author":2,"featured_media":0,"comment_status":"closed","ping_status":"closed","sticky":false,"template":"","format":"standard","meta":{"_acf_changed":false,"footnotes":""},"categories":[1057,1334],"tags":[],"tax_brand":[],"tax_services":[],"tax_location":[],"class_list":["post-20897","post","type-post","status-publish","format-standard","hentry","category-communication_press-releases","category-press-releases-communication_press-releases"],"acf":[],"yoast_head":"<!-- This site is optimized with the Yoast SEO plugin v27.4 - https:\/\/yoast.com\/product\/yoast-seo-wordpress\/ -->\n<title>Acuerdo Sando y Fundaci\u00f3n Adecco: Inclusi\u00f3n Laboral<\/title>\n<meta name=\"description\" content=\"Sando y Fundaci\u00f3n Adecco se unen para impulsar la inclusi\u00f3n laboral de personas con discapacidad, promoviendo oportunidades y diversidad.\" \/>\n<meta name=\"robots\" content=\"index, follow, max-snippet:-1, max-image-preview:large, max-video-preview:-1\" \/>\n<link rel=\"canonical\" href=\"https:\/\/www.sando.com\/en\/actualidad\/sando-and-the-adecco-foundation-sign-an-agreement-to-promote-the-integration-of-handicapped-people-into-the-workplace\" \/>\n<meta property=\"og:locale\" content=\"en_US\" \/>\n<meta property=\"og:type\" content=\"article\" \/>\n<meta property=\"og:title\" content=\"Acuerdo Sando y Fundaci\u00f3n Adecco: Inclusi\u00f3n Laboral\" \/>\n<meta property=\"og:description\" content=\"Sando y Fundaci\u00f3n Adecco se unen para impulsar la inclusi\u00f3n laboral de personas con discapacidad, promoviendo oportunidades y diversidad.\" \/>\n<meta property=\"og:url\" content=\"https:\/\/www.sando.com\/en\/actualidad\/sando-and-the-adecco-foundation-sign-an-agreement-to-promote-the-integration-of-handicapped-people-into-the-workplace\" \/>\n<meta property=\"og:site_name\" content=\"Sando\" \/>\n<meta property=\"article:published_time\" content=\"2008-07-03T00:00:00+00:00\" \/>\n<meta property=\"article:modified_time\" content=\"2024-10-29T10:37:35+00:00\" \/>\n<meta name=\"author\" content=\"Juanje Juanje\" \/>\n<meta name=\"twitter:card\" content=\"summary_large_image\" \/>\n<meta name=\"twitter:label1\" content=\"Written by\" \/>\n\t<meta name=\"twitter:data1\" content=\"Juanje Juanje\" \/>\n<script type=\"application\/ld+json\" class=\"yoast-schema-graph\">{\"@context\":\"https:\\\/\\\/schema.org\",\"@graph\":[{\"@type\":\"Article\",\"@id\":\"https:\\\/\\\/www.sando.com\\\/en\\\/actualidad\\\/sando-and-the-adecco-foundation-sign-an-agreement-to-promote-the-integration-of-handicapped-people-into-the-workplace#article\",\"isPartOf\":{\"@id\":\"https:\\\/\\\/www.sando.com\\\/en\\\/actualidad\\\/sando-and-the-adecco-foundation-sign-an-agreement-to-promote-the-integration-of-handicapped-people-into-the-workplace\"},\"author\":{\"name\":\"Juanje Juanje\",\"@id\":\"https:\\\/\\\/www.sando.com\\\/en#\\\/schema\\\/person\\\/632d5c2fe5027989411732e84a37e6c1\"},\"headline\":\"Sando and the Adecco Foundation sign an agreement to promote the integration of handicapped people into the workplace\",\"datePublished\":\"2008-07-03T00:00:00+00:00\",\"dateModified\":\"2024-10-29T10:37:35+00:00\",\"mainEntityOfPage\":{\"@id\":\"https:\\\/\\\/www.sando.com\\\/en\\\/actualidad\\\/sando-and-the-adecco-foundation-sign-an-agreement-to-promote-the-integration-of-handicapped-people-into-the-workplace\"},\"wordCount\":440,\"publisher\":{\"@id\":\"https:\\\/\\\/www.sando.com\\\/en#organization\"},\"articleSection\":[\"Communication_Press releases\",\"Press releases (NOT)\"],\"inLanguage\":\"en-US\"},{\"@type\":\"WebPage\",\"@id\":\"https:\\\/\\\/www.sando.com\\\/en\\\/actualidad\\\/sando-and-the-adecco-foundation-sign-an-agreement-to-promote-the-integration-of-handicapped-people-into-the-workplace\",\"url\":\"https:\\\/\\\/www.sando.com\\\/en\\\/actualidad\\\/sando-and-the-adecco-foundation-sign-an-agreement-to-promote-the-integration-of-handicapped-people-into-the-workplace\",\"name\":\"Acuerdo Sando y Fundaci\u00f3n Adecco: Inclusi\u00f3n Laboral\",\"isPartOf\":{\"@id\":\"https:\\\/\\\/www.sando.com\\\/en#website\"},\"datePublished\":\"2008-07-03T00:00:00+00:00\",\"dateModified\":\"2024-10-29T10:37:35+00:00\",\"description\":\"Sando y Fundaci\u00f3n Adecco se unen para impulsar la inclusi\u00f3n laboral de personas con discapacidad, promoviendo oportunidades y diversidad.\",\"breadcrumb\":{\"@id\":\"https:\\\/\\\/www.sando.com\\\/en\\\/actualidad\\\/sando-and-the-adecco-foundation-sign-an-agreement-to-promote-the-integration-of-handicapped-people-into-the-workplace#breadcrumb\"},\"inLanguage\":\"en-US\",\"potentialAction\":[{\"@type\":\"ReadAction\",\"target\":[\"https:\\\/\\\/www.sando.com\\\/en\\\/actualidad\\\/sando-and-the-adecco-foundation-sign-an-agreement-to-promote-the-integration-of-handicapped-people-into-the-workplace\"]}]},{\"@type\":\"BreadcrumbList\",\"@id\":\"https:\\\/\\\/www.sando.com\\\/en\\\/actualidad\\\/sando-and-the-adecco-foundation-sign-an-agreement-to-promote-the-integration-of-handicapped-people-into-the-workplace#breadcrumb\",\"itemListElement\":[{\"@type\":\"ListItem\",\"position\":1,\"name\":\"Portada\",\"item\":\"https:\\\/\\\/www.sando.com\\\/en\"},{\"@type\":\"ListItem\",\"position\":2,\"name\":\"Sando and the Adecco Foundation sign an agreement to promote the integration of handicapped people into the workplace\"}]},{\"@type\":\"WebSite\",\"@id\":\"https:\\\/\\\/www.sando.com\\\/en#website\",\"url\":\"https:\\\/\\\/www.sando.com\\\/en\",\"name\":\"Sando\",\"description\":\"\",\"publisher\":{\"@id\":\"https:\\\/\\\/www.sando.com\\\/en#organization\"},\"potentialAction\":[{\"@type\":\"SearchAction\",\"target\":{\"@type\":\"EntryPoint\",\"urlTemplate\":\"https:\\\/\\\/www.sando.com\\\/en?s={search_term_string}\"},\"query-input\":{\"@type\":\"PropertyValueSpecification\",\"valueRequired\":true,\"valueName\":\"search_term_string\"}}],\"inLanguage\":\"en-US\"},{\"@type\":\"Organization\",\"@id\":\"https:\\\/\\\/www.sando.com\\\/en#organization\",\"name\":\"Sando\",\"url\":\"https:\\\/\\\/www.sando.com\\\/en\",\"logo\":{\"@type\":\"ImageObject\",\"inLanguage\":\"en-US\",\"@id\":\"https:\\\/\\\/www.sando.com\\\/en#\\\/schema\\\/logo\\\/image\\\/\",\"url\":\"\",\"contentUrl\":\"\",\"caption\":\"Sando\"},\"image\":{\"@id\":\"https:\\\/\\\/www.sando.com\\\/en#\\\/schema\\\/logo\\\/image\\\/\"}},{\"@type\":\"Person\",\"@id\":\"https:\\\/\\\/www.sando.com\\\/en#\\\/schema\\\/person\\\/632d5c2fe5027989411732e84a37e6c1\",\"name\":\"Juanje Juanje\",\"image\":{\"@type\":\"ImageObject\",\"inLanguage\":\"en-US\",\"@id\":\"https:\\\/\\\/secure.gravatar.com\\\/avatar\\\/c3e6022bd9f917c76ed8e8b6871d1ffbb4e91e491e7ef61fe483473b62660729?s=96&d=mm&r=g\",\"url\":\"https:\\\/\\\/secure.gravatar.com\\\/avatar\\\/c3e6022bd9f917c76ed8e8b6871d1ffbb4e91e491e7ef61fe483473b62660729?s=96&d=mm&r=g\",\"contentUrl\":\"https:\\\/\\\/secure.gravatar.com\\\/avatar\\\/c3e6022bd9f917c76ed8e8b6871d1ffbb4e91e491e7ef61fe483473b62660729?s=96&d=mm&r=g\",\"caption\":\"Juanje Juanje\"}}]}<\/script>\n<!-- \/ Yoast SEO plugin. -->","yoast_head_json":{"title":"Acuerdo Sando y Fundaci\u00f3n Adecco: Inclusi\u00f3n Laboral","description":"Sando y Fundaci\u00f3n Adecco se unen para impulsar la inclusi\u00f3n laboral de personas con discapacidad, promoviendo oportunidades y diversidad.","robots":{"index":"index","follow":"follow","max-snippet":"max-snippet:-1","max-image-preview":"max-image-preview:large","max-video-preview":"max-video-preview:-1"},"canonical":"https:\/\/www.sando.com\/en\/actualidad\/sando-and-the-adecco-foundation-sign-an-agreement-to-promote-the-integration-of-handicapped-people-into-the-workplace","og_locale":"en_US","og_type":"article","og_title":"Acuerdo Sando y Fundaci\u00f3n Adecco: Inclusi\u00f3n Laboral","og_description":"Sando y Fundaci\u00f3n Adecco se unen para impulsar la inclusi\u00f3n laboral de personas con discapacidad, promoviendo oportunidades y diversidad.","og_url":"https:\/\/www.sando.com\/en\/actualidad\/sando-and-the-adecco-foundation-sign-an-agreement-to-promote-the-integration-of-handicapped-people-into-the-workplace","og_site_name":"Sando","article_published_time":"2008-07-03T00:00:00+00:00","article_modified_time":"2024-10-29T10:37:35+00:00","author":"Juanje Juanje","twitter_card":"summary_large_image","twitter_misc":{"Written by":"Juanje Juanje"},"schema":{"@context":"https:\/\/schema.org","@graph":[{"@type":"Article","@id":"https:\/\/www.sando.com\/en\/actualidad\/sando-and-the-adecco-foundation-sign-an-agreement-to-promote-the-integration-of-handicapped-people-into-the-workplace#article","isPartOf":{"@id":"https:\/\/www.sando.com\/en\/actualidad\/sando-and-the-adecco-foundation-sign-an-agreement-to-promote-the-integration-of-handicapped-people-into-the-workplace"},"author":{"name":"Juanje Juanje","@id":"https:\/\/www.sando.com\/en#\/schema\/person\/632d5c2fe5027989411732e84a37e6c1"},"headline":"Sando and the Adecco Foundation sign an agreement to promote the integration of handicapped people into the workplace","datePublished":"2008-07-03T00:00:00+00:00","dateModified":"2024-10-29T10:37:35+00:00","mainEntityOfPage":{"@id":"https:\/\/www.sando.com\/en\/actualidad\/sando-and-the-adecco-foundation-sign-an-agreement-to-promote-the-integration-of-handicapped-people-into-the-workplace"},"wordCount":440,"publisher":{"@id":"https:\/\/www.sando.com\/en#organization"},"articleSection":["Communication_Press releases","Press releases (NOT)"],"inLanguage":"en-US"},{"@type":"WebPage","@id":"https:\/\/www.sando.com\/en\/actualidad\/sando-and-the-adecco-foundation-sign-an-agreement-to-promote-the-integration-of-handicapped-people-into-the-workplace","url":"https:\/\/www.sando.com\/en\/actualidad\/sando-and-the-adecco-foundation-sign-an-agreement-to-promote-the-integration-of-handicapped-people-into-the-workplace","name":"Acuerdo Sando y Fundaci\u00f3n Adecco: Inclusi\u00f3n Laboral","isPartOf":{"@id":"https:\/\/www.sando.com\/en#website"},"datePublished":"2008-07-03T00:00:00+00:00","dateModified":"2024-10-29T10:37:35+00:00","description":"Sando y Fundaci\u00f3n Adecco se unen para impulsar la inclusi\u00f3n laboral de personas con discapacidad, promoviendo oportunidades y diversidad.","breadcrumb":{"@id":"https:\/\/www.sando.com\/en\/actualidad\/sando-and-the-adecco-foundation-sign-an-agreement-to-promote-the-integration-of-handicapped-people-into-the-workplace#breadcrumb"},"inLanguage":"en-US","potentialAction":[{"@type":"ReadAction","target":["https:\/\/www.sando.com\/en\/actualidad\/sando-and-the-adecco-foundation-sign-an-agreement-to-promote-the-integration-of-handicapped-people-into-the-workplace"]}]},{"@type":"BreadcrumbList","@id":"https:\/\/www.sando.com\/en\/actualidad\/sando-and-the-adecco-foundation-sign-an-agreement-to-promote-the-integration-of-handicapped-people-into-the-workplace#breadcrumb","itemListElement":[{"@type":"ListItem","position":1,"name":"Portada","item":"https:\/\/www.sando.com\/en"},{"@type":"ListItem","position":2,"name":"Sando and the Adecco Foundation sign an agreement to promote the integration of handicapped people into the workplace"}]},{"@type":"WebSite","@id":"https:\/\/www.sando.com\/en#website","url":"https:\/\/www.sando.com\/en","name":"Sando","description":"","publisher":{"@id":"https:\/\/www.sando.com\/en#organization"},"potentialAction":[{"@type":"SearchAction","target":{"@type":"EntryPoint","urlTemplate":"https:\/\/www.sando.com\/en?s={search_term_string}"},"query-input":{"@type":"PropertyValueSpecification","valueRequired":true,"valueName":"search_term_string"}}],"inLanguage":"en-US"},{"@type":"Organization","@id":"https:\/\/www.sando.com\/en#organization","name":"Sando","url":"https:\/\/www.sando.com\/en","logo":{"@type":"ImageObject","inLanguage":"en-US","@id":"https:\/\/www.sando.com\/en#\/schema\/logo\/image\/","url":"","contentUrl":"","caption":"Sando"},"image":{"@id":"https:\/\/www.sando.com\/en#\/schema\/logo\/image\/"}},{"@type":"Person","@id":"https:\/\/www.sando.com\/en#\/schema\/person\/632d5c2fe5027989411732e84a37e6c1","name":"Juanje Juanje","image":{"@type":"ImageObject","inLanguage":"en-US","@id":"https:\/\/secure.gravatar.com\/avatar\/c3e6022bd9f917c76ed8e8b6871d1ffbb4e91e491e7ef61fe483473b62660729?s=96&d=mm&r=g","url":"https:\/\/secure.gravatar.com\/avatar\/c3e6022bd9f917c76ed8e8b6871d1ffbb4e91e491e7ef61fe483473b62660729?s=96&d=mm&r=g","contentUrl":"https:\/\/secure.gravatar.com\/avatar\/c3e6022bd9f917c76ed8e8b6871d1ffbb4e91e491e7ef61fe483473b62660729?s=96&d=mm&r=g","caption":"Juanje Juanje"}}]}},"_links":{"self":[{"href":"https:\/\/www.sando.com\/en\/wp-json\/wp\/v2\/posts\/20897","targetHints":{"allow":["GET"]}}],"collection":[{"href":"https:\/\/www.sando.com\/en\/wp-json\/wp\/v2\/posts"}],"about":[{"href":"https:\/\/www.sando.com\/en\/wp-json\/wp\/v2\/types\/post"}],"author":[{"embeddable":true,"href":"https:\/\/www.sando.com\/en\/wp-json\/wp\/v2\/users\/2"}],"replies":[{"embeddable":true,"href":"https:\/\/www.sando.com\/en\/wp-json\/wp\/v2\/comments?post=20897"}],"version-history":[{"count":0,"href":"https:\/\/www.sando.com\/en\/wp-json\/wp\/v2\/posts\/20897\/revisions"}],"wp:attachment":[{"href":"https:\/\/www.sando.com\/en\/wp-json\/wp\/v2\/media?parent=20897"}],"wp:term":[{"taxonomy":"category","embeddable":true,"href":"https:\/\/www.sando.com\/en\/wp-json\/wp\/v2\/categories?post=20897"},{"taxonomy":"post_tag","embeddable":true,"href":"https:\/\/www.sando.com\/en\/wp-json\/wp\/v2\/tags?post=20897"},{"taxonomy":"tax_brand","embeddable":true,"href":"https:\/\/www.sando.com\/en\/wp-json\/wp\/v2\/tax_brand?post=20897"},{"taxonomy":"tax_services","embeddable":true,"href":"https:\/\/www.sando.com\/en\/wp-json\/wp\/v2\/tax_services?post=20897"},{"taxonomy":"tax_location","embeddable":true,"href":"https:\/\/www.sando.com\/en\/wp-json\/wp\/v2\/tax_location?post=20897"}],"curies":[{"name":"wp","href":"https:\/\/api.w.org\/{rel}","templated":true}]}}