{"id":21042,"date":"2010-12-02T00:00:00","date_gmt":"2010-12-02T00:00:00","guid":{"rendered":"https:\/\/sando.com\/actualidad\/the-2010-sando-foundation-project-for-the-integration-of-the-handicapped-supports-families-in-andalucia-and-valencia"},"modified":"2024-10-29T10:37:52","modified_gmt":"2024-10-29T10:37:52","slug":"the-2010-fundacion-sando-project-for-the-integration-of-the-handicapped-supports-families-in-andalucia-and-valencia","status":"publish","type":"post","link":"https:\/\/www.sando.com\/en\/actualidad\/the-2010-fundacion-sando-project-for-the-integration-of-the-handicapped-supports-families-in-andalucia-and-valencia","title":{"rendered":"The 2010 Sando Fundaci\u00f3n project for the integration of the handicapped supports families in Andalucia and Valencia"},"content":{"rendered":"<p>The Plan benefits the handicapped family members of Sando professionals.<br \/>\nSince 2008, the Sando Fundaci\u00f3n has been involved in the Family Plan, a project for the social and professional integration of handicapped people. In 2010, six family members of Sando Group employees benefitted from the Plan in Alicante, Malaga and Seville. <\/p>\n<p>The integration of those suffering from some type of handicap is one of the main objectives of the Sando Fundaci\u00f3n as part of its internal action plan.  The Family Plan promotes the social and professional integration of the handicapped, oriented towards the immediate family members of Sando employees.   <\/p>\n<p>In 2010, six people benefitted from the Family Plan. A personalised program was developed for each, focussing on the key aspects of their circumstances, including family and social life, education and training, technical assistance and treatment, recreation and social services, etc.  <\/p>\n<p>The beneficiaries of the plan were provided with a reference person and support. The support person offered orientation on possible treatments, specialists, technical assistance, training programs, as well as the organisation of social and recreational activities. The plan is designed to prevent isolation, anxiety and disappointment. <\/p>\n<p>Among the beneficiaries of the Plan was a child of six in Alicante, the son of a Sando employee, was provided with a personalised plan oriented towards water sports and activities. <\/p>\n<p>In Malaga, another two beneficiaries, aged nine and twenty three, received assistance with personalised psychological therapy and a comprehensive employment search plan, respectively. <\/p>\n<p>Additionally, in Seville, three family members of Sando employees benefited from the Foundation\u2019s Family Plan. A child of three years received hydro and physiotherapy. The wife of an employee benefited from an IT training program while another child of eleven received physiotherapy and a computer course.   <\/p>\n<p>The Sando Fundaci\u00f3n, through its association with the Adecco Foundation, creates initiatives to improve the social and professional circumstances of the handicapped though personal support and by raising awareness among Sando personnel. The Foundation also aims to improve the professional circumstances of Sando personnel and help achieve a balance in their personal and professional lives.<\/p>\n<p><a href=\"\" target=\"_blank\" rel=\"noopener noreferrer\" download=\"\">Download file<\/a><\/p>\n<p style=\"text-align: left;\">\n<p>&nbsp;<\/p>\n<div class=\"avia-button-wrap avia-button-center avia-builder-el-47 el_after_av_button avia-builder-el-last \"><a class=\"avia-button av-icon-on-hover avia-icon_select-yes-right-icon avia-color-custom avia-size-large avia-position-center \" style=\"background-color: #006918; border-color: #004576; color: #ffffff;\" href=\"..\/press-releases\/\"><span class=\"avia_iconbox_title\">Return to Press releases<\/span><\/a><\/div>\n","protected":false},"excerpt":{"rendered":"The Plan benefits the handicapped family members of Sando professionals.","protected":false},"author":2,"featured_media":0,"comment_status":"closed","ping_status":"closed","sticky":false,"template":"","format":"standard","meta":{"_acf_changed":false,"footnotes":""},"categories":[1057,1334],"tags":[],"tax_brand":[],"tax_services":[],"tax_location":[],"class_list":["post-21042","post","type-post","status-publish","format-standard","hentry","category-communication_press-releases","category-press-releases-communication_press-releases"],"acf":[],"yoast_head":"<!-- This site is optimized with the Yoast SEO plugin v27.4 - https:\/\/yoast.com\/product\/yoast-seo-wordpress\/ -->\n<title>Proyecto de integraci\u00f3n de discapacitados en 2010<\/title>\n<meta name=\"description\" content=\"Descubre c\u00f3mo el proyecto de integraci\u00f3n de discapacitados de Fundaci\u00f3n Sando en 2010 brind\u00f3 apoyo a familias en Andaluc\u00eda y Valencia.\" \/>\n<meta name=\"robots\" content=\"index, follow, max-snippet:-1, max-image-preview:large, max-video-preview:-1\" \/>\n<link rel=\"canonical\" href=\"https:\/\/www.sando.com\/en\/actualidad\/the-2010-fundacion-sando-project-for-the-integration-of-the-handicapped-supports-families-in-andalucia-and-valencia\" \/>\n<meta property=\"og:locale\" content=\"en_US\" \/>\n<meta property=\"og:type\" content=\"article\" \/>\n<meta property=\"og:title\" content=\"Proyecto de integraci\u00f3n de discapacitados en 2010\" \/>\n<meta property=\"og:description\" content=\"Descubre c\u00f3mo el proyecto de integraci\u00f3n de discapacitados de Fundaci\u00f3n Sando en 2010 brind\u00f3 apoyo a familias en Andaluc\u00eda y Valencia.\" \/>\n<meta property=\"og:url\" content=\"https:\/\/www.sando.com\/en\/actualidad\/the-2010-fundacion-sando-project-for-the-integration-of-the-handicapped-supports-families-in-andalucia-and-valencia\" \/>\n<meta property=\"og:site_name\" content=\"Sando\" \/>\n<meta property=\"article:published_time\" content=\"2010-12-02T00:00:00+00:00\" \/>\n<meta property=\"article:modified_time\" content=\"2024-10-29T10:37:52+00:00\" \/>\n<meta name=\"author\" content=\"Juanje Juanje\" \/>\n<meta name=\"twitter:card\" content=\"summary_large_image\" \/>\n<meta name=\"twitter:label1\" content=\"Written by\" \/>\n\t<meta name=\"twitter:data1\" content=\"Juanje Juanje\" \/>\n<script type=\"application\/ld+json\" class=\"yoast-schema-graph\">{\"@context\":\"https:\\\/\\\/schema.org\",\"@graph\":[{\"@type\":\"Article\",\"@id\":\"https:\\\/\\\/www.sando.com\\\/en\\\/actualidad\\\/the-2010-fundacion-sando-project-for-the-integration-of-the-handicapped-supports-families-in-andalucia-and-valencia#article\",\"isPartOf\":{\"@id\":\"https:\\\/\\\/www.sando.com\\\/en\\\/actualidad\\\/the-2010-fundacion-sando-project-for-the-integration-of-the-handicapped-supports-families-in-andalucia-and-valencia\"},\"author\":{\"name\":\"Juanje Juanje\",\"@id\":\"https:\\\/\\\/www.sando.com\\\/en#\\\/schema\\\/person\\\/632d5c2fe5027989411732e84a37e6c1\"},\"headline\":\"The 2010 Sando Fundaci\u00f3n project for the integration of the handicapped supports families in Andalucia and Valencia\",\"datePublished\":\"2010-12-02T00:00:00+00:00\",\"dateModified\":\"2024-10-29T10:37:52+00:00\",\"mainEntityOfPage\":{\"@id\":\"https:\\\/\\\/www.sando.com\\\/en\\\/actualidad\\\/the-2010-fundacion-sando-project-for-the-integration-of-the-handicapped-supports-families-in-andalucia-and-valencia\"},\"wordCount\":366,\"publisher\":{\"@id\":\"https:\\\/\\\/www.sando.com\\\/en#organization\"},\"articleSection\":[\"Communication_Press releases\",\"Press releases (NOT)\"],\"inLanguage\":\"en-US\"},{\"@type\":\"WebPage\",\"@id\":\"https:\\\/\\\/www.sando.com\\\/en\\\/actualidad\\\/the-2010-fundacion-sando-project-for-the-integration-of-the-handicapped-supports-families-in-andalucia-and-valencia\",\"url\":\"https:\\\/\\\/www.sando.com\\\/en\\\/actualidad\\\/the-2010-fundacion-sando-project-for-the-integration-of-the-handicapped-supports-families-in-andalucia-and-valencia\",\"name\":\"Proyecto de integraci\u00f3n de discapacitados en 2010\",\"isPartOf\":{\"@id\":\"https:\\\/\\\/www.sando.com\\\/en#website\"},\"datePublished\":\"2010-12-02T00:00:00+00:00\",\"dateModified\":\"2024-10-29T10:37:52+00:00\",\"description\":\"Descubre c\u00f3mo el proyecto de integraci\u00f3n de discapacitados de Fundaci\u00f3n Sando en 2010 brind\u00f3 apoyo a familias en Andaluc\u00eda y Valencia.\",\"breadcrumb\":{\"@id\":\"https:\\\/\\\/www.sando.com\\\/en\\\/actualidad\\\/the-2010-fundacion-sando-project-for-the-integration-of-the-handicapped-supports-families-in-andalucia-and-valencia#breadcrumb\"},\"inLanguage\":\"en-US\",\"potentialAction\":[{\"@type\":\"ReadAction\",\"target\":[\"https:\\\/\\\/www.sando.com\\\/en\\\/actualidad\\\/the-2010-fundacion-sando-project-for-the-integration-of-the-handicapped-supports-families-in-andalucia-and-valencia\"]}]},{\"@type\":\"BreadcrumbList\",\"@id\":\"https:\\\/\\\/www.sando.com\\\/en\\\/actualidad\\\/the-2010-fundacion-sando-project-for-the-integration-of-the-handicapped-supports-families-in-andalucia-and-valencia#breadcrumb\",\"itemListElement\":[{\"@type\":\"ListItem\",\"position\":1,\"name\":\"Portada\",\"item\":\"https:\\\/\\\/www.sando.com\\\/en\"},{\"@type\":\"ListItem\",\"position\":2,\"name\":\"The 2010 Sando Fundaci\u00f3n project for the integration of the handicapped supports families in Andalucia and Valencia\"}]},{\"@type\":\"WebSite\",\"@id\":\"https:\\\/\\\/www.sando.com\\\/en#website\",\"url\":\"https:\\\/\\\/www.sando.com\\\/en\",\"name\":\"Sando\",\"description\":\"\",\"publisher\":{\"@id\":\"https:\\\/\\\/www.sando.com\\\/en#organization\"},\"potentialAction\":[{\"@type\":\"SearchAction\",\"target\":{\"@type\":\"EntryPoint\",\"urlTemplate\":\"https:\\\/\\\/www.sando.com\\\/en?s={search_term_string}\"},\"query-input\":{\"@type\":\"PropertyValueSpecification\",\"valueRequired\":true,\"valueName\":\"search_term_string\"}}],\"inLanguage\":\"en-US\"},{\"@type\":\"Organization\",\"@id\":\"https:\\\/\\\/www.sando.com\\\/en#organization\",\"name\":\"Sando\",\"url\":\"https:\\\/\\\/www.sando.com\\\/en\",\"logo\":{\"@type\":\"ImageObject\",\"inLanguage\":\"en-US\",\"@id\":\"https:\\\/\\\/www.sando.com\\\/en#\\\/schema\\\/logo\\\/image\\\/\",\"url\":\"\",\"contentUrl\":\"\",\"caption\":\"Sando\"},\"image\":{\"@id\":\"https:\\\/\\\/www.sando.com\\\/en#\\\/schema\\\/logo\\\/image\\\/\"}},{\"@type\":\"Person\",\"@id\":\"https:\\\/\\\/www.sando.com\\\/en#\\\/schema\\\/person\\\/632d5c2fe5027989411732e84a37e6c1\",\"name\":\"Juanje Juanje\",\"image\":{\"@type\":\"ImageObject\",\"inLanguage\":\"en-US\",\"@id\":\"https:\\\/\\\/secure.gravatar.com\\\/avatar\\\/c3e6022bd9f917c76ed8e8b6871d1ffbb4e91e491e7ef61fe483473b62660729?s=96&d=mm&r=g\",\"url\":\"https:\\\/\\\/secure.gravatar.com\\\/avatar\\\/c3e6022bd9f917c76ed8e8b6871d1ffbb4e91e491e7ef61fe483473b62660729?s=96&d=mm&r=g\",\"contentUrl\":\"https:\\\/\\\/secure.gravatar.com\\\/avatar\\\/c3e6022bd9f917c76ed8e8b6871d1ffbb4e91e491e7ef61fe483473b62660729?s=96&d=mm&r=g\",\"caption\":\"Juanje Juanje\"}}]}<\/script>\n<!-- \/ Yoast SEO plugin. -->","yoast_head_json":{"title":"Proyecto de integraci\u00f3n de discapacitados en 2010","description":"Descubre c\u00f3mo el proyecto de integraci\u00f3n de discapacitados de Fundaci\u00f3n Sando en 2010 brind\u00f3 apoyo a familias en Andaluc\u00eda y Valencia.","robots":{"index":"index","follow":"follow","max-snippet":"max-snippet:-1","max-image-preview":"max-image-preview:large","max-video-preview":"max-video-preview:-1"},"canonical":"https:\/\/www.sando.com\/en\/actualidad\/the-2010-fundacion-sando-project-for-the-integration-of-the-handicapped-supports-families-in-andalucia-and-valencia","og_locale":"en_US","og_type":"article","og_title":"Proyecto de integraci\u00f3n de discapacitados en 2010","og_description":"Descubre c\u00f3mo el proyecto de integraci\u00f3n de discapacitados de Fundaci\u00f3n Sando en 2010 brind\u00f3 apoyo a familias en Andaluc\u00eda y Valencia.","og_url":"https:\/\/www.sando.com\/en\/actualidad\/the-2010-fundacion-sando-project-for-the-integration-of-the-handicapped-supports-families-in-andalucia-and-valencia","og_site_name":"Sando","article_published_time":"2010-12-02T00:00:00+00:00","article_modified_time":"2024-10-29T10:37:52+00:00","author":"Juanje Juanje","twitter_card":"summary_large_image","twitter_misc":{"Written by":"Juanje Juanje"},"schema":{"@context":"https:\/\/schema.org","@graph":[{"@type":"Article","@id":"https:\/\/www.sando.com\/en\/actualidad\/the-2010-fundacion-sando-project-for-the-integration-of-the-handicapped-supports-families-in-andalucia-and-valencia#article","isPartOf":{"@id":"https:\/\/www.sando.com\/en\/actualidad\/the-2010-fundacion-sando-project-for-the-integration-of-the-handicapped-supports-families-in-andalucia-and-valencia"},"author":{"name":"Juanje Juanje","@id":"https:\/\/www.sando.com\/en#\/schema\/person\/632d5c2fe5027989411732e84a37e6c1"},"headline":"The 2010 Sando Fundaci\u00f3n project for the integration of the handicapped supports families in Andalucia and Valencia","datePublished":"2010-12-02T00:00:00+00:00","dateModified":"2024-10-29T10:37:52+00:00","mainEntityOfPage":{"@id":"https:\/\/www.sando.com\/en\/actualidad\/the-2010-fundacion-sando-project-for-the-integration-of-the-handicapped-supports-families-in-andalucia-and-valencia"},"wordCount":366,"publisher":{"@id":"https:\/\/www.sando.com\/en#organization"},"articleSection":["Communication_Press releases","Press releases (NOT)"],"inLanguage":"en-US"},{"@type":"WebPage","@id":"https:\/\/www.sando.com\/en\/actualidad\/the-2010-fundacion-sando-project-for-the-integration-of-the-handicapped-supports-families-in-andalucia-and-valencia","url":"https:\/\/www.sando.com\/en\/actualidad\/the-2010-fundacion-sando-project-for-the-integration-of-the-handicapped-supports-families-in-andalucia-and-valencia","name":"Proyecto de integraci\u00f3n de discapacitados en 2010","isPartOf":{"@id":"https:\/\/www.sando.com\/en#website"},"datePublished":"2010-12-02T00:00:00+00:00","dateModified":"2024-10-29T10:37:52+00:00","description":"Descubre c\u00f3mo el proyecto de integraci\u00f3n de discapacitados de Fundaci\u00f3n Sando en 2010 brind\u00f3 apoyo a familias en Andaluc\u00eda y Valencia.","breadcrumb":{"@id":"https:\/\/www.sando.com\/en\/actualidad\/the-2010-fundacion-sando-project-for-the-integration-of-the-handicapped-supports-families-in-andalucia-and-valencia#breadcrumb"},"inLanguage":"en-US","potentialAction":[{"@type":"ReadAction","target":["https:\/\/www.sando.com\/en\/actualidad\/the-2010-fundacion-sando-project-for-the-integration-of-the-handicapped-supports-families-in-andalucia-and-valencia"]}]},{"@type":"BreadcrumbList","@id":"https:\/\/www.sando.com\/en\/actualidad\/the-2010-fundacion-sando-project-for-the-integration-of-the-handicapped-supports-families-in-andalucia-and-valencia#breadcrumb","itemListElement":[{"@type":"ListItem","position":1,"name":"Portada","item":"https:\/\/www.sando.com\/en"},{"@type":"ListItem","position":2,"name":"The 2010 Sando Fundaci\u00f3n project for the integration of the handicapped supports families in Andalucia and Valencia"}]},{"@type":"WebSite","@id":"https:\/\/www.sando.com\/en#website","url":"https:\/\/www.sando.com\/en","name":"Sando","description":"","publisher":{"@id":"https:\/\/www.sando.com\/en#organization"},"potentialAction":[{"@type":"SearchAction","target":{"@type":"EntryPoint","urlTemplate":"https:\/\/www.sando.com\/en?s={search_term_string}"},"query-input":{"@type":"PropertyValueSpecification","valueRequired":true,"valueName":"search_term_string"}}],"inLanguage":"en-US"},{"@type":"Organization","@id":"https:\/\/www.sando.com\/en#organization","name":"Sando","url":"https:\/\/www.sando.com\/en","logo":{"@type":"ImageObject","inLanguage":"en-US","@id":"https:\/\/www.sando.com\/en#\/schema\/logo\/image\/","url":"","contentUrl":"","caption":"Sando"},"image":{"@id":"https:\/\/www.sando.com\/en#\/schema\/logo\/image\/"}},{"@type":"Person","@id":"https:\/\/www.sando.com\/en#\/schema\/person\/632d5c2fe5027989411732e84a37e6c1","name":"Juanje Juanje","image":{"@type":"ImageObject","inLanguage":"en-US","@id":"https:\/\/secure.gravatar.com\/avatar\/c3e6022bd9f917c76ed8e8b6871d1ffbb4e91e491e7ef61fe483473b62660729?s=96&d=mm&r=g","url":"https:\/\/secure.gravatar.com\/avatar\/c3e6022bd9f917c76ed8e8b6871d1ffbb4e91e491e7ef61fe483473b62660729?s=96&d=mm&r=g","contentUrl":"https:\/\/secure.gravatar.com\/avatar\/c3e6022bd9f917c76ed8e8b6871d1ffbb4e91e491e7ef61fe483473b62660729?s=96&d=mm&r=g","caption":"Juanje Juanje"}}]}},"_links":{"self":[{"href":"https:\/\/www.sando.com\/en\/wp-json\/wp\/v2\/posts\/21042","targetHints":{"allow":["GET"]}}],"collection":[{"href":"https:\/\/www.sando.com\/en\/wp-json\/wp\/v2\/posts"}],"about":[{"href":"https:\/\/www.sando.com\/en\/wp-json\/wp\/v2\/types\/post"}],"author":[{"embeddable":true,"href":"https:\/\/www.sando.com\/en\/wp-json\/wp\/v2\/users\/2"}],"replies":[{"embeddable":true,"href":"https:\/\/www.sando.com\/en\/wp-json\/wp\/v2\/comments?post=21042"}],"version-history":[{"count":0,"href":"https:\/\/www.sando.com\/en\/wp-json\/wp\/v2\/posts\/21042\/revisions"}],"wp:attachment":[{"href":"https:\/\/www.sando.com\/en\/wp-json\/wp\/v2\/media?parent=21042"}],"wp:term":[{"taxonomy":"category","embeddable":true,"href":"https:\/\/www.sando.com\/en\/wp-json\/wp\/v2\/categories?post=21042"},{"taxonomy":"post_tag","embeddable":true,"href":"https:\/\/www.sando.com\/en\/wp-json\/wp\/v2\/tags?post=21042"},{"taxonomy":"tax_brand","embeddable":true,"href":"https:\/\/www.sando.com\/en\/wp-json\/wp\/v2\/tax_brand?post=21042"},{"taxonomy":"tax_services","embeddable":true,"href":"https:\/\/www.sando.com\/en\/wp-json\/wp\/v2\/tax_services?post=21042"},{"taxonomy":"tax_location","embeddable":true,"href":"https:\/\/www.sando.com\/en\/wp-json\/wp\/v2\/tax_location?post=21042"}],"curies":[{"name":"wp","href":"https:\/\/api.w.org\/{rel}","templated":true}]}}