{"id":21069,"date":"2011-10-18T00:00:00","date_gmt":"2011-10-18T00:00:00","guid":{"rendered":"https:\/\/sando.com\/actualidad\/althenia-and-caritas-reach-a-partnership-agreement-to-provide-training-to-combat-social-exclusion"},"modified":"2024-10-29T10:38:07","modified_gmt":"2024-10-29T10:38:07","slug":"althenia-and-caritas-reach-a-partnership-agreement-to-provide-training-to-combat-social-exclusion","status":"publish","type":"post","link":"https:\/\/www.sando.com\/en\/actualidad\/althenia-and-caritas-reach-a-partnership-agreement-to-provide-training-to-combat-social-exclusion","title":{"rendered":"Althenia and C\u00e1ritas reach a partnership agreement to provide training to combat social exclusion"},"content":{"rendered":"<p>The project will provide skills and training to promote social integration<br \/>\nC\u00e1ritas and <a href=\"\/en\/althenia-sando\" title=\"Integral environmental services\" target=\"_blank\">Althenia<\/a>, a company of the Sando Group specialised in environmental projects, have reached a partnership agreement to provide training to ten unemployed women suffering from social and employment exclusion. <\/p>\n<p>The apprenticeship program will take place in the Palma-Palmilla area, where Althenia is currently providing municipal groundskeeping and maintenance services. The experience will provide these ten women with new skills and motivation to discover and develop their own abilities. The goal is to provide them with the skills and confidence necessary to find employment and resolve personal and family issues.   <\/p>\n<p>The community action program with C\u00e1ritas was initiated in 2010, developing a program of social and workplace integration for unemployed women in the Palma-Palmilla district of M\u00e1laga. The initiative provides the women with a tutor for the coordination, orientation and oversight of program activities over a period of three months. <\/p>\n<p>Althenia is a socially responsible corporation committed to the preservation of the natural environment and sustainable development.<\/p>\n<p><a href=\"\" target=\"_blank\" rel=\"noopener noreferrer\" download=\"\">Download file<\/a><\/p>\n<p style=\"text-align: left;\">\n<p>&nbsp;<\/p>\n<div class=\"avia-button-wrap avia-button-center avia-builder-el-47 el_after_av_button avia-builder-el-last \"><a class=\"avia-button av-icon-on-hover avia-icon_select-yes-right-icon avia-color-custom avia-size-large avia-position-center \" style=\"background-color: #006918; border-color: #004576; color: #ffffff;\" href=\"..\/press-releases\/\"><span class=\"avia_iconbox_title\">Return to Press releases<\/span><\/a><\/div>\n","protected":false},"excerpt":{"rendered":"The project will provide skills and training to promote social integration","protected":false},"author":2,"featured_media":0,"comment_status":"closed","ping_status":"closed","sticky":false,"template":"","format":"standard","meta":{"_acf_changed":false,"footnotes":""},"categories":[1057,1334],"tags":[],"tax_brand":[],"tax_services":[],"tax_location":[],"class_list":["post-21069","post","type-post","status-publish","format-standard","hentry","category-communication_press-releases","category-press-releases-communication_press-releases"],"acf":[],"yoast_head":"<!-- This site is optimized with the Yoast SEO plugin v27.4 - https:\/\/yoast.com\/product\/yoast-seo-wordpress\/ -->\n<title>Convenio Sando-Althenia: Formaci\u00f3n para Mujeres en Riesgo<\/title>\n<meta name=\"description\" content=\"Sando y Althenia se unen para empoderar a mujeres en exclusi\u00f3n social a trav\u00e9s de programas de formaci\u00f3n. Descubre c\u00f3mo impactamos vidas.\" \/>\n<meta name=\"robots\" content=\"index, follow, max-snippet:-1, max-image-preview:large, max-video-preview:-1\" \/>\n<link rel=\"canonical\" href=\"https:\/\/www.sando.com\/en\/actualidad\/althenia-and-caritas-reach-a-partnership-agreement-to-provide-training-to-combat-social-exclusion\" \/>\n<meta property=\"og:locale\" content=\"en_US\" \/>\n<meta property=\"og:type\" content=\"article\" \/>\n<meta property=\"og:title\" content=\"Convenio Sando-Althenia: Formaci\u00f3n para Mujeres en Riesgo\" \/>\n<meta property=\"og:description\" content=\"Sando y Althenia se unen para empoderar a mujeres en exclusi\u00f3n social a trav\u00e9s de programas de formaci\u00f3n. Descubre c\u00f3mo impactamos vidas.\" \/>\n<meta property=\"og:url\" content=\"https:\/\/www.sando.com\/en\/actualidad\/althenia-and-caritas-reach-a-partnership-agreement-to-provide-training-to-combat-social-exclusion\" \/>\n<meta property=\"og:site_name\" content=\"Sando\" \/>\n<meta property=\"article:published_time\" content=\"2011-10-18T00:00:00+00:00\" \/>\n<meta property=\"article:modified_time\" content=\"2024-10-29T10:38:07+00:00\" \/>\n<meta name=\"author\" content=\"Juanje Juanje\" \/>\n<meta name=\"twitter:card\" content=\"summary_large_image\" \/>\n<meta name=\"twitter:label1\" content=\"Written by\" \/>\n\t<meta name=\"twitter:data1\" content=\"Juanje Juanje\" \/>\n\t<meta name=\"twitter:label2\" content=\"Est. reading time\" \/>\n\t<meta name=\"twitter:data2\" content=\"1 minute\" \/>\n<script type=\"application\/ld+json\" class=\"yoast-schema-graph\">{\"@context\":\"https:\\\/\\\/schema.org\",\"@graph\":[{\"@type\":\"Article\",\"@id\":\"https:\\\/\\\/www.sando.com\\\/en\\\/actualidad\\\/althenia-and-caritas-reach-a-partnership-agreement-to-provide-training-to-combat-social-exclusion#article\",\"isPartOf\":{\"@id\":\"https:\\\/\\\/www.sando.com\\\/en\\\/actualidad\\\/althenia-and-caritas-reach-a-partnership-agreement-to-provide-training-to-combat-social-exclusion\"},\"author\":{\"name\":\"Juanje Juanje\",\"@id\":\"https:\\\/\\\/www.sando.com\\\/en#\\\/schema\\\/person\\\/632d5c2fe5027989411732e84a37e6c1\"},\"headline\":\"Althenia and C\u00e1ritas reach a partnership agreement to provide training to combat social exclusion\",\"datePublished\":\"2011-10-18T00:00:00+00:00\",\"dateModified\":\"2024-10-29T10:38:07+00:00\",\"mainEntityOfPage\":{\"@id\":\"https:\\\/\\\/www.sando.com\\\/en\\\/actualidad\\\/althenia-and-caritas-reach-a-partnership-agreement-to-provide-training-to-combat-social-exclusion\"},\"wordCount\":193,\"publisher\":{\"@id\":\"https:\\\/\\\/www.sando.com\\\/en#organization\"},\"articleSection\":[\"Communication_Press releases\",\"Press releases (NOT)\"],\"inLanguage\":\"en-US\"},{\"@type\":\"WebPage\",\"@id\":\"https:\\\/\\\/www.sando.com\\\/en\\\/actualidad\\\/althenia-and-caritas-reach-a-partnership-agreement-to-provide-training-to-combat-social-exclusion\",\"url\":\"https:\\\/\\\/www.sando.com\\\/en\\\/actualidad\\\/althenia-and-caritas-reach-a-partnership-agreement-to-provide-training-to-combat-social-exclusion\",\"name\":\"Convenio Sando-Althenia: Formaci\u00f3n para Mujeres en Riesgo\",\"isPartOf\":{\"@id\":\"https:\\\/\\\/www.sando.com\\\/en#website\"},\"datePublished\":\"2011-10-18T00:00:00+00:00\",\"dateModified\":\"2024-10-29T10:38:07+00:00\",\"description\":\"Sando y Althenia se unen para empoderar a mujeres en exclusi\u00f3n social a trav\u00e9s de programas de formaci\u00f3n. Descubre c\u00f3mo impactamos vidas.\",\"breadcrumb\":{\"@id\":\"https:\\\/\\\/www.sando.com\\\/en\\\/actualidad\\\/althenia-and-caritas-reach-a-partnership-agreement-to-provide-training-to-combat-social-exclusion#breadcrumb\"},\"inLanguage\":\"en-US\",\"potentialAction\":[{\"@type\":\"ReadAction\",\"target\":[\"https:\\\/\\\/www.sando.com\\\/en\\\/actualidad\\\/althenia-and-caritas-reach-a-partnership-agreement-to-provide-training-to-combat-social-exclusion\"]}]},{\"@type\":\"BreadcrumbList\",\"@id\":\"https:\\\/\\\/www.sando.com\\\/en\\\/actualidad\\\/althenia-and-caritas-reach-a-partnership-agreement-to-provide-training-to-combat-social-exclusion#breadcrumb\",\"itemListElement\":[{\"@type\":\"ListItem\",\"position\":1,\"name\":\"Portada\",\"item\":\"https:\\\/\\\/www.sando.com\\\/en\"},{\"@type\":\"ListItem\",\"position\":2,\"name\":\"Althenia and C\u00e1ritas reach a partnership agreement to provide training to combat social exclusion\"}]},{\"@type\":\"WebSite\",\"@id\":\"https:\\\/\\\/www.sando.com\\\/en#website\",\"url\":\"https:\\\/\\\/www.sando.com\\\/en\",\"name\":\"Sando\",\"description\":\"\",\"publisher\":{\"@id\":\"https:\\\/\\\/www.sando.com\\\/en#organization\"},\"potentialAction\":[{\"@type\":\"SearchAction\",\"target\":{\"@type\":\"EntryPoint\",\"urlTemplate\":\"https:\\\/\\\/www.sando.com\\\/en?s={search_term_string}\"},\"query-input\":{\"@type\":\"PropertyValueSpecification\",\"valueRequired\":true,\"valueName\":\"search_term_string\"}}],\"inLanguage\":\"en-US\"},{\"@type\":\"Organization\",\"@id\":\"https:\\\/\\\/www.sando.com\\\/en#organization\",\"name\":\"Sando\",\"url\":\"https:\\\/\\\/www.sando.com\\\/en\",\"logo\":{\"@type\":\"ImageObject\",\"inLanguage\":\"en-US\",\"@id\":\"https:\\\/\\\/www.sando.com\\\/en#\\\/schema\\\/logo\\\/image\\\/\",\"url\":\"\",\"contentUrl\":\"\",\"caption\":\"Sando\"},\"image\":{\"@id\":\"https:\\\/\\\/www.sando.com\\\/en#\\\/schema\\\/logo\\\/image\\\/\"}},{\"@type\":\"Person\",\"@id\":\"https:\\\/\\\/www.sando.com\\\/en#\\\/schema\\\/person\\\/632d5c2fe5027989411732e84a37e6c1\",\"name\":\"Juanje Juanje\",\"image\":{\"@type\":\"ImageObject\",\"inLanguage\":\"en-US\",\"@id\":\"https:\\\/\\\/secure.gravatar.com\\\/avatar\\\/c3e6022bd9f917c76ed8e8b6871d1ffbb4e91e491e7ef61fe483473b62660729?s=96&d=mm&r=g\",\"url\":\"https:\\\/\\\/secure.gravatar.com\\\/avatar\\\/c3e6022bd9f917c76ed8e8b6871d1ffbb4e91e491e7ef61fe483473b62660729?s=96&d=mm&r=g\",\"contentUrl\":\"https:\\\/\\\/secure.gravatar.com\\\/avatar\\\/c3e6022bd9f917c76ed8e8b6871d1ffbb4e91e491e7ef61fe483473b62660729?s=96&d=mm&r=g\",\"caption\":\"Juanje Juanje\"}}]}<\/script>\n<!-- \/ Yoast SEO plugin. -->","yoast_head_json":{"title":"Convenio Sando-Althenia: Formaci\u00f3n para Mujeres en Riesgo","description":"Sando y Althenia se unen para empoderar a mujeres en exclusi\u00f3n social a trav\u00e9s de programas de formaci\u00f3n. Descubre c\u00f3mo impactamos vidas.","robots":{"index":"index","follow":"follow","max-snippet":"max-snippet:-1","max-image-preview":"max-image-preview:large","max-video-preview":"max-video-preview:-1"},"canonical":"https:\/\/www.sando.com\/en\/actualidad\/althenia-and-caritas-reach-a-partnership-agreement-to-provide-training-to-combat-social-exclusion","og_locale":"en_US","og_type":"article","og_title":"Convenio Sando-Althenia: Formaci\u00f3n para Mujeres en Riesgo","og_description":"Sando y Althenia se unen para empoderar a mujeres en exclusi\u00f3n social a trav\u00e9s de programas de formaci\u00f3n. Descubre c\u00f3mo impactamos vidas.","og_url":"https:\/\/www.sando.com\/en\/actualidad\/althenia-and-caritas-reach-a-partnership-agreement-to-provide-training-to-combat-social-exclusion","og_site_name":"Sando","article_published_time":"2011-10-18T00:00:00+00:00","article_modified_time":"2024-10-29T10:38:07+00:00","author":"Juanje Juanje","twitter_card":"summary_large_image","twitter_misc":{"Written by":"Juanje Juanje","Est. reading time":"1 minute"},"schema":{"@context":"https:\/\/schema.org","@graph":[{"@type":"Article","@id":"https:\/\/www.sando.com\/en\/actualidad\/althenia-and-caritas-reach-a-partnership-agreement-to-provide-training-to-combat-social-exclusion#article","isPartOf":{"@id":"https:\/\/www.sando.com\/en\/actualidad\/althenia-and-caritas-reach-a-partnership-agreement-to-provide-training-to-combat-social-exclusion"},"author":{"name":"Juanje Juanje","@id":"https:\/\/www.sando.com\/en#\/schema\/person\/632d5c2fe5027989411732e84a37e6c1"},"headline":"Althenia and C\u00e1ritas reach a partnership agreement to provide training to combat social exclusion","datePublished":"2011-10-18T00:00:00+00:00","dateModified":"2024-10-29T10:38:07+00:00","mainEntityOfPage":{"@id":"https:\/\/www.sando.com\/en\/actualidad\/althenia-and-caritas-reach-a-partnership-agreement-to-provide-training-to-combat-social-exclusion"},"wordCount":193,"publisher":{"@id":"https:\/\/www.sando.com\/en#organization"},"articleSection":["Communication_Press releases","Press releases (NOT)"],"inLanguage":"en-US"},{"@type":"WebPage","@id":"https:\/\/www.sando.com\/en\/actualidad\/althenia-and-caritas-reach-a-partnership-agreement-to-provide-training-to-combat-social-exclusion","url":"https:\/\/www.sando.com\/en\/actualidad\/althenia-and-caritas-reach-a-partnership-agreement-to-provide-training-to-combat-social-exclusion","name":"Convenio Sando-Althenia: Formaci\u00f3n para Mujeres en Riesgo","isPartOf":{"@id":"https:\/\/www.sando.com\/en#website"},"datePublished":"2011-10-18T00:00:00+00:00","dateModified":"2024-10-29T10:38:07+00:00","description":"Sando y Althenia se unen para empoderar a mujeres en exclusi\u00f3n social a trav\u00e9s de programas de formaci\u00f3n. Descubre c\u00f3mo impactamos vidas.","breadcrumb":{"@id":"https:\/\/www.sando.com\/en\/actualidad\/althenia-and-caritas-reach-a-partnership-agreement-to-provide-training-to-combat-social-exclusion#breadcrumb"},"inLanguage":"en-US","potentialAction":[{"@type":"ReadAction","target":["https:\/\/www.sando.com\/en\/actualidad\/althenia-and-caritas-reach-a-partnership-agreement-to-provide-training-to-combat-social-exclusion"]}]},{"@type":"BreadcrumbList","@id":"https:\/\/www.sando.com\/en\/actualidad\/althenia-and-caritas-reach-a-partnership-agreement-to-provide-training-to-combat-social-exclusion#breadcrumb","itemListElement":[{"@type":"ListItem","position":1,"name":"Portada","item":"https:\/\/www.sando.com\/en"},{"@type":"ListItem","position":2,"name":"Althenia and C\u00e1ritas reach a partnership agreement to provide training to combat social exclusion"}]},{"@type":"WebSite","@id":"https:\/\/www.sando.com\/en#website","url":"https:\/\/www.sando.com\/en","name":"Sando","description":"","publisher":{"@id":"https:\/\/www.sando.com\/en#organization"},"potentialAction":[{"@type":"SearchAction","target":{"@type":"EntryPoint","urlTemplate":"https:\/\/www.sando.com\/en?s={search_term_string}"},"query-input":{"@type":"PropertyValueSpecification","valueRequired":true,"valueName":"search_term_string"}}],"inLanguage":"en-US"},{"@type":"Organization","@id":"https:\/\/www.sando.com\/en#organization","name":"Sando","url":"https:\/\/www.sando.com\/en","logo":{"@type":"ImageObject","inLanguage":"en-US","@id":"https:\/\/www.sando.com\/en#\/schema\/logo\/image\/","url":"","contentUrl":"","caption":"Sando"},"image":{"@id":"https:\/\/www.sando.com\/en#\/schema\/logo\/image\/"}},{"@type":"Person","@id":"https:\/\/www.sando.com\/en#\/schema\/person\/632d5c2fe5027989411732e84a37e6c1","name":"Juanje Juanje","image":{"@type":"ImageObject","inLanguage":"en-US","@id":"https:\/\/secure.gravatar.com\/avatar\/c3e6022bd9f917c76ed8e8b6871d1ffbb4e91e491e7ef61fe483473b62660729?s=96&d=mm&r=g","url":"https:\/\/secure.gravatar.com\/avatar\/c3e6022bd9f917c76ed8e8b6871d1ffbb4e91e491e7ef61fe483473b62660729?s=96&d=mm&r=g","contentUrl":"https:\/\/secure.gravatar.com\/avatar\/c3e6022bd9f917c76ed8e8b6871d1ffbb4e91e491e7ef61fe483473b62660729?s=96&d=mm&r=g","caption":"Juanje Juanje"}}]}},"_links":{"self":[{"href":"https:\/\/www.sando.com\/en\/wp-json\/wp\/v2\/posts\/21069","targetHints":{"allow":["GET"]}}],"collection":[{"href":"https:\/\/www.sando.com\/en\/wp-json\/wp\/v2\/posts"}],"about":[{"href":"https:\/\/www.sando.com\/en\/wp-json\/wp\/v2\/types\/post"}],"author":[{"embeddable":true,"href":"https:\/\/www.sando.com\/en\/wp-json\/wp\/v2\/users\/2"}],"replies":[{"embeddable":true,"href":"https:\/\/www.sando.com\/en\/wp-json\/wp\/v2\/comments?post=21069"}],"version-history":[{"count":0,"href":"https:\/\/www.sando.com\/en\/wp-json\/wp\/v2\/posts\/21069\/revisions"}],"wp:attachment":[{"href":"https:\/\/www.sando.com\/en\/wp-json\/wp\/v2\/media?parent=21069"}],"wp:term":[{"taxonomy":"category","embeddable":true,"href":"https:\/\/www.sando.com\/en\/wp-json\/wp\/v2\/categories?post=21069"},{"taxonomy":"post_tag","embeddable":true,"href":"https:\/\/www.sando.com\/en\/wp-json\/wp\/v2\/tags?post=21069"},{"taxonomy":"tax_brand","embeddable":true,"href":"https:\/\/www.sando.com\/en\/wp-json\/wp\/v2\/tax_brand?post=21069"},{"taxonomy":"tax_services","embeddable":true,"href":"https:\/\/www.sando.com\/en\/wp-json\/wp\/v2\/tax_services?post=21069"},{"taxonomy":"tax_location","embeddable":true,"href":"https:\/\/www.sando.com\/en\/wp-json\/wp\/v2\/tax_location?post=21069"}],"curies":[{"name":"wp","href":"https:\/\/api.w.org\/{rel}","templated":true}]}}