{"id":21080,"date":"2012-04-10T00:00:00","date_gmt":"2012-04-10T00:00:00","guid":{"rendered":"https:\/\/sando.com\/actualidad\/sando-foundation-sponsors-olympic-yachtswoman-alicia-cebrian"},"modified":"2024-10-29T10:38:13","modified_gmt":"2024-10-29T10:38:13","slug":"fundacion-sando-sponsors-olympic-yachtswoman-alicia-cebrian","status":"publish","type":"post","link":"https:\/\/www.sando.com\/en\/actualidad\/fundacion-sando-sponsors-olympic-yachtswoman-alicia-cebrian","title":{"rendered":"Sando Fundaci\u00f3n sponsors olympic yachtswoman Alicia Cebri\u00e1n"},"content":{"rendered":"<p>This weekend in Majorca, the Princess Sophia Trophy was won by the sportswoman from Tenerife<br \/>\nThe Sando Fundaci\u00f3n has been sponsoring Alicia Cebri\u00e1n Mart\u00ednez de Lagos, the yachtswoman from Tenerife, in her Olympic bid. The sportswoman will attempt to classify in the Laser Radial category in order to compete in the London 2012 Olympic Games. <\/p>\n<p>This initiative came about as a result of Sando Fundaci\u00f3n\u2019s commitment to the company to collaborate in developing activities which can strengthen cultural and sporting values, especially in this case, where the yachtswoman, Alicia Cebri\u00e1n, is attempting to represent her country at the Olympics.<\/p>\n<p>The sportswoman from Tenerife started her bid towards classifying for the London games well, winning the latest national competitions in which she had taken part.  At the end of March she took the Spanish Cup in the Radial Laser class in Tarragona after winning the top category, and this weekend she was awarded the Princess Sophia Trophy in Majorca.<\/p>\n<p>To achieve her Olympic place she still has to prove herself in key competitions over the next few months, such as the French Olympic Week in France, the Expert Olympic Garda in Italy, the World Championships in Germany and the Gold Sailor in the United Kingdom.<\/p>\n<p>This week, both Alicia Cebri\u00e1n as well as the Sando Fundaci\u00f3n, have received the backing of the Santa Cruz Mayor in Tenerife, Jos\u00e9 Manuel Berm\u00fadez, and the Sports, Youth and Education Councillor, M\u00f3nica Molina, who have lent their support to this initiative. <\/p>\n<p>The foundation hopes that the yachtswoman, Alicia Cebri\u00e1n, will be able to take part in the 2012 Olympic Games and champion the values of sportsmanship, perseverance, spirit and team work. <\/p>\n<p>The Sando Fundaci\u00f3n is a non-profit organization which promotes the policy of Corporate Social Responsibility throughout the group of companies which comprise Sando.<\/p>\n<p><a href=\"\" target=\"_blank\" rel=\"noopener noreferrer\" download=\"\">Download file<\/a><\/p>\n<p style=\"text-align: left;\">\n<p>&nbsp;<\/p>\n<div class=\"avia-button-wrap avia-button-center avia-builder-el-47 el_after_av_button avia-builder-el-last \"><a class=\"avia-button av-icon-on-hover avia-icon_select-yes-right-icon avia-color-custom avia-size-large avia-position-center \" style=\"background-color: #006918; border-color: #004576; color: #ffffff;\" href=\"..\/press-releases\/\"><span class=\"avia_iconbox_title\">Return to Press releases<\/span><\/a><\/div>\n","protected":false},"excerpt":{"rendered":"This weekend in Majorca, the Princess Sophia Trophy was won by the sportswoman from Tenerife","protected":false},"author":2,"featured_media":0,"comment_status":"closed","ping_status":"closed","sticky":false,"template":"","format":"standard","meta":{"_acf_changed":false,"footnotes":""},"categories":[1057,1334],"tags":[],"tax_brand":[],"tax_services":[],"tax_location":[],"class_list":["post-21080","post","type-post","status-publish","format-standard","hentry","category-communication_press-releases","category-press-releases-communication_press-releases"],"acf":[],"yoast_head":"<!-- This site is optimized with the Yoast SEO plugin v27.4 - https:\/\/yoast.com\/product\/yoast-seo-wordpress\/ -->\n<title>Fundaci\u00f3n Sando apoya a la regatista Alicia Cebri\u00e1n<\/title>\n<meta name=\"description\" content=\"Descubre c\u00f3mo la Fundaci\u00f3n Sando apoya a la regatista ol\u00edmpica Alicia Cebri\u00e1n en su camino hacia el \u00e9xito en el mundo de la vela.\" \/>\n<meta name=\"robots\" content=\"index, follow, max-snippet:-1, max-image-preview:large, max-video-preview:-1\" \/>\n<link rel=\"canonical\" href=\"https:\/\/www.sando.com\/en\/actualidad\/fundacion-sando-sponsors-olympic-yachtswoman-alicia-cebrian\" \/>\n<meta property=\"og:locale\" content=\"en_US\" \/>\n<meta property=\"og:type\" content=\"article\" \/>\n<meta property=\"og:title\" content=\"Fundaci\u00f3n Sando apoya a la regatista Alicia Cebri\u00e1n\" \/>\n<meta property=\"og:description\" content=\"Descubre c\u00f3mo la Fundaci\u00f3n Sando apoya a la regatista ol\u00edmpica Alicia Cebri\u00e1n en su camino hacia el \u00e9xito en el mundo de la vela.\" \/>\n<meta property=\"og:url\" content=\"https:\/\/www.sando.com\/en\/actualidad\/fundacion-sando-sponsors-olympic-yachtswoman-alicia-cebrian\" \/>\n<meta property=\"og:site_name\" content=\"Sando\" \/>\n<meta property=\"article:published_time\" content=\"2012-04-10T00:00:00+00:00\" \/>\n<meta property=\"article:modified_time\" content=\"2024-10-29T10:38:13+00:00\" \/>\n<meta name=\"author\" content=\"Juanje Juanje\" \/>\n<meta name=\"twitter:card\" content=\"summary_large_image\" \/>\n<meta name=\"twitter:label1\" content=\"Written by\" \/>\n\t<meta name=\"twitter:data1\" content=\"Juanje Juanje\" \/>\n\t<meta name=\"twitter:label2\" content=\"Est. reading time\" \/>\n\t<meta name=\"twitter:data2\" content=\"2 minutes\" \/>\n<script type=\"application\/ld+json\" class=\"yoast-schema-graph\">{\"@context\":\"https:\\\/\\\/schema.org\",\"@graph\":[{\"@type\":\"Article\",\"@id\":\"https:\\\/\\\/www.sando.com\\\/en\\\/actualidad\\\/fundacion-sando-sponsors-olympic-yachtswoman-alicia-cebrian#article\",\"isPartOf\":{\"@id\":\"https:\\\/\\\/www.sando.com\\\/en\\\/actualidad\\\/fundacion-sando-sponsors-olympic-yachtswoman-alicia-cebrian\"},\"author\":{\"name\":\"Juanje Juanje\",\"@id\":\"https:\\\/\\\/www.sando.com\\\/en#\\\/schema\\\/person\\\/632d5c2fe5027989411732e84a37e6c1\"},\"headline\":\"Sando Fundaci\u00f3n sponsors olympic yachtswoman Alicia Cebri\u00e1n\",\"datePublished\":\"2012-04-10T00:00:00+00:00\",\"dateModified\":\"2024-10-29T10:38:13+00:00\",\"mainEntityOfPage\":{\"@id\":\"https:\\\/\\\/www.sando.com\\\/en\\\/actualidad\\\/fundacion-sando-sponsors-olympic-yachtswoman-alicia-cebrian\"},\"wordCount\":325,\"publisher\":{\"@id\":\"https:\\\/\\\/www.sando.com\\\/en#organization\"},\"articleSection\":[\"Communication_Press releases\",\"Press releases (NOT)\"],\"inLanguage\":\"en-US\"},{\"@type\":\"WebPage\",\"@id\":\"https:\\\/\\\/www.sando.com\\\/en\\\/actualidad\\\/fundacion-sando-sponsors-olympic-yachtswoman-alicia-cebrian\",\"url\":\"https:\\\/\\\/www.sando.com\\\/en\\\/actualidad\\\/fundacion-sando-sponsors-olympic-yachtswoman-alicia-cebrian\",\"name\":\"Fundaci\u00f3n Sando apoya a la regatista Alicia Cebri\u00e1n\",\"isPartOf\":{\"@id\":\"https:\\\/\\\/www.sando.com\\\/en#website\"},\"datePublished\":\"2012-04-10T00:00:00+00:00\",\"dateModified\":\"2024-10-29T10:38:13+00:00\",\"description\":\"Descubre c\u00f3mo la Fundaci\u00f3n Sando apoya a la regatista ol\u00edmpica Alicia Cebri\u00e1n en su camino hacia el \u00e9xito en el mundo de la vela.\",\"breadcrumb\":{\"@id\":\"https:\\\/\\\/www.sando.com\\\/en\\\/actualidad\\\/fundacion-sando-sponsors-olympic-yachtswoman-alicia-cebrian#breadcrumb\"},\"inLanguage\":\"en-US\",\"potentialAction\":[{\"@type\":\"ReadAction\",\"target\":[\"https:\\\/\\\/www.sando.com\\\/en\\\/actualidad\\\/fundacion-sando-sponsors-olympic-yachtswoman-alicia-cebrian\"]}]},{\"@type\":\"BreadcrumbList\",\"@id\":\"https:\\\/\\\/www.sando.com\\\/en\\\/actualidad\\\/fundacion-sando-sponsors-olympic-yachtswoman-alicia-cebrian#breadcrumb\",\"itemListElement\":[{\"@type\":\"ListItem\",\"position\":1,\"name\":\"Portada\",\"item\":\"https:\\\/\\\/www.sando.com\\\/en\"},{\"@type\":\"ListItem\",\"position\":2,\"name\":\"Sando Fundaci\u00f3n sponsors olympic yachtswoman Alicia Cebri\u00e1n\"}]},{\"@type\":\"WebSite\",\"@id\":\"https:\\\/\\\/www.sando.com\\\/en#website\",\"url\":\"https:\\\/\\\/www.sando.com\\\/en\",\"name\":\"Sando\",\"description\":\"\",\"publisher\":{\"@id\":\"https:\\\/\\\/www.sando.com\\\/en#organization\"},\"potentialAction\":[{\"@type\":\"SearchAction\",\"target\":{\"@type\":\"EntryPoint\",\"urlTemplate\":\"https:\\\/\\\/www.sando.com\\\/en?s={search_term_string}\"},\"query-input\":{\"@type\":\"PropertyValueSpecification\",\"valueRequired\":true,\"valueName\":\"search_term_string\"}}],\"inLanguage\":\"en-US\"},{\"@type\":\"Organization\",\"@id\":\"https:\\\/\\\/www.sando.com\\\/en#organization\",\"name\":\"Sando\",\"url\":\"https:\\\/\\\/www.sando.com\\\/en\",\"logo\":{\"@type\":\"ImageObject\",\"inLanguage\":\"en-US\",\"@id\":\"https:\\\/\\\/www.sando.com\\\/en#\\\/schema\\\/logo\\\/image\\\/\",\"url\":\"\",\"contentUrl\":\"\",\"caption\":\"Sando\"},\"image\":{\"@id\":\"https:\\\/\\\/www.sando.com\\\/en#\\\/schema\\\/logo\\\/image\\\/\"}},{\"@type\":\"Person\",\"@id\":\"https:\\\/\\\/www.sando.com\\\/en#\\\/schema\\\/person\\\/632d5c2fe5027989411732e84a37e6c1\",\"name\":\"Juanje Juanje\",\"image\":{\"@type\":\"ImageObject\",\"inLanguage\":\"en-US\",\"@id\":\"https:\\\/\\\/secure.gravatar.com\\\/avatar\\\/c3e6022bd9f917c76ed8e8b6871d1ffbb4e91e491e7ef61fe483473b62660729?s=96&d=mm&r=g\",\"url\":\"https:\\\/\\\/secure.gravatar.com\\\/avatar\\\/c3e6022bd9f917c76ed8e8b6871d1ffbb4e91e491e7ef61fe483473b62660729?s=96&d=mm&r=g\",\"contentUrl\":\"https:\\\/\\\/secure.gravatar.com\\\/avatar\\\/c3e6022bd9f917c76ed8e8b6871d1ffbb4e91e491e7ef61fe483473b62660729?s=96&d=mm&r=g\",\"caption\":\"Juanje Juanje\"}}]}<\/script>\n<!-- \/ Yoast SEO plugin. -->","yoast_head_json":{"title":"Fundaci\u00f3n Sando apoya a la regatista Alicia Cebri\u00e1n","description":"Descubre c\u00f3mo la Fundaci\u00f3n Sando apoya a la regatista ol\u00edmpica Alicia Cebri\u00e1n en su camino hacia el \u00e9xito en el mundo de la vela.","robots":{"index":"index","follow":"follow","max-snippet":"max-snippet:-1","max-image-preview":"max-image-preview:large","max-video-preview":"max-video-preview:-1"},"canonical":"https:\/\/www.sando.com\/en\/actualidad\/fundacion-sando-sponsors-olympic-yachtswoman-alicia-cebrian","og_locale":"en_US","og_type":"article","og_title":"Fundaci\u00f3n Sando apoya a la regatista Alicia Cebri\u00e1n","og_description":"Descubre c\u00f3mo la Fundaci\u00f3n Sando apoya a la regatista ol\u00edmpica Alicia Cebri\u00e1n en su camino hacia el \u00e9xito en el mundo de la vela.","og_url":"https:\/\/www.sando.com\/en\/actualidad\/fundacion-sando-sponsors-olympic-yachtswoman-alicia-cebrian","og_site_name":"Sando","article_published_time":"2012-04-10T00:00:00+00:00","article_modified_time":"2024-10-29T10:38:13+00:00","author":"Juanje Juanje","twitter_card":"summary_large_image","twitter_misc":{"Written by":"Juanje Juanje","Est. reading time":"2 minutes"},"schema":{"@context":"https:\/\/schema.org","@graph":[{"@type":"Article","@id":"https:\/\/www.sando.com\/en\/actualidad\/fundacion-sando-sponsors-olympic-yachtswoman-alicia-cebrian#article","isPartOf":{"@id":"https:\/\/www.sando.com\/en\/actualidad\/fundacion-sando-sponsors-olympic-yachtswoman-alicia-cebrian"},"author":{"name":"Juanje Juanje","@id":"https:\/\/www.sando.com\/en#\/schema\/person\/632d5c2fe5027989411732e84a37e6c1"},"headline":"Sando Fundaci\u00f3n sponsors olympic yachtswoman Alicia Cebri\u00e1n","datePublished":"2012-04-10T00:00:00+00:00","dateModified":"2024-10-29T10:38:13+00:00","mainEntityOfPage":{"@id":"https:\/\/www.sando.com\/en\/actualidad\/fundacion-sando-sponsors-olympic-yachtswoman-alicia-cebrian"},"wordCount":325,"publisher":{"@id":"https:\/\/www.sando.com\/en#organization"},"articleSection":["Communication_Press releases","Press releases (NOT)"],"inLanguage":"en-US"},{"@type":"WebPage","@id":"https:\/\/www.sando.com\/en\/actualidad\/fundacion-sando-sponsors-olympic-yachtswoman-alicia-cebrian","url":"https:\/\/www.sando.com\/en\/actualidad\/fundacion-sando-sponsors-olympic-yachtswoman-alicia-cebrian","name":"Fundaci\u00f3n Sando apoya a la regatista Alicia Cebri\u00e1n","isPartOf":{"@id":"https:\/\/www.sando.com\/en#website"},"datePublished":"2012-04-10T00:00:00+00:00","dateModified":"2024-10-29T10:38:13+00:00","description":"Descubre c\u00f3mo la Fundaci\u00f3n Sando apoya a la regatista ol\u00edmpica Alicia Cebri\u00e1n en su camino hacia el \u00e9xito en el mundo de la vela.","breadcrumb":{"@id":"https:\/\/www.sando.com\/en\/actualidad\/fundacion-sando-sponsors-olympic-yachtswoman-alicia-cebrian#breadcrumb"},"inLanguage":"en-US","potentialAction":[{"@type":"ReadAction","target":["https:\/\/www.sando.com\/en\/actualidad\/fundacion-sando-sponsors-olympic-yachtswoman-alicia-cebrian"]}]},{"@type":"BreadcrumbList","@id":"https:\/\/www.sando.com\/en\/actualidad\/fundacion-sando-sponsors-olympic-yachtswoman-alicia-cebrian#breadcrumb","itemListElement":[{"@type":"ListItem","position":1,"name":"Portada","item":"https:\/\/www.sando.com\/en"},{"@type":"ListItem","position":2,"name":"Sando Fundaci\u00f3n sponsors olympic yachtswoman Alicia Cebri\u00e1n"}]},{"@type":"WebSite","@id":"https:\/\/www.sando.com\/en#website","url":"https:\/\/www.sando.com\/en","name":"Sando","description":"","publisher":{"@id":"https:\/\/www.sando.com\/en#organization"},"potentialAction":[{"@type":"SearchAction","target":{"@type":"EntryPoint","urlTemplate":"https:\/\/www.sando.com\/en?s={search_term_string}"},"query-input":{"@type":"PropertyValueSpecification","valueRequired":true,"valueName":"search_term_string"}}],"inLanguage":"en-US"},{"@type":"Organization","@id":"https:\/\/www.sando.com\/en#organization","name":"Sando","url":"https:\/\/www.sando.com\/en","logo":{"@type":"ImageObject","inLanguage":"en-US","@id":"https:\/\/www.sando.com\/en#\/schema\/logo\/image\/","url":"","contentUrl":"","caption":"Sando"},"image":{"@id":"https:\/\/www.sando.com\/en#\/schema\/logo\/image\/"}},{"@type":"Person","@id":"https:\/\/www.sando.com\/en#\/schema\/person\/632d5c2fe5027989411732e84a37e6c1","name":"Juanje Juanje","image":{"@type":"ImageObject","inLanguage":"en-US","@id":"https:\/\/secure.gravatar.com\/avatar\/c3e6022bd9f917c76ed8e8b6871d1ffbb4e91e491e7ef61fe483473b62660729?s=96&d=mm&r=g","url":"https:\/\/secure.gravatar.com\/avatar\/c3e6022bd9f917c76ed8e8b6871d1ffbb4e91e491e7ef61fe483473b62660729?s=96&d=mm&r=g","contentUrl":"https:\/\/secure.gravatar.com\/avatar\/c3e6022bd9f917c76ed8e8b6871d1ffbb4e91e491e7ef61fe483473b62660729?s=96&d=mm&r=g","caption":"Juanje Juanje"}}]}},"_links":{"self":[{"href":"https:\/\/www.sando.com\/en\/wp-json\/wp\/v2\/posts\/21080","targetHints":{"allow":["GET"]}}],"collection":[{"href":"https:\/\/www.sando.com\/en\/wp-json\/wp\/v2\/posts"}],"about":[{"href":"https:\/\/www.sando.com\/en\/wp-json\/wp\/v2\/types\/post"}],"author":[{"embeddable":true,"href":"https:\/\/www.sando.com\/en\/wp-json\/wp\/v2\/users\/2"}],"replies":[{"embeddable":true,"href":"https:\/\/www.sando.com\/en\/wp-json\/wp\/v2\/comments?post=21080"}],"version-history":[{"count":0,"href":"https:\/\/www.sando.com\/en\/wp-json\/wp\/v2\/posts\/21080\/revisions"}],"wp:attachment":[{"href":"https:\/\/www.sando.com\/en\/wp-json\/wp\/v2\/media?parent=21080"}],"wp:term":[{"taxonomy":"category","embeddable":true,"href":"https:\/\/www.sando.com\/en\/wp-json\/wp\/v2\/categories?post=21080"},{"taxonomy":"post_tag","embeddable":true,"href":"https:\/\/www.sando.com\/en\/wp-json\/wp\/v2\/tags?post=21080"},{"taxonomy":"tax_brand","embeddable":true,"href":"https:\/\/www.sando.com\/en\/wp-json\/wp\/v2\/tax_brand?post=21080"},{"taxonomy":"tax_services","embeddable":true,"href":"https:\/\/www.sando.com\/en\/wp-json\/wp\/v2\/tax_services?post=21080"},{"taxonomy":"tax_location","embeddable":true,"href":"https:\/\/www.sando.com\/en\/wp-json\/wp\/v2\/tax_location?post=21080"}],"curies":[{"name":"wp","href":"https:\/\/api.w.org\/{rel}","templated":true}]}}