{"id":21121,"date":"2015-06-26T00:00:00","date_gmt":"2015-06-26T00:00:00","guid":{"rendered":"https:\/\/sando.com\/actualidad\/sando-welcomes-a-number-of-visiting-delegates-from-the-government-of-cuba-at-their-head-office-and-takes-them-to-see-some-of-the-infrastructure-the-company-has-undertaken"},"modified":"2024-10-29T10:38:36","modified_gmt":"2024-10-29T10:38:36","slug":"sando-welcomes-a-number-of-visiting-delegates-from-the-government-of-cuba-at-their-head-office-and-takes-them-to-see-some-of-the-infrastructure-the-company-has-undertaken","status":"publish","type":"post","link":"https:\/\/www.sando.com\/en\/actualidad\/sando-welcomes-a-number-of-visiting-delegates-from-the-government-of-cuba-at-their-head-office-and-takes-them-to-see-some-of-the-infrastructure-the-company-has-undertaken","title":{"rendered":"Sando welcomes a number of visiting delegates from the Government of Cuba at their head office and takes them to see some of the infrastructure the company has undertaken"},"content":{"rendered":"<p>During the week, the entourage were taken to see the installations built at Malaga Metro, the Airport and Malaga Port.<br \/>\nA number of delegates from the Government of Cuba including top officials in the field of mobility and transport visited the head office of the Sando group of companies in Malaga. They also toured some of the most important infrastructure in the city which the company took part in building, such as the Metro, the Airport and the Port.<\/p>\n<p>The aim of this return visit, organised by the consulting firm Urbatrans Caribe, was for the Cuban technical experts, engineers and operational managers to have the opportunity to see in situ the best technology and operational systems connected to the transport sector in Spain.<\/p>\n<p>The delegation was met at the head office of the Sando group of companies, where the chairman, Jos\u00e9 Luis S\u00e1nchez Dom\u00ednguez, accompanied by the vice-chairman and managing director, Luis S\u00e1nchez Manzano, and the managing director of International Development, Diego Varona Fidalgo, exchanged ideas about structural needs in the Central American country.  <\/p>\n<p>The delegation from the Cuban Government consisted of the Director of Planning and Development and the Director for General Regional Transport Operations in Havana, Guadalupe Rodr\u00edguez; the Investment Director from the <a href=\"\/en\/specialisations\/transport-infrastructure\/passenger-transport\/railway\" title=\"Construction of railroad tracks\" target=\"_blank\">Railway<\/a> Union in Cuba, Ricardo Aguiar; the Travel Director from the Ministry of Transport in Cuba, \u00d3scar Carbajal; the Assistant Director from the Railway Union in Cuba, Rub\u00e9n Morales; the Head of Research from the Transport Research Institute, Julio Cabrera, and the International Representative from the  Chamber of Commerce from the Republic of Cuba, Lourdes Morell.<\/p>\n<p>The first installations to be visited were those of Malaga Metro. The Managing Director, Fernando Lozano, explained the complete project to them from the central control unit (PPC) and how the system works from a technical angle. The delegation was shown around the workshop warehouses and engine shed travelling by metro to the station at El Perchel.<\/p>\n<p>At Malaga airport the entourage concentrated on the Technical Block in the new Third Terminal. The Head of Operations, Ana Rinc\u00f3n, showed them round the Operations Centre, the Management Centre in Real Time, the Automatic Luggage System and the Interchanger. The tour finished at the Suburbs Station where they were shown how construction of the tunnel was carried out underneath the second track and underground station.<\/p>\n<p>The last stop on their visit was to Malaga Port, where Manuel Guti\u00e9rrez, the Managing Director of Malaga Port, and Jos\u00e9 Moyano, the director of the Port Authorities, gave a presentation about the history of the area and the huge remodelling project which was undertaken during the last ten years. Finally, the delegation was taken to the Levante dock and was shown how the Cruise Ship Terminal works.<\/p>\n<p>The delegation from the Cuban Government set off back home today, after they had been shown the infrastructure and transport systems in several other cities in the country over the last eleven days.<\/p>\n<p><a href=\"\" target=\"_blank\" rel=\"noopener noreferrer\" download=\"\">Download file<\/a><\/p>\n<p style=\"text-align: left;\">\n<p>&nbsp;<\/p>\n<div class=\"avia-button-wrap avia-button-center avia-builder-el-47 el_after_av_button avia-builder-el-last \"><a class=\"avia-button av-icon-on-hover avia-icon_select-yes-right-icon avia-color-custom avia-size-large avia-position-center \" style=\"background-color: #006918; border-color: #004576; color: #ffffff;\" href=\"..\/press-releases\/\"><span class=\"avia_iconbox_title\">Return to Press releases<\/span><\/a><\/div>\n","protected":false},"excerpt":{"rendered":"During the week, the entourage were taken to see the installations built at Malaga Metro, the Airport and Malaga Port.","protected":false},"author":2,"featured_media":0,"comment_status":"closed","ping_status":"closed","sticky":false,"template":"","format":"standard","meta":{"_acf_changed":false,"footnotes":""},"categories":[1057,1334],"tags":[],"tax_brand":[],"tax_services":[],"tax_location":[],"class_list":["post-21121","post","type-post","status-publish","format-standard","hentry","category-communication_press-releases","category-press-releases-communication_press-releases"],"acf":[],"yoast_head":"<!-- This site is optimized with the Yoast SEO plugin v27.4 - https:\/\/yoast.com\/product\/yoast-seo-wordpress\/ -->\n<title>Sando recibe delegaci\u00f3n del Gobierno de Cuba en Espa\u00f1a<\/title>\n<meta name=\"description\" content=\"Sando recibe a la delegaci\u00f3n del Gobierno de Cuba, destacando su compromiso con la cooperaci\u00f3n internacional y las infraestructuras de calidad.\" \/>\n<meta name=\"robots\" content=\"index, follow, max-snippet:-1, max-image-preview:large, max-video-preview:-1\" \/>\n<link rel=\"canonical\" href=\"https:\/\/www.sando.com\/en\/actualidad\/sando-welcomes-a-number-of-visiting-delegates-from-the-government-of-cuba-at-their-head-office-and-takes-them-to-see-some-of-the-infrastructure-the-company-has-undertaken\" \/>\n<meta property=\"og:locale\" content=\"en_US\" \/>\n<meta property=\"og:type\" content=\"article\" \/>\n<meta property=\"og:title\" content=\"Sando recibe delegaci\u00f3n del Gobierno de Cuba en Espa\u00f1a\" \/>\n<meta property=\"og:description\" content=\"Sando recibe a la delegaci\u00f3n del Gobierno de Cuba, destacando su compromiso con la cooperaci\u00f3n internacional y las infraestructuras de calidad.\" \/>\n<meta property=\"og:url\" content=\"https:\/\/www.sando.com\/en\/actualidad\/sando-welcomes-a-number-of-visiting-delegates-from-the-government-of-cuba-at-their-head-office-and-takes-them-to-see-some-of-the-infrastructure-the-company-has-undertaken\" \/>\n<meta property=\"og:site_name\" content=\"Sando\" \/>\n<meta property=\"article:published_time\" content=\"2015-06-26T00:00:00+00:00\" \/>\n<meta property=\"article:modified_time\" content=\"2024-10-29T10:38:36+00:00\" \/>\n<meta name=\"author\" content=\"Juanje Juanje\" \/>\n<meta name=\"twitter:card\" content=\"summary_large_image\" \/>\n<meta name=\"twitter:label1\" content=\"Written by\" \/>\n\t<meta name=\"twitter:data1\" content=\"Juanje Juanje\" \/>\n\t<meta name=\"twitter:label2\" content=\"Est. reading time\" \/>\n\t<meta name=\"twitter:data2\" content=\"3 minutes\" \/>\n<script type=\"application\/ld+json\" class=\"yoast-schema-graph\">{\"@context\":\"https:\\\/\\\/schema.org\",\"@graph\":[{\"@type\":\"Article\",\"@id\":\"https:\\\/\\\/www.sando.com\\\/en\\\/actualidad\\\/sando-welcomes-a-number-of-visiting-delegates-from-the-government-of-cuba-at-their-head-office-and-takes-them-to-see-some-of-the-infrastructure-the-company-has-undertaken#article\",\"isPartOf\":{\"@id\":\"https:\\\/\\\/www.sando.com\\\/en\\\/actualidad\\\/sando-welcomes-a-number-of-visiting-delegates-from-the-government-of-cuba-at-their-head-office-and-takes-them-to-see-some-of-the-infrastructure-the-company-has-undertaken\"},\"author\":{\"name\":\"Juanje Juanje\",\"@id\":\"https:\\\/\\\/www.sando.com\\\/en#\\\/schema\\\/person\\\/632d5c2fe5027989411732e84a37e6c1\"},\"headline\":\"Sando welcomes a number of visiting delegates from the Government of Cuba at their head office and takes them to see some of the infrastructure the company has undertaken\",\"datePublished\":\"2015-06-26T00:00:00+00:00\",\"dateModified\":\"2024-10-29T10:38:36+00:00\",\"mainEntityOfPage\":{\"@id\":\"https:\\\/\\\/www.sando.com\\\/en\\\/actualidad\\\/sando-welcomes-a-number-of-visiting-delegates-from-the-government-of-cuba-at-their-head-office-and-takes-them-to-see-some-of-the-infrastructure-the-company-has-undertaken\"},\"wordCount\":528,\"publisher\":{\"@id\":\"https:\\\/\\\/www.sando.com\\\/en#organization\"},\"articleSection\":[\"Communication_Press releases\",\"Press releases (NOT)\"],\"inLanguage\":\"en-US\"},{\"@type\":\"WebPage\",\"@id\":\"https:\\\/\\\/www.sando.com\\\/en\\\/actualidad\\\/sando-welcomes-a-number-of-visiting-delegates-from-the-government-of-cuba-at-their-head-office-and-takes-them-to-see-some-of-the-infrastructure-the-company-has-undertaken\",\"url\":\"https:\\\/\\\/www.sando.com\\\/en\\\/actualidad\\\/sando-welcomes-a-number-of-visiting-delegates-from-the-government-of-cuba-at-their-head-office-and-takes-them-to-see-some-of-the-infrastructure-the-company-has-undertaken\",\"name\":\"Sando recibe delegaci\u00f3n del Gobierno de Cuba en Espa\u00f1a\",\"isPartOf\":{\"@id\":\"https:\\\/\\\/www.sando.com\\\/en#website\"},\"datePublished\":\"2015-06-26T00:00:00+00:00\",\"dateModified\":\"2024-10-29T10:38:36+00:00\",\"description\":\"Sando recibe a la delegaci\u00f3n del Gobierno de Cuba, destacando su compromiso con la cooperaci\u00f3n internacional y las infraestructuras de calidad.\",\"breadcrumb\":{\"@id\":\"https:\\\/\\\/www.sando.com\\\/en\\\/actualidad\\\/sando-welcomes-a-number-of-visiting-delegates-from-the-government-of-cuba-at-their-head-office-and-takes-them-to-see-some-of-the-infrastructure-the-company-has-undertaken#breadcrumb\"},\"inLanguage\":\"en-US\",\"potentialAction\":[{\"@type\":\"ReadAction\",\"target\":[\"https:\\\/\\\/www.sando.com\\\/en\\\/actualidad\\\/sando-welcomes-a-number-of-visiting-delegates-from-the-government-of-cuba-at-their-head-office-and-takes-them-to-see-some-of-the-infrastructure-the-company-has-undertaken\"]}]},{\"@type\":\"BreadcrumbList\",\"@id\":\"https:\\\/\\\/www.sando.com\\\/en\\\/actualidad\\\/sando-welcomes-a-number-of-visiting-delegates-from-the-government-of-cuba-at-their-head-office-and-takes-them-to-see-some-of-the-infrastructure-the-company-has-undertaken#breadcrumb\",\"itemListElement\":[{\"@type\":\"ListItem\",\"position\":1,\"name\":\"Portada\",\"item\":\"https:\\\/\\\/www.sando.com\\\/en\"},{\"@type\":\"ListItem\",\"position\":2,\"name\":\"Sando welcomes a number of visiting delegates from the Government of Cuba at their head office and takes them to see some of the infrastructure the company has undertaken\"}]},{\"@type\":\"WebSite\",\"@id\":\"https:\\\/\\\/www.sando.com\\\/en#website\",\"url\":\"https:\\\/\\\/www.sando.com\\\/en\",\"name\":\"Sando\",\"description\":\"\",\"publisher\":{\"@id\":\"https:\\\/\\\/www.sando.com\\\/en#organization\"},\"potentialAction\":[{\"@type\":\"SearchAction\",\"target\":{\"@type\":\"EntryPoint\",\"urlTemplate\":\"https:\\\/\\\/www.sando.com\\\/en?s={search_term_string}\"},\"query-input\":{\"@type\":\"PropertyValueSpecification\",\"valueRequired\":true,\"valueName\":\"search_term_string\"}}],\"inLanguage\":\"en-US\"},{\"@type\":\"Organization\",\"@id\":\"https:\\\/\\\/www.sando.com\\\/en#organization\",\"name\":\"Sando\",\"url\":\"https:\\\/\\\/www.sando.com\\\/en\",\"logo\":{\"@type\":\"ImageObject\",\"inLanguage\":\"en-US\",\"@id\":\"https:\\\/\\\/www.sando.com\\\/en#\\\/schema\\\/logo\\\/image\\\/\",\"url\":\"\",\"contentUrl\":\"\",\"caption\":\"Sando\"},\"image\":{\"@id\":\"https:\\\/\\\/www.sando.com\\\/en#\\\/schema\\\/logo\\\/image\\\/\"}},{\"@type\":\"Person\",\"@id\":\"https:\\\/\\\/www.sando.com\\\/en#\\\/schema\\\/person\\\/632d5c2fe5027989411732e84a37e6c1\",\"name\":\"Juanje Juanje\",\"image\":{\"@type\":\"ImageObject\",\"inLanguage\":\"en-US\",\"@id\":\"https:\\\/\\\/secure.gravatar.com\\\/avatar\\\/c3e6022bd9f917c76ed8e8b6871d1ffbb4e91e491e7ef61fe483473b62660729?s=96&d=mm&r=g\",\"url\":\"https:\\\/\\\/secure.gravatar.com\\\/avatar\\\/c3e6022bd9f917c76ed8e8b6871d1ffbb4e91e491e7ef61fe483473b62660729?s=96&d=mm&r=g\",\"contentUrl\":\"https:\\\/\\\/secure.gravatar.com\\\/avatar\\\/c3e6022bd9f917c76ed8e8b6871d1ffbb4e91e491e7ef61fe483473b62660729?s=96&d=mm&r=g\",\"caption\":\"Juanje Juanje\"}}]}<\/script>\n<!-- \/ Yoast SEO plugin. -->","yoast_head_json":{"title":"Sando recibe delegaci\u00f3n del Gobierno de Cuba en Espa\u00f1a","description":"Sando recibe a la delegaci\u00f3n del Gobierno de Cuba, destacando su compromiso con la cooperaci\u00f3n internacional y las infraestructuras de calidad.","robots":{"index":"index","follow":"follow","max-snippet":"max-snippet:-1","max-image-preview":"max-image-preview:large","max-video-preview":"max-video-preview:-1"},"canonical":"https:\/\/www.sando.com\/en\/actualidad\/sando-welcomes-a-number-of-visiting-delegates-from-the-government-of-cuba-at-their-head-office-and-takes-them-to-see-some-of-the-infrastructure-the-company-has-undertaken","og_locale":"en_US","og_type":"article","og_title":"Sando recibe delegaci\u00f3n del Gobierno de Cuba en Espa\u00f1a","og_description":"Sando recibe a la delegaci\u00f3n del Gobierno de Cuba, destacando su compromiso con la cooperaci\u00f3n internacional y las infraestructuras de calidad.","og_url":"https:\/\/www.sando.com\/en\/actualidad\/sando-welcomes-a-number-of-visiting-delegates-from-the-government-of-cuba-at-their-head-office-and-takes-them-to-see-some-of-the-infrastructure-the-company-has-undertaken","og_site_name":"Sando","article_published_time":"2015-06-26T00:00:00+00:00","article_modified_time":"2024-10-29T10:38:36+00:00","author":"Juanje Juanje","twitter_card":"summary_large_image","twitter_misc":{"Written by":"Juanje Juanje","Est. reading time":"3 minutes"},"schema":{"@context":"https:\/\/schema.org","@graph":[{"@type":"Article","@id":"https:\/\/www.sando.com\/en\/actualidad\/sando-welcomes-a-number-of-visiting-delegates-from-the-government-of-cuba-at-their-head-office-and-takes-them-to-see-some-of-the-infrastructure-the-company-has-undertaken#article","isPartOf":{"@id":"https:\/\/www.sando.com\/en\/actualidad\/sando-welcomes-a-number-of-visiting-delegates-from-the-government-of-cuba-at-their-head-office-and-takes-them-to-see-some-of-the-infrastructure-the-company-has-undertaken"},"author":{"name":"Juanje Juanje","@id":"https:\/\/www.sando.com\/en#\/schema\/person\/632d5c2fe5027989411732e84a37e6c1"},"headline":"Sando welcomes a number of visiting delegates from the Government of Cuba at their head office and takes them to see some of the infrastructure the company has undertaken","datePublished":"2015-06-26T00:00:00+00:00","dateModified":"2024-10-29T10:38:36+00:00","mainEntityOfPage":{"@id":"https:\/\/www.sando.com\/en\/actualidad\/sando-welcomes-a-number-of-visiting-delegates-from-the-government-of-cuba-at-their-head-office-and-takes-them-to-see-some-of-the-infrastructure-the-company-has-undertaken"},"wordCount":528,"publisher":{"@id":"https:\/\/www.sando.com\/en#organization"},"articleSection":["Communication_Press releases","Press releases (NOT)"],"inLanguage":"en-US"},{"@type":"WebPage","@id":"https:\/\/www.sando.com\/en\/actualidad\/sando-welcomes-a-number-of-visiting-delegates-from-the-government-of-cuba-at-their-head-office-and-takes-them-to-see-some-of-the-infrastructure-the-company-has-undertaken","url":"https:\/\/www.sando.com\/en\/actualidad\/sando-welcomes-a-number-of-visiting-delegates-from-the-government-of-cuba-at-their-head-office-and-takes-them-to-see-some-of-the-infrastructure-the-company-has-undertaken","name":"Sando recibe delegaci\u00f3n del Gobierno de Cuba en Espa\u00f1a","isPartOf":{"@id":"https:\/\/www.sando.com\/en#website"},"datePublished":"2015-06-26T00:00:00+00:00","dateModified":"2024-10-29T10:38:36+00:00","description":"Sando recibe a la delegaci\u00f3n del Gobierno de Cuba, destacando su compromiso con la cooperaci\u00f3n internacional y las infraestructuras de calidad.","breadcrumb":{"@id":"https:\/\/www.sando.com\/en\/actualidad\/sando-welcomes-a-number-of-visiting-delegates-from-the-government-of-cuba-at-their-head-office-and-takes-them-to-see-some-of-the-infrastructure-the-company-has-undertaken#breadcrumb"},"inLanguage":"en-US","potentialAction":[{"@type":"ReadAction","target":["https:\/\/www.sando.com\/en\/actualidad\/sando-welcomes-a-number-of-visiting-delegates-from-the-government-of-cuba-at-their-head-office-and-takes-them-to-see-some-of-the-infrastructure-the-company-has-undertaken"]}]},{"@type":"BreadcrumbList","@id":"https:\/\/www.sando.com\/en\/actualidad\/sando-welcomes-a-number-of-visiting-delegates-from-the-government-of-cuba-at-their-head-office-and-takes-them-to-see-some-of-the-infrastructure-the-company-has-undertaken#breadcrumb","itemListElement":[{"@type":"ListItem","position":1,"name":"Portada","item":"https:\/\/www.sando.com\/en"},{"@type":"ListItem","position":2,"name":"Sando welcomes a number of visiting delegates from the Government of Cuba at their head office and takes them to see some of the infrastructure the company has undertaken"}]},{"@type":"WebSite","@id":"https:\/\/www.sando.com\/en#website","url":"https:\/\/www.sando.com\/en","name":"Sando","description":"","publisher":{"@id":"https:\/\/www.sando.com\/en#organization"},"potentialAction":[{"@type":"SearchAction","target":{"@type":"EntryPoint","urlTemplate":"https:\/\/www.sando.com\/en?s={search_term_string}"},"query-input":{"@type":"PropertyValueSpecification","valueRequired":true,"valueName":"search_term_string"}}],"inLanguage":"en-US"},{"@type":"Organization","@id":"https:\/\/www.sando.com\/en#organization","name":"Sando","url":"https:\/\/www.sando.com\/en","logo":{"@type":"ImageObject","inLanguage":"en-US","@id":"https:\/\/www.sando.com\/en#\/schema\/logo\/image\/","url":"","contentUrl":"","caption":"Sando"},"image":{"@id":"https:\/\/www.sando.com\/en#\/schema\/logo\/image\/"}},{"@type":"Person","@id":"https:\/\/www.sando.com\/en#\/schema\/person\/632d5c2fe5027989411732e84a37e6c1","name":"Juanje Juanje","image":{"@type":"ImageObject","inLanguage":"en-US","@id":"https:\/\/secure.gravatar.com\/avatar\/c3e6022bd9f917c76ed8e8b6871d1ffbb4e91e491e7ef61fe483473b62660729?s=96&d=mm&r=g","url":"https:\/\/secure.gravatar.com\/avatar\/c3e6022bd9f917c76ed8e8b6871d1ffbb4e91e491e7ef61fe483473b62660729?s=96&d=mm&r=g","contentUrl":"https:\/\/secure.gravatar.com\/avatar\/c3e6022bd9f917c76ed8e8b6871d1ffbb4e91e491e7ef61fe483473b62660729?s=96&d=mm&r=g","caption":"Juanje Juanje"}}]}},"_links":{"self":[{"href":"https:\/\/www.sando.com\/en\/wp-json\/wp\/v2\/posts\/21121","targetHints":{"allow":["GET"]}}],"collection":[{"href":"https:\/\/www.sando.com\/en\/wp-json\/wp\/v2\/posts"}],"about":[{"href":"https:\/\/www.sando.com\/en\/wp-json\/wp\/v2\/types\/post"}],"author":[{"embeddable":true,"href":"https:\/\/www.sando.com\/en\/wp-json\/wp\/v2\/users\/2"}],"replies":[{"embeddable":true,"href":"https:\/\/www.sando.com\/en\/wp-json\/wp\/v2\/comments?post=21121"}],"version-history":[{"count":0,"href":"https:\/\/www.sando.com\/en\/wp-json\/wp\/v2\/posts\/21121\/revisions"}],"wp:attachment":[{"href":"https:\/\/www.sando.com\/en\/wp-json\/wp\/v2\/media?parent=21121"}],"wp:term":[{"taxonomy":"category","embeddable":true,"href":"https:\/\/www.sando.com\/en\/wp-json\/wp\/v2\/categories?post=21121"},{"taxonomy":"post_tag","embeddable":true,"href":"https:\/\/www.sando.com\/en\/wp-json\/wp\/v2\/tags?post=21121"},{"taxonomy":"tax_brand","embeddable":true,"href":"https:\/\/www.sando.com\/en\/wp-json\/wp\/v2\/tax_brand?post=21121"},{"taxonomy":"tax_services","embeddable":true,"href":"https:\/\/www.sando.com\/en\/wp-json\/wp\/v2\/tax_services?post=21121"},{"taxonomy":"tax_location","embeddable":true,"href":"https:\/\/www.sando.com\/en\/wp-json\/wp\/v2\/tax_location?post=21121"}],"curies":[{"name":"wp","href":"https:\/\/api.w.org\/{rel}","templated":true}]}}