{"id":21122,"date":"2015-06-16T00:00:00","date_gmt":"2015-06-16T00:00:00","guid":{"rendered":"https:\/\/sando.com\/actualidad\/malaga-and-seville-universities-have-signed-an-agreement-with-sando-foundation-which-will-enable-students-to-travel-and-carry-out-their-studies-abroad"},"modified":"2024-10-29T10:38:36","modified_gmt":"2024-10-29T10:38:36","slug":"malaga-and-seville-universities-have-signed-an-agreement-with-fundacion-sando-which-will-enable-students-to-travel-and-carry-out-their-studies-abroad","status":"publish","type":"post","link":"https:\/\/www.sando.com\/en\/actualidad\/malaga-and-seville-universities-have-signed-an-agreement-with-fundacion-sando-which-will-enable-students-to-travel-and-carry-out-their-studies-abroad","title":{"rendered":"Malaga and Seville universities have signed an agreement with Sando Fundaci\u00f3n which will enable students to travel and carry out their studies abroad"},"content":{"rendered":"<p>The agreement is part of the Andalusia Technology Park convention framework and includes six grants for training and practical work during a six month period<br \/>\nMalaga and Seville universities have today signed up to a collaboration convention framework with Sando Fundaci\u00f3n. The objective is to provide six grants annually, (three for each academic institution), which will enable students to travel and carry out their studies abroad.<\/p>\n<p>The agreement, which is part of the Andalusia Technology Park Campus of International Excellence, was signed at the UMA Rectory by the rector, Adelaida de la Calle; the rector of Seville University, Antonio Ram\u00edrez de Arellano, and Esther S\u00e1nchez Manzano, the managing director of Sando Fundaci\u00f3n. <\/p>\n<p>The aim of the convention is to help university students to travel abroad in order to undertake practical studies and training with a company. For this purpose, Sando Fundaci\u00f3n will pay 7,500 euros annually to each university, for each grant this equates to 2,500 euros. <\/p>\n<p>During their practical studies, which will last for six months, the student will be appointed a tutor from the collaborating entity and an academic tutor from the university. In order to obtain a grant, the students will be selected by the board\u2019s on-going assessment panel as set out in the convention, comprising the two rectors, (or those delegated by them), and a representative from Sando. <\/p>\n<p>The countries where the students will be sent to are not yet known, as this is something which will be specified at future conventions. Adhering to the Andalusia Technology Park concept, the aim of this project is to create a centre of excellence for teaching, research and transferring results, as well as helping to encourage innovation within companies. <\/p>\n<p>In accordance with this objective, one of the aims which has been implemented is the internationalisation of teaching, something which was applied to this convention, and which will come into effect from the date of signing the agreement, the duration of which will be for one year, and can be renewed automatically on a yearly basis.<\/p>\n<p><a href=\"\" target=\"_blank\" rel=\"noopener noreferrer\" download=\"\">Download file<\/a><\/p>\n<p style=\"text-align: left;\">\n<p>&nbsp;<\/p>\n<div class=\"avia-button-wrap avia-button-center avia-builder-el-47 el_after_av_button avia-builder-el-last \"><a class=\"avia-button av-icon-on-hover avia-icon_select-yes-right-icon avia-color-custom avia-size-large avia-position-center \" style=\"background-color: #006918; border-color: #004576; color: #ffffff;\" href=\"..\/press-releases\/\"><span class=\"avia_iconbox_title\">Return to Press releases<\/span><\/a><\/div>\n","protected":false},"excerpt":{"rendered":"The agreement is part of the Andalusia Technology Park convention framework and includes six grants for training and practical work during a six month period","protected":false},"author":2,"featured_media":0,"comment_status":"closed","ping_status":"closed","sticky":false,"template":"","format":"standard","meta":{"_acf_changed":false,"footnotes":""},"categories":[1057,1334],"tags":[],"tax_brand":[],"tax_services":[],"tax_location":[],"class_list":["post-21122","post","type-post","status-publish","format-standard","hentry","category-communication_press-releases","category-press-releases-communication_press-releases"],"acf":[],"yoast_head":"<!-- This site is optimized with the Yoast SEO plugin v27.4 - https:\/\/yoast.com\/product\/yoast-seo-wordpress\/ -->\n<title>Convenio Sando: Movilidad Internacional Estudiantil<\/title>\n<meta name=\"description\" content=\"Descubre el convenio entre las universidades de M\u00e1laga y Sevilla con la Fundaci\u00f3n Sando, que impulsa la movilidad internacional de estudiantes.\" \/>\n<meta name=\"robots\" content=\"index, follow, max-snippet:-1, max-image-preview:large, max-video-preview:-1\" \/>\n<link rel=\"canonical\" href=\"https:\/\/www.sando.com\/en\/actualidad\/malaga-and-seville-universities-have-signed-an-agreement-with-fundacion-sando-which-will-enable-students-to-travel-and-carry-out-their-studies-abroad\" \/>\n<meta property=\"og:locale\" content=\"en_US\" \/>\n<meta property=\"og:type\" content=\"article\" \/>\n<meta property=\"og:title\" content=\"Convenio Sando: Movilidad Internacional Estudiantil\" \/>\n<meta property=\"og:description\" content=\"Descubre el convenio entre las universidades de M\u00e1laga y Sevilla con la Fundaci\u00f3n Sando, que impulsa la movilidad internacional de estudiantes.\" \/>\n<meta property=\"og:url\" content=\"https:\/\/www.sando.com\/en\/actualidad\/malaga-and-seville-universities-have-signed-an-agreement-with-fundacion-sando-which-will-enable-students-to-travel-and-carry-out-their-studies-abroad\" \/>\n<meta property=\"og:site_name\" content=\"Sando\" \/>\n<meta property=\"article:published_time\" content=\"2015-06-16T00:00:00+00:00\" \/>\n<meta property=\"article:modified_time\" content=\"2024-10-29T10:38:36+00:00\" \/>\n<meta name=\"author\" content=\"Juanje Juanje\" \/>\n<meta name=\"twitter:card\" content=\"summary_large_image\" \/>\n<meta name=\"twitter:label1\" content=\"Written by\" \/>\n\t<meta name=\"twitter:data1\" content=\"Juanje Juanje\" \/>\n\t<meta name=\"twitter:label2\" content=\"Est. reading time\" \/>\n\t<meta name=\"twitter:data2\" content=\"2 minutes\" \/>\n<script type=\"application\/ld+json\" class=\"yoast-schema-graph\">{\"@context\":\"https:\\\/\\\/schema.org\",\"@graph\":[{\"@type\":\"Article\",\"@id\":\"https:\\\/\\\/www.sando.com\\\/en\\\/actualidad\\\/malaga-and-seville-universities-have-signed-an-agreement-with-fundacion-sando-which-will-enable-students-to-travel-and-carry-out-their-studies-abroad#article\",\"isPartOf\":{\"@id\":\"https:\\\/\\\/www.sando.com\\\/en\\\/actualidad\\\/malaga-and-seville-universities-have-signed-an-agreement-with-fundacion-sando-which-will-enable-students-to-travel-and-carry-out-their-studies-abroad\"},\"author\":{\"name\":\"Juanje Juanje\",\"@id\":\"https:\\\/\\\/www.sando.com\\\/en#\\\/schema\\\/person\\\/632d5c2fe5027989411732e84a37e6c1\"},\"headline\":\"Malaga and Seville universities have signed an agreement with Sando Fundaci\u00f3n which will enable students to travel and carry out their studies abroad\",\"datePublished\":\"2015-06-16T00:00:00+00:00\",\"dateModified\":\"2024-10-29T10:38:36+00:00\",\"mainEntityOfPage\":{\"@id\":\"https:\\\/\\\/www.sando.com\\\/en\\\/actualidad\\\/malaga-and-seville-universities-have-signed-an-agreement-with-fundacion-sando-which-will-enable-students-to-travel-and-carry-out-their-studies-abroad\"},\"wordCount\":371,\"publisher\":{\"@id\":\"https:\\\/\\\/www.sando.com\\\/en#organization\"},\"articleSection\":[\"Communication_Press releases\",\"Press releases (NOT)\"],\"inLanguage\":\"en-US\"},{\"@type\":\"WebPage\",\"@id\":\"https:\\\/\\\/www.sando.com\\\/en\\\/actualidad\\\/malaga-and-seville-universities-have-signed-an-agreement-with-fundacion-sando-which-will-enable-students-to-travel-and-carry-out-their-studies-abroad\",\"url\":\"https:\\\/\\\/www.sando.com\\\/en\\\/actualidad\\\/malaga-and-seville-universities-have-signed-an-agreement-with-fundacion-sando-which-will-enable-students-to-travel-and-carry-out-their-studies-abroad\",\"name\":\"Convenio Sando: Movilidad Internacional Estudiantil\",\"isPartOf\":{\"@id\":\"https:\\\/\\\/www.sando.com\\\/en#website\"},\"datePublished\":\"2015-06-16T00:00:00+00:00\",\"dateModified\":\"2024-10-29T10:38:36+00:00\",\"description\":\"Descubre el convenio entre las universidades de M\u00e1laga y Sevilla con la Fundaci\u00f3n Sando, que impulsa la movilidad internacional de estudiantes.\",\"breadcrumb\":{\"@id\":\"https:\\\/\\\/www.sando.com\\\/en\\\/actualidad\\\/malaga-and-seville-universities-have-signed-an-agreement-with-fundacion-sando-which-will-enable-students-to-travel-and-carry-out-their-studies-abroad#breadcrumb\"},\"inLanguage\":\"en-US\",\"potentialAction\":[{\"@type\":\"ReadAction\",\"target\":[\"https:\\\/\\\/www.sando.com\\\/en\\\/actualidad\\\/malaga-and-seville-universities-have-signed-an-agreement-with-fundacion-sando-which-will-enable-students-to-travel-and-carry-out-their-studies-abroad\"]}]},{\"@type\":\"BreadcrumbList\",\"@id\":\"https:\\\/\\\/www.sando.com\\\/en\\\/actualidad\\\/malaga-and-seville-universities-have-signed-an-agreement-with-fundacion-sando-which-will-enable-students-to-travel-and-carry-out-their-studies-abroad#breadcrumb\",\"itemListElement\":[{\"@type\":\"ListItem\",\"position\":1,\"name\":\"Portada\",\"item\":\"https:\\\/\\\/www.sando.com\\\/en\"},{\"@type\":\"ListItem\",\"position\":2,\"name\":\"Malaga and Seville universities have signed an agreement with Sando Fundaci\u00f3n which will enable students to travel and carry out their studies abroad\"}]},{\"@type\":\"WebSite\",\"@id\":\"https:\\\/\\\/www.sando.com\\\/en#website\",\"url\":\"https:\\\/\\\/www.sando.com\\\/en\",\"name\":\"Sando\",\"description\":\"\",\"publisher\":{\"@id\":\"https:\\\/\\\/www.sando.com\\\/en#organization\"},\"potentialAction\":[{\"@type\":\"SearchAction\",\"target\":{\"@type\":\"EntryPoint\",\"urlTemplate\":\"https:\\\/\\\/www.sando.com\\\/en?s={search_term_string}\"},\"query-input\":{\"@type\":\"PropertyValueSpecification\",\"valueRequired\":true,\"valueName\":\"search_term_string\"}}],\"inLanguage\":\"en-US\"},{\"@type\":\"Organization\",\"@id\":\"https:\\\/\\\/www.sando.com\\\/en#organization\",\"name\":\"Sando\",\"url\":\"https:\\\/\\\/www.sando.com\\\/en\",\"logo\":{\"@type\":\"ImageObject\",\"inLanguage\":\"en-US\",\"@id\":\"https:\\\/\\\/www.sando.com\\\/en#\\\/schema\\\/logo\\\/image\\\/\",\"url\":\"\",\"contentUrl\":\"\",\"caption\":\"Sando\"},\"image\":{\"@id\":\"https:\\\/\\\/www.sando.com\\\/en#\\\/schema\\\/logo\\\/image\\\/\"}},{\"@type\":\"Person\",\"@id\":\"https:\\\/\\\/www.sando.com\\\/en#\\\/schema\\\/person\\\/632d5c2fe5027989411732e84a37e6c1\",\"name\":\"Juanje Juanje\",\"image\":{\"@type\":\"ImageObject\",\"inLanguage\":\"en-US\",\"@id\":\"https:\\\/\\\/secure.gravatar.com\\\/avatar\\\/c3e6022bd9f917c76ed8e8b6871d1ffbb4e91e491e7ef61fe483473b62660729?s=96&d=mm&r=g\",\"url\":\"https:\\\/\\\/secure.gravatar.com\\\/avatar\\\/c3e6022bd9f917c76ed8e8b6871d1ffbb4e91e491e7ef61fe483473b62660729?s=96&d=mm&r=g\",\"contentUrl\":\"https:\\\/\\\/secure.gravatar.com\\\/avatar\\\/c3e6022bd9f917c76ed8e8b6871d1ffbb4e91e491e7ef61fe483473b62660729?s=96&d=mm&r=g\",\"caption\":\"Juanje Juanje\"}}]}<\/script>\n<!-- \/ Yoast SEO plugin. -->","yoast_head_json":{"title":"Convenio Sando: Movilidad Internacional Estudiantil","description":"Descubre el convenio entre las universidades de M\u00e1laga y Sevilla con la Fundaci\u00f3n Sando, que impulsa la movilidad internacional de estudiantes.","robots":{"index":"index","follow":"follow","max-snippet":"max-snippet:-1","max-image-preview":"max-image-preview:large","max-video-preview":"max-video-preview:-1"},"canonical":"https:\/\/www.sando.com\/en\/actualidad\/malaga-and-seville-universities-have-signed-an-agreement-with-fundacion-sando-which-will-enable-students-to-travel-and-carry-out-their-studies-abroad","og_locale":"en_US","og_type":"article","og_title":"Convenio Sando: Movilidad Internacional Estudiantil","og_description":"Descubre el convenio entre las universidades de M\u00e1laga y Sevilla con la Fundaci\u00f3n Sando, que impulsa la movilidad internacional de estudiantes.","og_url":"https:\/\/www.sando.com\/en\/actualidad\/malaga-and-seville-universities-have-signed-an-agreement-with-fundacion-sando-which-will-enable-students-to-travel-and-carry-out-their-studies-abroad","og_site_name":"Sando","article_published_time":"2015-06-16T00:00:00+00:00","article_modified_time":"2024-10-29T10:38:36+00:00","author":"Juanje Juanje","twitter_card":"summary_large_image","twitter_misc":{"Written by":"Juanje Juanje","Est. reading time":"2 minutes"},"schema":{"@context":"https:\/\/schema.org","@graph":[{"@type":"Article","@id":"https:\/\/www.sando.com\/en\/actualidad\/malaga-and-seville-universities-have-signed-an-agreement-with-fundacion-sando-which-will-enable-students-to-travel-and-carry-out-their-studies-abroad#article","isPartOf":{"@id":"https:\/\/www.sando.com\/en\/actualidad\/malaga-and-seville-universities-have-signed-an-agreement-with-fundacion-sando-which-will-enable-students-to-travel-and-carry-out-their-studies-abroad"},"author":{"name":"Juanje Juanje","@id":"https:\/\/www.sando.com\/en#\/schema\/person\/632d5c2fe5027989411732e84a37e6c1"},"headline":"Malaga and Seville universities have signed an agreement with Sando Fundaci\u00f3n which will enable students to travel and carry out their studies abroad","datePublished":"2015-06-16T00:00:00+00:00","dateModified":"2024-10-29T10:38:36+00:00","mainEntityOfPage":{"@id":"https:\/\/www.sando.com\/en\/actualidad\/malaga-and-seville-universities-have-signed-an-agreement-with-fundacion-sando-which-will-enable-students-to-travel-and-carry-out-their-studies-abroad"},"wordCount":371,"publisher":{"@id":"https:\/\/www.sando.com\/en#organization"},"articleSection":["Communication_Press releases","Press releases (NOT)"],"inLanguage":"en-US"},{"@type":"WebPage","@id":"https:\/\/www.sando.com\/en\/actualidad\/malaga-and-seville-universities-have-signed-an-agreement-with-fundacion-sando-which-will-enable-students-to-travel-and-carry-out-their-studies-abroad","url":"https:\/\/www.sando.com\/en\/actualidad\/malaga-and-seville-universities-have-signed-an-agreement-with-fundacion-sando-which-will-enable-students-to-travel-and-carry-out-their-studies-abroad","name":"Convenio Sando: Movilidad Internacional Estudiantil","isPartOf":{"@id":"https:\/\/www.sando.com\/en#website"},"datePublished":"2015-06-16T00:00:00+00:00","dateModified":"2024-10-29T10:38:36+00:00","description":"Descubre el convenio entre las universidades de M\u00e1laga y Sevilla con la Fundaci\u00f3n Sando, que impulsa la movilidad internacional de estudiantes.","breadcrumb":{"@id":"https:\/\/www.sando.com\/en\/actualidad\/malaga-and-seville-universities-have-signed-an-agreement-with-fundacion-sando-which-will-enable-students-to-travel-and-carry-out-their-studies-abroad#breadcrumb"},"inLanguage":"en-US","potentialAction":[{"@type":"ReadAction","target":["https:\/\/www.sando.com\/en\/actualidad\/malaga-and-seville-universities-have-signed-an-agreement-with-fundacion-sando-which-will-enable-students-to-travel-and-carry-out-their-studies-abroad"]}]},{"@type":"BreadcrumbList","@id":"https:\/\/www.sando.com\/en\/actualidad\/malaga-and-seville-universities-have-signed-an-agreement-with-fundacion-sando-which-will-enable-students-to-travel-and-carry-out-their-studies-abroad#breadcrumb","itemListElement":[{"@type":"ListItem","position":1,"name":"Portada","item":"https:\/\/www.sando.com\/en"},{"@type":"ListItem","position":2,"name":"Malaga and Seville universities have signed an agreement with Sando Fundaci\u00f3n which will enable students to travel and carry out their studies abroad"}]},{"@type":"WebSite","@id":"https:\/\/www.sando.com\/en#website","url":"https:\/\/www.sando.com\/en","name":"Sando","description":"","publisher":{"@id":"https:\/\/www.sando.com\/en#organization"},"potentialAction":[{"@type":"SearchAction","target":{"@type":"EntryPoint","urlTemplate":"https:\/\/www.sando.com\/en?s={search_term_string}"},"query-input":{"@type":"PropertyValueSpecification","valueRequired":true,"valueName":"search_term_string"}}],"inLanguage":"en-US"},{"@type":"Organization","@id":"https:\/\/www.sando.com\/en#organization","name":"Sando","url":"https:\/\/www.sando.com\/en","logo":{"@type":"ImageObject","inLanguage":"en-US","@id":"https:\/\/www.sando.com\/en#\/schema\/logo\/image\/","url":"","contentUrl":"","caption":"Sando"},"image":{"@id":"https:\/\/www.sando.com\/en#\/schema\/logo\/image\/"}},{"@type":"Person","@id":"https:\/\/www.sando.com\/en#\/schema\/person\/632d5c2fe5027989411732e84a37e6c1","name":"Juanje Juanje","image":{"@type":"ImageObject","inLanguage":"en-US","@id":"https:\/\/secure.gravatar.com\/avatar\/c3e6022bd9f917c76ed8e8b6871d1ffbb4e91e491e7ef61fe483473b62660729?s=96&d=mm&r=g","url":"https:\/\/secure.gravatar.com\/avatar\/c3e6022bd9f917c76ed8e8b6871d1ffbb4e91e491e7ef61fe483473b62660729?s=96&d=mm&r=g","contentUrl":"https:\/\/secure.gravatar.com\/avatar\/c3e6022bd9f917c76ed8e8b6871d1ffbb4e91e491e7ef61fe483473b62660729?s=96&d=mm&r=g","caption":"Juanje Juanje"}}]}},"_links":{"self":[{"href":"https:\/\/www.sando.com\/en\/wp-json\/wp\/v2\/posts\/21122","targetHints":{"allow":["GET"]}}],"collection":[{"href":"https:\/\/www.sando.com\/en\/wp-json\/wp\/v2\/posts"}],"about":[{"href":"https:\/\/www.sando.com\/en\/wp-json\/wp\/v2\/types\/post"}],"author":[{"embeddable":true,"href":"https:\/\/www.sando.com\/en\/wp-json\/wp\/v2\/users\/2"}],"replies":[{"embeddable":true,"href":"https:\/\/www.sando.com\/en\/wp-json\/wp\/v2\/comments?post=21122"}],"version-history":[{"count":0,"href":"https:\/\/www.sando.com\/en\/wp-json\/wp\/v2\/posts\/21122\/revisions"}],"wp:attachment":[{"href":"https:\/\/www.sando.com\/en\/wp-json\/wp\/v2\/media?parent=21122"}],"wp:term":[{"taxonomy":"category","embeddable":true,"href":"https:\/\/www.sando.com\/en\/wp-json\/wp\/v2\/categories?post=21122"},{"taxonomy":"post_tag","embeddable":true,"href":"https:\/\/www.sando.com\/en\/wp-json\/wp\/v2\/tags?post=21122"},{"taxonomy":"tax_brand","embeddable":true,"href":"https:\/\/www.sando.com\/en\/wp-json\/wp\/v2\/tax_brand?post=21122"},{"taxonomy":"tax_services","embeddable":true,"href":"https:\/\/www.sando.com\/en\/wp-json\/wp\/v2\/tax_services?post=21122"},{"taxonomy":"tax_location","embeddable":true,"href":"https:\/\/www.sando.com\/en\/wp-json\/wp\/v2\/tax_location?post=21122"}],"curies":[{"name":"wp","href":"https:\/\/api.w.org\/{rel}","templated":true}]}}