{"id":21127,"date":"2016-02-26T00:00:00","date_gmt":"2016-02-26T00:00:00","guid":{"rendered":"https:\/\/sando.com\/actualidad\/sando-foundation-and-the-efe-agency-will-be-announcing-the-availability-of-two-grants-for-journalism-students-relating-to-corporate-social-responsibility"},"modified":"2024-10-29T10:38:42","modified_gmt":"2024-10-29T10:38:42","slug":"fundacion-sando-and-the-efe-agency-will-be-announcing-the-availability-of-two-grants-for-journalism-students-relating-to-corporate-social-responsibility","status":"publish","type":"post","link":"https:\/\/www.sando.com\/en\/actualidad\/fundacion-sando-and-the-efe-agency-will-be-announcing-the-availability-of-two-grants-for-journalism-students-relating-to-corporate-social-responsibility","title":{"rendered":"Sando Fundaci\u00f3n and the EFE Agency will be announcing the availability of two grants for Journalism students relating to Corporate Social Responsibility"},"content":{"rendered":"<p>Chairman of the EFE Agency, Jos\u00e9 Antonio Vera, and Esther S\u00e1nchez, Managing Director of the Sando Fundaci\u00f3n, renew their agreement<br \/>\nThe EFE Agency and Sando Fundaci\u00f3n have once again signed a collaboration agreement this year to train Journalism students who intend specialising in Corporate Social Responsibility (CSR).<\/p>\n<p>Chairman of the EFE Agency, Jos\u00e9 Antonio Vera, and managing director of the Sando Fundaci\u00f3n, Esther S\u00e1nchez, have today at mid-day signed the agreement to renew their collaboration at the Sando offices in Malaga. This agreement first began in 2011 and has been renewed on a yearly basis ever since.<\/p>\n<p>During the course of this year, there will be two grants made available for practical studies. The first of these grants will be for a period of five months and studies will take place at the local offices of the EFE Agency in Seville. The second grant will be for a period of four months and will take place at the EFE Agency offices in Malaga.<\/p>\n<p>Sando Fundaci\u00f3n is keen to carry on renewing this agreement to enable Journalism students to undertake practical studies as part of their career training in issues which are fundamental for increasing awareness in society, such as Corporate Social Responsibility. The aim of this initiative is also to spread awareness and make more information available with regard to CSR issues in Andalusia. <\/p>\n<p>Students undertaking their final two years of studies for a Degree in Journalism at the Universities of Seville and Malaga are able to apply, provided they meet specific requirements as set out in the selection process.<\/p>\n<p>Sando Fundaci\u00f3n is a non-profit organization which is primarily dedicated to organising, sponsoring and collaborating in projects relating to occupational risk prevention, labour, social and cultural integration of marginalized groups through culture, sport and research. <\/p>\n<p>EFE is the number one Spanish news agency and the fourth biggest in the world, with over seventy years of experience to back-up their impartiality, power, credibility and immediacy. EFE distributes 3 million news items each year in a number of different media formats: text, photography, audio, video and multi-media, reaching more than two thousand media networks throughout the world on a daily basis.<\/p>\n<p><a href=\"\" target=\"_blank\" rel=\"noopener noreferrer\" download=\"\">Download file<\/a><\/p>\n<p style=\"text-align: left;\">\n<p>&nbsp;<\/p>\n<div class=\"avia-button-wrap avia-button-center avia-builder-el-47 el_after_av_button avia-builder-el-last \"><a class=\"avia-button av-icon-on-hover avia-icon_select-yes-right-icon avia-color-custom avia-size-large avia-position-center \" style=\"background-color: #006918; border-color: #004576; color: #ffffff;\" href=\"..\/press-releases\/\"><span class=\"avia_iconbox_title\">Return to Press releases<\/span><\/a><\/div>\n","protected":false},"excerpt":{"rendered":"Chairman of the EFE Agency, Jos\u00e9 Antonio Vera, and Esther S\u00e1nchez, Managing Director of the Sando Fundaci\u00f3n, renew their agreement","protected":false},"author":2,"featured_media":0,"comment_status":"closed","ping_status":"closed","sticky":false,"template":"","format":"standard","meta":{"_acf_changed":false,"footnotes":""},"categories":[1057,1334],"tags":[],"tax_brand":[],"tax_services":[],"tax_location":[],"class_list":["post-21127","post","type-post","status-publish","format-standard","hentry","category-communication_press-releases","category-press-releases-communication_press-releases"],"acf":[],"yoast_head":"<!-- This site is optimized with the Yoast SEO plugin v27.4 - https:\/\/yoast.com\/product\/yoast-seo-wordpress\/ -->\n<title>Becas de Periodismo en RSC por Fundaci\u00f3n Sando<\/title>\n<meta name=\"description\" content=\"Descubre las becas de Periodismo en Responsabilidad Social Corporativa que ofrece la Fundaci\u00f3n Sando en colaboraci\u00f3n con la Agencia EFE.\" \/>\n<meta name=\"robots\" content=\"index, follow, max-snippet:-1, max-image-preview:large, max-video-preview:-1\" \/>\n<link rel=\"canonical\" href=\"https:\/\/www.sando.com\/en\/actualidad\/fundacion-sando-and-the-efe-agency-will-be-announcing-the-availability-of-two-grants-for-journalism-students-relating-to-corporate-social-responsibility\" \/>\n<meta property=\"og:locale\" content=\"en_US\" \/>\n<meta property=\"og:type\" content=\"article\" \/>\n<meta property=\"og:title\" content=\"Becas de Periodismo en RSC por Fundaci\u00f3n Sando\" \/>\n<meta property=\"og:description\" content=\"Descubre las becas de Periodismo en Responsabilidad Social Corporativa que ofrece la Fundaci\u00f3n Sando en colaboraci\u00f3n con la Agencia EFE.\" \/>\n<meta property=\"og:url\" content=\"https:\/\/www.sando.com\/en\/actualidad\/fundacion-sando-and-the-efe-agency-will-be-announcing-the-availability-of-two-grants-for-journalism-students-relating-to-corporate-social-responsibility\" \/>\n<meta property=\"og:site_name\" content=\"Sando\" \/>\n<meta property=\"article:published_time\" content=\"2016-02-26T00:00:00+00:00\" \/>\n<meta property=\"article:modified_time\" content=\"2024-10-29T10:38:42+00:00\" \/>\n<meta name=\"author\" content=\"Juanje Juanje\" \/>\n<meta name=\"twitter:card\" content=\"summary_large_image\" \/>\n<meta name=\"twitter:label1\" content=\"Written by\" \/>\n\t<meta name=\"twitter:data1\" content=\"Juanje Juanje\" \/>\n<script type=\"application\/ld+json\" class=\"yoast-schema-graph\">{\"@context\":\"https:\\\/\\\/schema.org\",\"@graph\":[{\"@type\":\"Article\",\"@id\":\"https:\\\/\\\/www.sando.com\\\/en\\\/actualidad\\\/fundacion-sando-and-the-efe-agency-will-be-announcing-the-availability-of-two-grants-for-journalism-students-relating-to-corporate-social-responsibility#article\",\"isPartOf\":{\"@id\":\"https:\\\/\\\/www.sando.com\\\/en\\\/actualidad\\\/fundacion-sando-and-the-efe-agency-will-be-announcing-the-availability-of-two-grants-for-journalism-students-relating-to-corporate-social-responsibility\"},\"author\":{\"name\":\"Juanje Juanje\",\"@id\":\"https:\\\/\\\/www.sando.com\\\/en#\\\/schema\\\/person\\\/632d5c2fe5027989411732e84a37e6c1\"},\"headline\":\"Sando Fundaci\u00f3n and the EFE Agency will be announcing the availability of two grants for Journalism students relating to Corporate Social Responsibility\",\"datePublished\":\"2016-02-26T00:00:00+00:00\",\"dateModified\":\"2024-10-29T10:38:42+00:00\",\"mainEntityOfPage\":{\"@id\":\"https:\\\/\\\/www.sando.com\\\/en\\\/actualidad\\\/fundacion-sando-and-the-efe-agency-will-be-announcing-the-availability-of-two-grants-for-journalism-students-relating-to-corporate-social-responsibility\"},\"wordCount\":394,\"publisher\":{\"@id\":\"https:\\\/\\\/www.sando.com\\\/en#organization\"},\"articleSection\":[\"Communication_Press releases\",\"Press releases (NOT)\"],\"inLanguage\":\"en-US\"},{\"@type\":\"WebPage\",\"@id\":\"https:\\\/\\\/www.sando.com\\\/en\\\/actualidad\\\/fundacion-sando-and-the-efe-agency-will-be-announcing-the-availability-of-two-grants-for-journalism-students-relating-to-corporate-social-responsibility\",\"url\":\"https:\\\/\\\/www.sando.com\\\/en\\\/actualidad\\\/fundacion-sando-and-the-efe-agency-will-be-announcing-the-availability-of-two-grants-for-journalism-students-relating-to-corporate-social-responsibility\",\"name\":\"Becas de Periodismo en RSC por Fundaci\u00f3n Sando\",\"isPartOf\":{\"@id\":\"https:\\\/\\\/www.sando.com\\\/en#website\"},\"datePublished\":\"2016-02-26T00:00:00+00:00\",\"dateModified\":\"2024-10-29T10:38:42+00:00\",\"description\":\"Descubre las becas de Periodismo en Responsabilidad Social Corporativa que ofrece la Fundaci\u00f3n Sando en colaboraci\u00f3n con la Agencia EFE.\",\"breadcrumb\":{\"@id\":\"https:\\\/\\\/www.sando.com\\\/en\\\/actualidad\\\/fundacion-sando-and-the-efe-agency-will-be-announcing-the-availability-of-two-grants-for-journalism-students-relating-to-corporate-social-responsibility#breadcrumb\"},\"inLanguage\":\"en-US\",\"potentialAction\":[{\"@type\":\"ReadAction\",\"target\":[\"https:\\\/\\\/www.sando.com\\\/en\\\/actualidad\\\/fundacion-sando-and-the-efe-agency-will-be-announcing-the-availability-of-two-grants-for-journalism-students-relating-to-corporate-social-responsibility\"]}]},{\"@type\":\"BreadcrumbList\",\"@id\":\"https:\\\/\\\/www.sando.com\\\/en\\\/actualidad\\\/fundacion-sando-and-the-efe-agency-will-be-announcing-the-availability-of-two-grants-for-journalism-students-relating-to-corporate-social-responsibility#breadcrumb\",\"itemListElement\":[{\"@type\":\"ListItem\",\"position\":1,\"name\":\"Portada\",\"item\":\"https:\\\/\\\/www.sando.com\\\/en\"},{\"@type\":\"ListItem\",\"position\":2,\"name\":\"Sando Fundaci\u00f3n and the EFE Agency will be announcing the availability of two grants for Journalism students relating to Corporate Social Responsibility\"}]},{\"@type\":\"WebSite\",\"@id\":\"https:\\\/\\\/www.sando.com\\\/en#website\",\"url\":\"https:\\\/\\\/www.sando.com\\\/en\",\"name\":\"Sando\",\"description\":\"\",\"publisher\":{\"@id\":\"https:\\\/\\\/www.sando.com\\\/en#organization\"},\"potentialAction\":[{\"@type\":\"SearchAction\",\"target\":{\"@type\":\"EntryPoint\",\"urlTemplate\":\"https:\\\/\\\/www.sando.com\\\/en?s={search_term_string}\"},\"query-input\":{\"@type\":\"PropertyValueSpecification\",\"valueRequired\":true,\"valueName\":\"search_term_string\"}}],\"inLanguage\":\"en-US\"},{\"@type\":\"Organization\",\"@id\":\"https:\\\/\\\/www.sando.com\\\/en#organization\",\"name\":\"Sando\",\"url\":\"https:\\\/\\\/www.sando.com\\\/en\",\"logo\":{\"@type\":\"ImageObject\",\"inLanguage\":\"en-US\",\"@id\":\"https:\\\/\\\/www.sando.com\\\/en#\\\/schema\\\/logo\\\/image\\\/\",\"url\":\"\",\"contentUrl\":\"\",\"caption\":\"Sando\"},\"image\":{\"@id\":\"https:\\\/\\\/www.sando.com\\\/en#\\\/schema\\\/logo\\\/image\\\/\"}},{\"@type\":\"Person\",\"@id\":\"https:\\\/\\\/www.sando.com\\\/en#\\\/schema\\\/person\\\/632d5c2fe5027989411732e84a37e6c1\",\"name\":\"Juanje Juanje\",\"image\":{\"@type\":\"ImageObject\",\"inLanguage\":\"en-US\",\"@id\":\"https:\\\/\\\/secure.gravatar.com\\\/avatar\\\/c3e6022bd9f917c76ed8e8b6871d1ffbb4e91e491e7ef61fe483473b62660729?s=96&d=mm&r=g\",\"url\":\"https:\\\/\\\/secure.gravatar.com\\\/avatar\\\/c3e6022bd9f917c76ed8e8b6871d1ffbb4e91e491e7ef61fe483473b62660729?s=96&d=mm&r=g\",\"contentUrl\":\"https:\\\/\\\/secure.gravatar.com\\\/avatar\\\/c3e6022bd9f917c76ed8e8b6871d1ffbb4e91e491e7ef61fe483473b62660729?s=96&d=mm&r=g\",\"caption\":\"Juanje Juanje\"}}]}<\/script>\n<!-- \/ Yoast SEO plugin. -->","yoast_head_json":{"title":"Becas de Periodismo en RSC por Fundaci\u00f3n Sando","description":"Descubre las becas de Periodismo en Responsabilidad Social Corporativa que ofrece la Fundaci\u00f3n Sando en colaboraci\u00f3n con la Agencia EFE.","robots":{"index":"index","follow":"follow","max-snippet":"max-snippet:-1","max-image-preview":"max-image-preview:large","max-video-preview":"max-video-preview:-1"},"canonical":"https:\/\/www.sando.com\/en\/actualidad\/fundacion-sando-and-the-efe-agency-will-be-announcing-the-availability-of-two-grants-for-journalism-students-relating-to-corporate-social-responsibility","og_locale":"en_US","og_type":"article","og_title":"Becas de Periodismo en RSC por Fundaci\u00f3n Sando","og_description":"Descubre las becas de Periodismo en Responsabilidad Social Corporativa que ofrece la Fundaci\u00f3n Sando en colaboraci\u00f3n con la Agencia EFE.","og_url":"https:\/\/www.sando.com\/en\/actualidad\/fundacion-sando-and-the-efe-agency-will-be-announcing-the-availability-of-two-grants-for-journalism-students-relating-to-corporate-social-responsibility","og_site_name":"Sando","article_published_time":"2016-02-26T00:00:00+00:00","article_modified_time":"2024-10-29T10:38:42+00:00","author":"Juanje Juanje","twitter_card":"summary_large_image","twitter_misc":{"Written by":"Juanje Juanje"},"schema":{"@context":"https:\/\/schema.org","@graph":[{"@type":"Article","@id":"https:\/\/www.sando.com\/en\/actualidad\/fundacion-sando-and-the-efe-agency-will-be-announcing-the-availability-of-two-grants-for-journalism-students-relating-to-corporate-social-responsibility#article","isPartOf":{"@id":"https:\/\/www.sando.com\/en\/actualidad\/fundacion-sando-and-the-efe-agency-will-be-announcing-the-availability-of-two-grants-for-journalism-students-relating-to-corporate-social-responsibility"},"author":{"name":"Juanje Juanje","@id":"https:\/\/www.sando.com\/en#\/schema\/person\/632d5c2fe5027989411732e84a37e6c1"},"headline":"Sando Fundaci\u00f3n and the EFE Agency will be announcing the availability of two grants for Journalism students relating to Corporate Social Responsibility","datePublished":"2016-02-26T00:00:00+00:00","dateModified":"2024-10-29T10:38:42+00:00","mainEntityOfPage":{"@id":"https:\/\/www.sando.com\/en\/actualidad\/fundacion-sando-and-the-efe-agency-will-be-announcing-the-availability-of-two-grants-for-journalism-students-relating-to-corporate-social-responsibility"},"wordCount":394,"publisher":{"@id":"https:\/\/www.sando.com\/en#organization"},"articleSection":["Communication_Press releases","Press releases (NOT)"],"inLanguage":"en-US"},{"@type":"WebPage","@id":"https:\/\/www.sando.com\/en\/actualidad\/fundacion-sando-and-the-efe-agency-will-be-announcing-the-availability-of-two-grants-for-journalism-students-relating-to-corporate-social-responsibility","url":"https:\/\/www.sando.com\/en\/actualidad\/fundacion-sando-and-the-efe-agency-will-be-announcing-the-availability-of-two-grants-for-journalism-students-relating-to-corporate-social-responsibility","name":"Becas de Periodismo en RSC por Fundaci\u00f3n Sando","isPartOf":{"@id":"https:\/\/www.sando.com\/en#website"},"datePublished":"2016-02-26T00:00:00+00:00","dateModified":"2024-10-29T10:38:42+00:00","description":"Descubre las becas de Periodismo en Responsabilidad Social Corporativa que ofrece la Fundaci\u00f3n Sando en colaboraci\u00f3n con la Agencia EFE.","breadcrumb":{"@id":"https:\/\/www.sando.com\/en\/actualidad\/fundacion-sando-and-the-efe-agency-will-be-announcing-the-availability-of-two-grants-for-journalism-students-relating-to-corporate-social-responsibility#breadcrumb"},"inLanguage":"en-US","potentialAction":[{"@type":"ReadAction","target":["https:\/\/www.sando.com\/en\/actualidad\/fundacion-sando-and-the-efe-agency-will-be-announcing-the-availability-of-two-grants-for-journalism-students-relating-to-corporate-social-responsibility"]}]},{"@type":"BreadcrumbList","@id":"https:\/\/www.sando.com\/en\/actualidad\/fundacion-sando-and-the-efe-agency-will-be-announcing-the-availability-of-two-grants-for-journalism-students-relating-to-corporate-social-responsibility#breadcrumb","itemListElement":[{"@type":"ListItem","position":1,"name":"Portada","item":"https:\/\/www.sando.com\/en"},{"@type":"ListItem","position":2,"name":"Sando Fundaci\u00f3n and the EFE Agency will be announcing the availability of two grants for Journalism students relating to Corporate Social Responsibility"}]},{"@type":"WebSite","@id":"https:\/\/www.sando.com\/en#website","url":"https:\/\/www.sando.com\/en","name":"Sando","description":"","publisher":{"@id":"https:\/\/www.sando.com\/en#organization"},"potentialAction":[{"@type":"SearchAction","target":{"@type":"EntryPoint","urlTemplate":"https:\/\/www.sando.com\/en?s={search_term_string}"},"query-input":{"@type":"PropertyValueSpecification","valueRequired":true,"valueName":"search_term_string"}}],"inLanguage":"en-US"},{"@type":"Organization","@id":"https:\/\/www.sando.com\/en#organization","name":"Sando","url":"https:\/\/www.sando.com\/en","logo":{"@type":"ImageObject","inLanguage":"en-US","@id":"https:\/\/www.sando.com\/en#\/schema\/logo\/image\/","url":"","contentUrl":"","caption":"Sando"},"image":{"@id":"https:\/\/www.sando.com\/en#\/schema\/logo\/image\/"}},{"@type":"Person","@id":"https:\/\/www.sando.com\/en#\/schema\/person\/632d5c2fe5027989411732e84a37e6c1","name":"Juanje Juanje","image":{"@type":"ImageObject","inLanguage":"en-US","@id":"https:\/\/secure.gravatar.com\/avatar\/c3e6022bd9f917c76ed8e8b6871d1ffbb4e91e491e7ef61fe483473b62660729?s=96&d=mm&r=g","url":"https:\/\/secure.gravatar.com\/avatar\/c3e6022bd9f917c76ed8e8b6871d1ffbb4e91e491e7ef61fe483473b62660729?s=96&d=mm&r=g","contentUrl":"https:\/\/secure.gravatar.com\/avatar\/c3e6022bd9f917c76ed8e8b6871d1ffbb4e91e491e7ef61fe483473b62660729?s=96&d=mm&r=g","caption":"Juanje Juanje"}}]}},"_links":{"self":[{"href":"https:\/\/www.sando.com\/en\/wp-json\/wp\/v2\/posts\/21127","targetHints":{"allow":["GET"]}}],"collection":[{"href":"https:\/\/www.sando.com\/en\/wp-json\/wp\/v2\/posts"}],"about":[{"href":"https:\/\/www.sando.com\/en\/wp-json\/wp\/v2\/types\/post"}],"author":[{"embeddable":true,"href":"https:\/\/www.sando.com\/en\/wp-json\/wp\/v2\/users\/2"}],"replies":[{"embeddable":true,"href":"https:\/\/www.sando.com\/en\/wp-json\/wp\/v2\/comments?post=21127"}],"version-history":[{"count":0,"href":"https:\/\/www.sando.com\/en\/wp-json\/wp\/v2\/posts\/21127\/revisions"}],"wp:attachment":[{"href":"https:\/\/www.sando.com\/en\/wp-json\/wp\/v2\/media?parent=21127"}],"wp:term":[{"taxonomy":"category","embeddable":true,"href":"https:\/\/www.sando.com\/en\/wp-json\/wp\/v2\/categories?post=21127"},{"taxonomy":"post_tag","embeddable":true,"href":"https:\/\/www.sando.com\/en\/wp-json\/wp\/v2\/tags?post=21127"},{"taxonomy":"tax_brand","embeddable":true,"href":"https:\/\/www.sando.com\/en\/wp-json\/wp\/v2\/tax_brand?post=21127"},{"taxonomy":"tax_services","embeddable":true,"href":"https:\/\/www.sando.com\/en\/wp-json\/wp\/v2\/tax_services?post=21127"},{"taxonomy":"tax_location","embeddable":true,"href":"https:\/\/www.sando.com\/en\/wp-json\/wp\/v2\/tax_location?post=21127"}],"curies":[{"name":"wp","href":"https:\/\/api.w.org\/{rel}","templated":true}]}}