{"id":21130,"date":"2016-10-05T00:00:00","date_gmt":"2016-10-05T00:00:00","guid":{"rendered":"https:\/\/sando.com\/actualidad\/andalucia-tech-and-sando-foundation-launch-an-international-mobility-programme-for-students"},"modified":"2024-10-29T10:38:42","modified_gmt":"2024-10-29T10:38:42","slug":"andalucia-tech-and-fundacion-sando-launch-an-international-mobility-programme-for-students","status":"publish","type":"post","link":"https:\/\/www.sando.com\/en\/actualidad\/andalucia-tech-and-fundacion-sando-launch-an-international-mobility-programme-for-students","title":{"rendered":"Andaluc\u00eda TECH and Sando Fundaci\u00f3n launch an international mobility programme for students"},"content":{"rendered":"<p>The beneficiaries will combine their studies at the Abdelmalek Essaadi University of Morocco with work experience in SANDO\u2019s branch in Tangier.<br \/>\nThe Universities of Seville and Malaga have signed a collaboration agreement with the <a href=\"https:\/\/www.sando.com\/en\/about-us\/fundacion-sando\" title=\"We are building a more humane, caring and respectful future\" target=\"_blank\">Sando foundation<\/a> to award four grants, two for each academic institution, for the international mobility of students.<\/p>\n<p>The beneficiaries will receive a grant at the Abdelmalek Essaadi of Morocco during six months. In this period, the students will combine classes with work experience for three months in a SANDO group company dedicated to urban <a href=\"https:\/\/www.sando.com\/en\/specialisations\/cleaning-and-waste-management\" title=\"Waste management\" target=\"_blank\">Waste<\/a> management located in the city of Tangier.<\/p>\n<p>Students specialised in that sector can apply, so we are looking for students studying degrees and master\u2019s degrees in Physics, Chemistry, Architecture, Materials Engineering or Environmental Sciences, among others.<\/p>\n<p>The priority lines of the Convention focus on promoting mobility and work experience of students in businesses. This way, the Campus of Excellence sponsoring universities continue to opt for an international benchmark position while promoting initiatives for employment and entrepreneurship in the Andaluc\u00eda TECH poles of excellence. For its part, the SANDO Foundation, which has contributed EUR 15,000 to the programme, EUR 7,500 for each university, will benefit from the talent and training of the students of the Universities of Seville and Malaga.<\/p>\n<p>This initiative forms part of the purposes of the SANDO Foundation, a non-profit organisation primarily dedicated to organising, supporting and collaborating in projects related to the prevention of occupational risks, labour and social-cultural integration of groups with difficulties for integration, dissemination of culture and sport or research.<\/p>\n<p>Applications will be accepted for one month to receive the requests from those interested. The Commission will meet in November to, subsequently, definitely award the grants that will be given from January 2017. The students will, at all times, have a tutor in the SANDO company and an academic tutor from their university of origin.<\/p>\n<p><a href=\"\" target=\"_blank\" rel=\"noopener noreferrer\" download=\"\">Download file<\/a><\/p>\n<p style=\"text-align: left;\">\n<p>&nbsp;<\/p>\n<div class=\"avia-button-wrap avia-button-center avia-builder-el-47 el_after_av_button avia-builder-el-last \"><a class=\"avia-button av-icon-on-hover avia-icon_select-yes-right-icon avia-color-custom avia-size-large avia-position-center \" style=\"background-color: #006918; border-color: #004576; color: #ffffff;\" href=\"..\/press-releases\/\"><span class=\"avia_iconbox_title\">Return to Press releases<\/span><\/a><\/div>\n","protected":false},"excerpt":{"rendered":"The beneficiaries will combine their studies at the Abdelmalek Essaadi University of Morocco with work experience in SANDO\u2019s branch in Tangier.","protected":false},"author":2,"featured_media":0,"comment_status":"closed","ping_status":"closed","sticky":false,"template":"","format":"standard","meta":{"_acf_changed":false,"footnotes":""},"categories":[1057,1334],"tags":[],"tax_brand":[],"tax_services":[],"tax_location":[],"class_list":["post-21130","post","type-post","status-publish","format-standard","hentry","category-communication_press-releases","category-press-releases-communication_press-releases"],"acf":[],"yoast_head":"<!-- This site is optimized with the Yoast SEO plugin v27.4 - https:\/\/yoast.com\/product\/yoast-seo-wordpress\/ -->\n<title>Movilidad Internacional para Estudiantes en Andaluc\u00eda TECH<\/title>\n<meta name=\"description\" content=\"Descubre el programa de movilidad internacional para estudiantes de Andaluc\u00eda TECH y Fundaci\u00f3n SANDO. Ampl\u00eda tus horizontes acad\u00e9micos y culturales.\" \/>\n<meta name=\"robots\" content=\"index, follow, max-snippet:-1, max-image-preview:large, max-video-preview:-1\" \/>\n<link rel=\"canonical\" href=\"https:\/\/www.sando.com\/en\/actualidad\/andalucia-tech-and-fundacion-sando-launch-an-international-mobility-programme-for-students\" \/>\n<meta property=\"og:locale\" content=\"en_US\" \/>\n<meta property=\"og:type\" content=\"article\" \/>\n<meta property=\"og:title\" content=\"Movilidad Internacional para Estudiantes en Andaluc\u00eda TECH\" \/>\n<meta property=\"og:description\" content=\"Descubre el programa de movilidad internacional para estudiantes de Andaluc\u00eda TECH y Fundaci\u00f3n SANDO. Ampl\u00eda tus horizontes acad\u00e9micos y culturales.\" \/>\n<meta property=\"og:url\" content=\"https:\/\/www.sando.com\/en\/actualidad\/andalucia-tech-and-fundacion-sando-launch-an-international-mobility-programme-for-students\" \/>\n<meta property=\"og:site_name\" content=\"Sando\" \/>\n<meta property=\"article:published_time\" content=\"2016-10-05T00:00:00+00:00\" \/>\n<meta property=\"article:modified_time\" content=\"2024-10-29T10:38:42+00:00\" \/>\n<meta name=\"author\" content=\"Juanje Juanje\" \/>\n<meta name=\"twitter:card\" content=\"summary_large_image\" \/>\n<meta name=\"twitter:label1\" content=\"Written by\" \/>\n\t<meta name=\"twitter:data1\" content=\"Juanje Juanje\" \/>\n\t<meta name=\"twitter:label2\" content=\"Est. reading time\" \/>\n\t<meta name=\"twitter:data2\" content=\"2 minutes\" \/>\n<script type=\"application\/ld+json\" class=\"yoast-schema-graph\">{\"@context\":\"https:\\\/\\\/schema.org\",\"@graph\":[{\"@type\":\"Article\",\"@id\":\"https:\\\/\\\/www.sando.com\\\/en\\\/actualidad\\\/andalucia-tech-and-fundacion-sando-launch-an-international-mobility-programme-for-students#article\",\"isPartOf\":{\"@id\":\"https:\\\/\\\/www.sando.com\\\/en\\\/actualidad\\\/andalucia-tech-and-fundacion-sando-launch-an-international-mobility-programme-for-students\"},\"author\":{\"name\":\"Juanje Juanje\",\"@id\":\"https:\\\/\\\/www.sando.com\\\/en#\\\/schema\\\/person\\\/632d5c2fe5027989411732e84a37e6c1\"},\"headline\":\"Andaluc\u00eda TECH and Sando Fundaci\u00f3n launch an international mobility programme for students\",\"datePublished\":\"2016-10-05T00:00:00+00:00\",\"dateModified\":\"2024-10-29T10:38:42+00:00\",\"mainEntityOfPage\":{\"@id\":\"https:\\\/\\\/www.sando.com\\\/en\\\/actualidad\\\/andalucia-tech-and-fundacion-sando-launch-an-international-mobility-programme-for-students\"},\"wordCount\":331,\"publisher\":{\"@id\":\"https:\\\/\\\/www.sando.com\\\/en#organization\"},\"articleSection\":[\"Communication_Press releases\",\"Press releases (NOT)\"],\"inLanguage\":\"en-US\"},{\"@type\":\"WebPage\",\"@id\":\"https:\\\/\\\/www.sando.com\\\/en\\\/actualidad\\\/andalucia-tech-and-fundacion-sando-launch-an-international-mobility-programme-for-students\",\"url\":\"https:\\\/\\\/www.sando.com\\\/en\\\/actualidad\\\/andalucia-tech-and-fundacion-sando-launch-an-international-mobility-programme-for-students\",\"name\":\"Movilidad Internacional para Estudiantes en Andaluc\u00eda TECH\",\"isPartOf\":{\"@id\":\"https:\\\/\\\/www.sando.com\\\/en#website\"},\"datePublished\":\"2016-10-05T00:00:00+00:00\",\"dateModified\":\"2024-10-29T10:38:42+00:00\",\"description\":\"Descubre el programa de movilidad internacional para estudiantes de Andaluc\u00eda TECH y Fundaci\u00f3n SANDO. Ampl\u00eda tus horizontes acad\u00e9micos y culturales.\",\"breadcrumb\":{\"@id\":\"https:\\\/\\\/www.sando.com\\\/en\\\/actualidad\\\/andalucia-tech-and-fundacion-sando-launch-an-international-mobility-programme-for-students#breadcrumb\"},\"inLanguage\":\"en-US\",\"potentialAction\":[{\"@type\":\"ReadAction\",\"target\":[\"https:\\\/\\\/www.sando.com\\\/en\\\/actualidad\\\/andalucia-tech-and-fundacion-sando-launch-an-international-mobility-programme-for-students\"]}]},{\"@type\":\"BreadcrumbList\",\"@id\":\"https:\\\/\\\/www.sando.com\\\/en\\\/actualidad\\\/andalucia-tech-and-fundacion-sando-launch-an-international-mobility-programme-for-students#breadcrumb\",\"itemListElement\":[{\"@type\":\"ListItem\",\"position\":1,\"name\":\"Portada\",\"item\":\"https:\\\/\\\/www.sando.com\\\/en\"},{\"@type\":\"ListItem\",\"position\":2,\"name\":\"Andaluc\u00eda TECH and Sando Fundaci\u00f3n launch an international mobility programme for students\"}]},{\"@type\":\"WebSite\",\"@id\":\"https:\\\/\\\/www.sando.com\\\/en#website\",\"url\":\"https:\\\/\\\/www.sando.com\\\/en\",\"name\":\"Sando\",\"description\":\"\",\"publisher\":{\"@id\":\"https:\\\/\\\/www.sando.com\\\/en#organization\"},\"potentialAction\":[{\"@type\":\"SearchAction\",\"target\":{\"@type\":\"EntryPoint\",\"urlTemplate\":\"https:\\\/\\\/www.sando.com\\\/en?s={search_term_string}\"},\"query-input\":{\"@type\":\"PropertyValueSpecification\",\"valueRequired\":true,\"valueName\":\"search_term_string\"}}],\"inLanguage\":\"en-US\"},{\"@type\":\"Organization\",\"@id\":\"https:\\\/\\\/www.sando.com\\\/en#organization\",\"name\":\"Sando\",\"url\":\"https:\\\/\\\/www.sando.com\\\/en\",\"logo\":{\"@type\":\"ImageObject\",\"inLanguage\":\"en-US\",\"@id\":\"https:\\\/\\\/www.sando.com\\\/en#\\\/schema\\\/logo\\\/image\\\/\",\"url\":\"\",\"contentUrl\":\"\",\"caption\":\"Sando\"},\"image\":{\"@id\":\"https:\\\/\\\/www.sando.com\\\/en#\\\/schema\\\/logo\\\/image\\\/\"}},{\"@type\":\"Person\",\"@id\":\"https:\\\/\\\/www.sando.com\\\/en#\\\/schema\\\/person\\\/632d5c2fe5027989411732e84a37e6c1\",\"name\":\"Juanje Juanje\",\"image\":{\"@type\":\"ImageObject\",\"inLanguage\":\"en-US\",\"@id\":\"https:\\\/\\\/secure.gravatar.com\\\/avatar\\\/c3e6022bd9f917c76ed8e8b6871d1ffbb4e91e491e7ef61fe483473b62660729?s=96&d=mm&r=g\",\"url\":\"https:\\\/\\\/secure.gravatar.com\\\/avatar\\\/c3e6022bd9f917c76ed8e8b6871d1ffbb4e91e491e7ef61fe483473b62660729?s=96&d=mm&r=g\",\"contentUrl\":\"https:\\\/\\\/secure.gravatar.com\\\/avatar\\\/c3e6022bd9f917c76ed8e8b6871d1ffbb4e91e491e7ef61fe483473b62660729?s=96&d=mm&r=g\",\"caption\":\"Juanje Juanje\"}}]}<\/script>\n<!-- \/ Yoast SEO plugin. -->","yoast_head_json":{"title":"Movilidad Internacional para Estudiantes en Andaluc\u00eda TECH","description":"Descubre el programa de movilidad internacional para estudiantes de Andaluc\u00eda TECH y Fundaci\u00f3n SANDO. Ampl\u00eda tus horizontes acad\u00e9micos y culturales.","robots":{"index":"index","follow":"follow","max-snippet":"max-snippet:-1","max-image-preview":"max-image-preview:large","max-video-preview":"max-video-preview:-1"},"canonical":"https:\/\/www.sando.com\/en\/actualidad\/andalucia-tech-and-fundacion-sando-launch-an-international-mobility-programme-for-students","og_locale":"en_US","og_type":"article","og_title":"Movilidad Internacional para Estudiantes en Andaluc\u00eda TECH","og_description":"Descubre el programa de movilidad internacional para estudiantes de Andaluc\u00eda TECH y Fundaci\u00f3n SANDO. Ampl\u00eda tus horizontes acad\u00e9micos y culturales.","og_url":"https:\/\/www.sando.com\/en\/actualidad\/andalucia-tech-and-fundacion-sando-launch-an-international-mobility-programme-for-students","og_site_name":"Sando","article_published_time":"2016-10-05T00:00:00+00:00","article_modified_time":"2024-10-29T10:38:42+00:00","author":"Juanje Juanje","twitter_card":"summary_large_image","twitter_misc":{"Written by":"Juanje Juanje","Est. reading time":"2 minutes"},"schema":{"@context":"https:\/\/schema.org","@graph":[{"@type":"Article","@id":"https:\/\/www.sando.com\/en\/actualidad\/andalucia-tech-and-fundacion-sando-launch-an-international-mobility-programme-for-students#article","isPartOf":{"@id":"https:\/\/www.sando.com\/en\/actualidad\/andalucia-tech-and-fundacion-sando-launch-an-international-mobility-programme-for-students"},"author":{"name":"Juanje Juanje","@id":"https:\/\/www.sando.com\/en#\/schema\/person\/632d5c2fe5027989411732e84a37e6c1"},"headline":"Andaluc\u00eda TECH and Sando Fundaci\u00f3n launch an international mobility programme for students","datePublished":"2016-10-05T00:00:00+00:00","dateModified":"2024-10-29T10:38:42+00:00","mainEntityOfPage":{"@id":"https:\/\/www.sando.com\/en\/actualidad\/andalucia-tech-and-fundacion-sando-launch-an-international-mobility-programme-for-students"},"wordCount":331,"publisher":{"@id":"https:\/\/www.sando.com\/en#organization"},"articleSection":["Communication_Press releases","Press releases (NOT)"],"inLanguage":"en-US"},{"@type":"WebPage","@id":"https:\/\/www.sando.com\/en\/actualidad\/andalucia-tech-and-fundacion-sando-launch-an-international-mobility-programme-for-students","url":"https:\/\/www.sando.com\/en\/actualidad\/andalucia-tech-and-fundacion-sando-launch-an-international-mobility-programme-for-students","name":"Movilidad Internacional para Estudiantes en Andaluc\u00eda TECH","isPartOf":{"@id":"https:\/\/www.sando.com\/en#website"},"datePublished":"2016-10-05T00:00:00+00:00","dateModified":"2024-10-29T10:38:42+00:00","description":"Descubre el programa de movilidad internacional para estudiantes de Andaluc\u00eda TECH y Fundaci\u00f3n SANDO. Ampl\u00eda tus horizontes acad\u00e9micos y culturales.","breadcrumb":{"@id":"https:\/\/www.sando.com\/en\/actualidad\/andalucia-tech-and-fundacion-sando-launch-an-international-mobility-programme-for-students#breadcrumb"},"inLanguage":"en-US","potentialAction":[{"@type":"ReadAction","target":["https:\/\/www.sando.com\/en\/actualidad\/andalucia-tech-and-fundacion-sando-launch-an-international-mobility-programme-for-students"]}]},{"@type":"BreadcrumbList","@id":"https:\/\/www.sando.com\/en\/actualidad\/andalucia-tech-and-fundacion-sando-launch-an-international-mobility-programme-for-students#breadcrumb","itemListElement":[{"@type":"ListItem","position":1,"name":"Portada","item":"https:\/\/www.sando.com\/en"},{"@type":"ListItem","position":2,"name":"Andaluc\u00eda TECH and Sando Fundaci\u00f3n launch an international mobility programme for students"}]},{"@type":"WebSite","@id":"https:\/\/www.sando.com\/en#website","url":"https:\/\/www.sando.com\/en","name":"Sando","description":"","publisher":{"@id":"https:\/\/www.sando.com\/en#organization"},"potentialAction":[{"@type":"SearchAction","target":{"@type":"EntryPoint","urlTemplate":"https:\/\/www.sando.com\/en?s={search_term_string}"},"query-input":{"@type":"PropertyValueSpecification","valueRequired":true,"valueName":"search_term_string"}}],"inLanguage":"en-US"},{"@type":"Organization","@id":"https:\/\/www.sando.com\/en#organization","name":"Sando","url":"https:\/\/www.sando.com\/en","logo":{"@type":"ImageObject","inLanguage":"en-US","@id":"https:\/\/www.sando.com\/en#\/schema\/logo\/image\/","url":"","contentUrl":"","caption":"Sando"},"image":{"@id":"https:\/\/www.sando.com\/en#\/schema\/logo\/image\/"}},{"@type":"Person","@id":"https:\/\/www.sando.com\/en#\/schema\/person\/632d5c2fe5027989411732e84a37e6c1","name":"Juanje Juanje","image":{"@type":"ImageObject","inLanguage":"en-US","@id":"https:\/\/secure.gravatar.com\/avatar\/c3e6022bd9f917c76ed8e8b6871d1ffbb4e91e491e7ef61fe483473b62660729?s=96&d=mm&r=g","url":"https:\/\/secure.gravatar.com\/avatar\/c3e6022bd9f917c76ed8e8b6871d1ffbb4e91e491e7ef61fe483473b62660729?s=96&d=mm&r=g","contentUrl":"https:\/\/secure.gravatar.com\/avatar\/c3e6022bd9f917c76ed8e8b6871d1ffbb4e91e491e7ef61fe483473b62660729?s=96&d=mm&r=g","caption":"Juanje Juanje"}}]}},"_links":{"self":[{"href":"https:\/\/www.sando.com\/en\/wp-json\/wp\/v2\/posts\/21130","targetHints":{"allow":["GET"]}}],"collection":[{"href":"https:\/\/www.sando.com\/en\/wp-json\/wp\/v2\/posts"}],"about":[{"href":"https:\/\/www.sando.com\/en\/wp-json\/wp\/v2\/types\/post"}],"author":[{"embeddable":true,"href":"https:\/\/www.sando.com\/en\/wp-json\/wp\/v2\/users\/2"}],"replies":[{"embeddable":true,"href":"https:\/\/www.sando.com\/en\/wp-json\/wp\/v2\/comments?post=21130"}],"version-history":[{"count":0,"href":"https:\/\/www.sando.com\/en\/wp-json\/wp\/v2\/posts\/21130\/revisions"}],"wp:attachment":[{"href":"https:\/\/www.sando.com\/en\/wp-json\/wp\/v2\/media?parent=21130"}],"wp:term":[{"taxonomy":"category","embeddable":true,"href":"https:\/\/www.sando.com\/en\/wp-json\/wp\/v2\/categories?post=21130"},{"taxonomy":"post_tag","embeddable":true,"href":"https:\/\/www.sando.com\/en\/wp-json\/wp\/v2\/tags?post=21130"},{"taxonomy":"tax_brand","embeddable":true,"href":"https:\/\/www.sando.com\/en\/wp-json\/wp\/v2\/tax_brand?post=21130"},{"taxonomy":"tax_services","embeddable":true,"href":"https:\/\/www.sando.com\/en\/wp-json\/wp\/v2\/tax_services?post=21130"},{"taxonomy":"tax_location","embeddable":true,"href":"https:\/\/www.sando.com\/en\/wp-json\/wp\/v2\/tax_location?post=21130"}],"curies":[{"name":"wp","href":"https:\/\/api.w.org\/{rel}","templated":true}]}}