{"id":21149,"date":"2019-10-09T00:00:00","date_gmt":"2019-10-09T00:00:00","guid":{"rendered":"https:\/\/sando.com\/actualidad\/the-sando-foundation-and-the-rafael-perez-estrada-foundation-sign-a-collaboration-agreement-to-promote-creativity-among-children-with-special-needs"},"modified":"2024-10-29T10:35:50","modified_gmt":"2024-10-29T10:35:50","slug":"the-fundacion-sando-and-the-rafael-perez-estrada-foundation-sign-a-collaboration-agreement-to-promote-creativity-among-children-with-special-needs","status":"publish","type":"post","link":"https:\/\/www.sando.com\/en\/actualidad\/the-fundacion-sando-and-the-rafael-perez-estrada-foundation-sign-a-collaboration-agreement-to-promote-creativity-among-children-with-special-needs","title":{"rendered":"The Sando Fundaci\u00f3n and the Rafael P\u00e9rez Estrada Foundation sign a collaboration agreement to promote creativity among children with special needs"},"content":{"rendered":"<p>Both foundations decide to join efforts to promote creativity and publicise the work of Malaga&acute;s Rafael P\u00e9rez Estrada in several workshops in centres for minors with special needs.<br \/>\n\u201cInterpretarte-Rafael P\u00e9rez Estrada\u201d is the title of the cycle of art therapy workshops that will be carried out by the Rafael P\u00e9rez Estrada Foundation together with the Art &#038; Museum company, made possible thanks to the collaboration agreement signed with the Sando Fundaci\u00f3n.<\/p>\n<p>The workshops are part of the cultural programme: \u201cThe Demiurge. Creative laboratory\u201d aimed at promoting ingenuity, imagination and creativity. On this occasion art will be used for a therapeutic purpose in children with reduced mobility or with special needs. <\/p>\n<p>It is designed to present to these children the figure of the writer and artist from Malaga and invest in artistic education and promoting creativity as a therapy to improve health and well-being.<br \/>\nThere will six sessions in total in which these children can unleash their imagination and reinterpret some of Rafael P\u00e9rez Estrada&acute;s best-known works, using mixed techniques such as drawing or collage.<\/p>\n<p>The sessions will begin on 8 October and end on 12 December and will take place at the centres: La Tra\u00ed\u00f1a de El Palo Association (October), Child and Youth Mental Health Unit (November) and Dulce Nombre de Mar\u00eda Psycho-pedagogical Institute (December).<br \/>\nThe works of the participants in this cycle will be exhibited in the Moreno Gallery in early 2020, in a joint exhibition. <\/p>\n<p>It is essential to support institutions committed to culture and society in order to add and thus be able to carry out initiatives such as this.<\/p>\n<p><a href=\"\" target=\"_blank\" rel=\"noopener noreferrer\" download=\"\">Download file<\/a><\/p>\n<p style=\"text-align: left;\">\n<p>&nbsp;<\/p>\n<div class=\"avia-button-wrap avia-button-center avia-builder-el-47 el_after_av_button avia-builder-el-last \"><a class=\"avia-button av-icon-on-hover avia-icon_select-yes-right-icon avia-color-custom avia-size-large avia-position-center \" style=\"background-color: #006918; border-color: #004576; color: #ffffff;\" href=\"..\/press-releases\/\"><span class=\"avia_iconbox_title\">Return to Press releases<\/span><\/a><\/div>\n","protected":false},"excerpt":{"rendered":"Both foundations decide to join efforts to promote creativity and publicise the work of Malaga&acute;s Rafael P\u00e9rez Estrada in several workshops in centres for minors with special needs.","protected":false},"author":2,"featured_media":1545,"comment_status":"closed","ping_status":"closed","sticky":false,"template":"","format":"standard","meta":{"_acf_changed":false,"footnotes":""},"categories":[1057,1334],"tags":[],"tax_brand":[],"tax_services":[],"tax_location":[],"class_list":["post-21149","post","type-post","status-publish","format-standard","has-post-thumbnail","hentry","category-communication_press-releases","category-press-releases-communication_press-releases"],"acf":[],"yoast_head":"<!-- This site is optimized with the Yoast SEO plugin v27.4 - https:\/\/yoast.com\/product\/yoast-seo-wordpress\/ -->\n<title>Convenio Sando y Fundaci\u00f3n P\u00e9rez Estrada: Creatividad para Menores<\/title>\n<meta name=\"description\" content=\"Fundaci\u00f3n Sando y la Fundaci\u00f3n Rafael P\u00e9rez Estrada se unen para impulsar la creatividad en menores con necesidades especiales. Descubre m\u00e1s.\" \/>\n<meta name=\"robots\" content=\"index, follow, max-snippet:-1, max-image-preview:large, max-video-preview:-1\" \/>\n<link rel=\"canonical\" href=\"https:\/\/www.sando.com\/en\/actualidad\/the-fundacion-sando-and-the-rafael-perez-estrada-foundation-sign-a-collaboration-agreement-to-promote-creativity-among-children-with-special-needs\" \/>\n<meta property=\"og:locale\" content=\"en_US\" \/>\n<meta property=\"og:type\" content=\"article\" \/>\n<meta property=\"og:title\" content=\"Convenio Sando y Fundaci\u00f3n P\u00e9rez Estrada: Creatividad para Menores\" \/>\n<meta property=\"og:description\" content=\"Fundaci\u00f3n Sando y la Fundaci\u00f3n Rafael P\u00e9rez Estrada se unen para impulsar la creatividad en menores con necesidades especiales. Descubre m\u00e1s.\" \/>\n<meta property=\"og:url\" content=\"https:\/\/www.sando.com\/en\/actualidad\/the-fundacion-sando-and-the-rafael-perez-estrada-foundation-sign-a-collaboration-agreement-to-promote-creativity-among-children-with-special-needs\" \/>\n<meta property=\"og:site_name\" content=\"Sando\" \/>\n<meta property=\"article:published_time\" content=\"2019-10-09T00:00:00+00:00\" \/>\n<meta property=\"article:modified_time\" content=\"2024-10-29T10:35:50+00:00\" \/>\n<meta property=\"og:image\" content=\"https:\/\/www.sando.com\/contenido\/subidas\/2023\/06\/perez-estrada-taller-interpretarte-fundacion-sando.jpg\" \/>\n\t<meta property=\"og:image:width\" content=\"1200\" \/>\n\t<meta property=\"og:image:height\" content=\"802\" \/>\n\t<meta property=\"og:image:type\" content=\"image\/jpeg\" \/>\n<meta name=\"author\" content=\"Juanje Juanje\" \/>\n<meta name=\"twitter:card\" content=\"summary_large_image\" \/>\n<meta name=\"twitter:label1\" content=\"Written by\" \/>\n\t<meta name=\"twitter:data1\" content=\"Juanje Juanje\" \/>\n\t<meta name=\"twitter:label2\" content=\"Est. reading time\" \/>\n\t<meta name=\"twitter:data2\" content=\"2 minutes\" \/>\n<script type=\"application\/ld+json\" class=\"yoast-schema-graph\">{\"@context\":\"https:\\\/\\\/schema.org\",\"@graph\":[{\"@type\":\"Article\",\"@id\":\"https:\\\/\\\/www.sando.com\\\/en\\\/actualidad\\\/the-fundacion-sando-and-the-rafael-perez-estrada-foundation-sign-a-collaboration-agreement-to-promote-creativity-among-children-with-special-needs#article\",\"isPartOf\":{\"@id\":\"https:\\\/\\\/www.sando.com\\\/en\\\/actualidad\\\/the-fundacion-sando-and-the-rafael-perez-estrada-foundation-sign-a-collaboration-agreement-to-promote-creativity-among-children-with-special-needs\"},\"author\":{\"name\":\"Juanje Juanje\",\"@id\":\"https:\\\/\\\/www.sando.com\\\/en#\\\/schema\\\/person\\\/632d5c2fe5027989411732e84a37e6c1\"},\"headline\":\"The Sando Fundaci\u00f3n and the Rafael P\u00e9rez Estrada Foundation sign a collaboration agreement to promote creativity among children with special needs\",\"datePublished\":\"2019-10-09T00:00:00+00:00\",\"dateModified\":\"2024-10-29T10:35:50+00:00\",\"mainEntityOfPage\":{\"@id\":\"https:\\\/\\\/www.sando.com\\\/en\\\/actualidad\\\/the-fundacion-sando-and-the-rafael-perez-estrada-foundation-sign-a-collaboration-agreement-to-promote-creativity-among-children-with-special-needs\"},\"wordCount\":300,\"publisher\":{\"@id\":\"https:\\\/\\\/www.sando.com\\\/en#organization\"},\"image\":{\"@id\":\"https:\\\/\\\/www.sando.com\\\/en\\\/actualidad\\\/the-fundacion-sando-and-the-rafael-perez-estrada-foundation-sign-a-collaboration-agreement-to-promote-creativity-among-children-with-special-needs#primaryimage\"},\"thumbnailUrl\":\"https:\\\/\\\/www.sando.com\\\/contenido\\\/subidas\\\/2023\\\/06\\\/perez-estrada-taller-interpretarte-fundacion-sando.jpg\",\"articleSection\":[\"Communication_Press releases\",\"Press releases (NOT)\"],\"inLanguage\":\"en-US\"},{\"@type\":\"WebPage\",\"@id\":\"https:\\\/\\\/www.sando.com\\\/en\\\/actualidad\\\/the-fundacion-sando-and-the-rafael-perez-estrada-foundation-sign-a-collaboration-agreement-to-promote-creativity-among-children-with-special-needs\",\"url\":\"https:\\\/\\\/www.sando.com\\\/en\\\/actualidad\\\/the-fundacion-sando-and-the-rafael-perez-estrada-foundation-sign-a-collaboration-agreement-to-promote-creativity-among-children-with-special-needs\",\"name\":\"Convenio Sando y Fundaci\u00f3n P\u00e9rez Estrada: Creatividad para Menores\",\"isPartOf\":{\"@id\":\"https:\\\/\\\/www.sando.com\\\/en#website\"},\"primaryImageOfPage\":{\"@id\":\"https:\\\/\\\/www.sando.com\\\/en\\\/actualidad\\\/the-fundacion-sando-and-the-rafael-perez-estrada-foundation-sign-a-collaboration-agreement-to-promote-creativity-among-children-with-special-needs#primaryimage\"},\"image\":{\"@id\":\"https:\\\/\\\/www.sando.com\\\/en\\\/actualidad\\\/the-fundacion-sando-and-the-rafael-perez-estrada-foundation-sign-a-collaboration-agreement-to-promote-creativity-among-children-with-special-needs#primaryimage\"},\"thumbnailUrl\":\"https:\\\/\\\/www.sando.com\\\/contenido\\\/subidas\\\/2023\\\/06\\\/perez-estrada-taller-interpretarte-fundacion-sando.jpg\",\"datePublished\":\"2019-10-09T00:00:00+00:00\",\"dateModified\":\"2024-10-29T10:35:50+00:00\",\"description\":\"Fundaci\u00f3n Sando y la Fundaci\u00f3n Rafael P\u00e9rez Estrada se unen para impulsar la creatividad en menores con necesidades especiales. Descubre m\u00e1s.\",\"breadcrumb\":{\"@id\":\"https:\\\/\\\/www.sando.com\\\/en\\\/actualidad\\\/the-fundacion-sando-and-the-rafael-perez-estrada-foundation-sign-a-collaboration-agreement-to-promote-creativity-among-children-with-special-needs#breadcrumb\"},\"inLanguage\":\"en-US\",\"potentialAction\":[{\"@type\":\"ReadAction\",\"target\":[\"https:\\\/\\\/www.sando.com\\\/en\\\/actualidad\\\/the-fundacion-sando-and-the-rafael-perez-estrada-foundation-sign-a-collaboration-agreement-to-promote-creativity-among-children-with-special-needs\"]}]},{\"@type\":\"ImageObject\",\"inLanguage\":\"en-US\",\"@id\":\"https:\\\/\\\/www.sando.com\\\/en\\\/actualidad\\\/the-fundacion-sando-and-the-rafael-perez-estrada-foundation-sign-a-collaboration-agreement-to-promote-creativity-among-children-with-special-needs#primaryimage\",\"url\":\"https:\\\/\\\/www.sando.com\\\/contenido\\\/subidas\\\/2023\\\/06\\\/perez-estrada-taller-interpretarte-fundacion-sando.jpg\",\"contentUrl\":\"https:\\\/\\\/www.sando.com\\\/contenido\\\/subidas\\\/2023\\\/06\\\/perez-estrada-taller-interpretarte-fundacion-sando.jpg\",\"width\":1200,\"height\":802},{\"@type\":\"BreadcrumbList\",\"@id\":\"https:\\\/\\\/www.sando.com\\\/en\\\/actualidad\\\/the-fundacion-sando-and-the-rafael-perez-estrada-foundation-sign-a-collaboration-agreement-to-promote-creativity-among-children-with-special-needs#breadcrumb\",\"itemListElement\":[{\"@type\":\"ListItem\",\"position\":1,\"name\":\"Portada\",\"item\":\"https:\\\/\\\/www.sando.com\\\/en\"},{\"@type\":\"ListItem\",\"position\":2,\"name\":\"The Sando Fundaci\u00f3n and the Rafael P\u00e9rez Estrada Foundation sign a collaboration agreement to promote creativity among children with special needs\"}]},{\"@type\":\"WebSite\",\"@id\":\"https:\\\/\\\/www.sando.com\\\/en#website\",\"url\":\"https:\\\/\\\/www.sando.com\\\/en\",\"name\":\"Sando\",\"description\":\"\",\"publisher\":{\"@id\":\"https:\\\/\\\/www.sando.com\\\/en#organization\"},\"potentialAction\":[{\"@type\":\"SearchAction\",\"target\":{\"@type\":\"EntryPoint\",\"urlTemplate\":\"https:\\\/\\\/www.sando.com\\\/en?s={search_term_string}\"},\"query-input\":{\"@type\":\"PropertyValueSpecification\",\"valueRequired\":true,\"valueName\":\"search_term_string\"}}],\"inLanguage\":\"en-US\"},{\"@type\":\"Organization\",\"@id\":\"https:\\\/\\\/www.sando.com\\\/en#organization\",\"name\":\"Sando\",\"url\":\"https:\\\/\\\/www.sando.com\\\/en\",\"logo\":{\"@type\":\"ImageObject\",\"inLanguage\":\"en-US\",\"@id\":\"https:\\\/\\\/www.sando.com\\\/en#\\\/schema\\\/logo\\\/image\\\/\",\"url\":\"\",\"contentUrl\":\"\",\"caption\":\"Sando\"},\"image\":{\"@id\":\"https:\\\/\\\/www.sando.com\\\/en#\\\/schema\\\/logo\\\/image\\\/\"}},{\"@type\":\"Person\",\"@id\":\"https:\\\/\\\/www.sando.com\\\/en#\\\/schema\\\/person\\\/632d5c2fe5027989411732e84a37e6c1\",\"name\":\"Juanje Juanje\",\"image\":{\"@type\":\"ImageObject\",\"inLanguage\":\"en-US\",\"@id\":\"https:\\\/\\\/secure.gravatar.com\\\/avatar\\\/c3e6022bd9f917c76ed8e8b6871d1ffbb4e91e491e7ef61fe483473b62660729?s=96&d=mm&r=g\",\"url\":\"https:\\\/\\\/secure.gravatar.com\\\/avatar\\\/c3e6022bd9f917c76ed8e8b6871d1ffbb4e91e491e7ef61fe483473b62660729?s=96&d=mm&r=g\",\"contentUrl\":\"https:\\\/\\\/secure.gravatar.com\\\/avatar\\\/c3e6022bd9f917c76ed8e8b6871d1ffbb4e91e491e7ef61fe483473b62660729?s=96&d=mm&r=g\",\"caption\":\"Juanje Juanje\"}}]}<\/script>\n<!-- \/ Yoast SEO plugin. -->","yoast_head_json":{"title":"Convenio Sando y Fundaci\u00f3n P\u00e9rez Estrada: Creatividad para Menores","description":"Fundaci\u00f3n Sando y la Fundaci\u00f3n Rafael P\u00e9rez Estrada se unen para impulsar la creatividad en menores con necesidades especiales. Descubre m\u00e1s.","robots":{"index":"index","follow":"follow","max-snippet":"max-snippet:-1","max-image-preview":"max-image-preview:large","max-video-preview":"max-video-preview:-1"},"canonical":"https:\/\/www.sando.com\/en\/actualidad\/the-fundacion-sando-and-the-rafael-perez-estrada-foundation-sign-a-collaboration-agreement-to-promote-creativity-among-children-with-special-needs","og_locale":"en_US","og_type":"article","og_title":"Convenio Sando y Fundaci\u00f3n P\u00e9rez Estrada: Creatividad para Menores","og_description":"Fundaci\u00f3n Sando y la Fundaci\u00f3n Rafael P\u00e9rez Estrada se unen para impulsar la creatividad en menores con necesidades especiales. Descubre m\u00e1s.","og_url":"https:\/\/www.sando.com\/en\/actualidad\/the-fundacion-sando-and-the-rafael-perez-estrada-foundation-sign-a-collaboration-agreement-to-promote-creativity-among-children-with-special-needs","og_site_name":"Sando","article_published_time":"2019-10-09T00:00:00+00:00","article_modified_time":"2024-10-29T10:35:50+00:00","og_image":[{"width":1200,"height":802,"url":"https:\/\/www.sando.com\/contenido\/subidas\/2023\/06\/perez-estrada-taller-interpretarte-fundacion-sando.jpg","type":"image\/jpeg"}],"author":"Juanje Juanje","twitter_card":"summary_large_image","twitter_misc":{"Written by":"Juanje Juanje","Est. reading time":"2 minutes"},"schema":{"@context":"https:\/\/schema.org","@graph":[{"@type":"Article","@id":"https:\/\/www.sando.com\/en\/actualidad\/the-fundacion-sando-and-the-rafael-perez-estrada-foundation-sign-a-collaboration-agreement-to-promote-creativity-among-children-with-special-needs#article","isPartOf":{"@id":"https:\/\/www.sando.com\/en\/actualidad\/the-fundacion-sando-and-the-rafael-perez-estrada-foundation-sign-a-collaboration-agreement-to-promote-creativity-among-children-with-special-needs"},"author":{"name":"Juanje Juanje","@id":"https:\/\/www.sando.com\/en#\/schema\/person\/632d5c2fe5027989411732e84a37e6c1"},"headline":"The Sando Fundaci\u00f3n and the Rafael P\u00e9rez Estrada Foundation sign a collaboration agreement to promote creativity among children with special needs","datePublished":"2019-10-09T00:00:00+00:00","dateModified":"2024-10-29T10:35:50+00:00","mainEntityOfPage":{"@id":"https:\/\/www.sando.com\/en\/actualidad\/the-fundacion-sando-and-the-rafael-perez-estrada-foundation-sign-a-collaboration-agreement-to-promote-creativity-among-children-with-special-needs"},"wordCount":300,"publisher":{"@id":"https:\/\/www.sando.com\/en#organization"},"image":{"@id":"https:\/\/www.sando.com\/en\/actualidad\/the-fundacion-sando-and-the-rafael-perez-estrada-foundation-sign-a-collaboration-agreement-to-promote-creativity-among-children-with-special-needs#primaryimage"},"thumbnailUrl":"https:\/\/www.sando.com\/contenido\/subidas\/2023\/06\/perez-estrada-taller-interpretarte-fundacion-sando.jpg","articleSection":["Communication_Press releases","Press releases (NOT)"],"inLanguage":"en-US"},{"@type":"WebPage","@id":"https:\/\/www.sando.com\/en\/actualidad\/the-fundacion-sando-and-the-rafael-perez-estrada-foundation-sign-a-collaboration-agreement-to-promote-creativity-among-children-with-special-needs","url":"https:\/\/www.sando.com\/en\/actualidad\/the-fundacion-sando-and-the-rafael-perez-estrada-foundation-sign-a-collaboration-agreement-to-promote-creativity-among-children-with-special-needs","name":"Convenio Sando y Fundaci\u00f3n P\u00e9rez Estrada: Creatividad para Menores","isPartOf":{"@id":"https:\/\/www.sando.com\/en#website"},"primaryImageOfPage":{"@id":"https:\/\/www.sando.com\/en\/actualidad\/the-fundacion-sando-and-the-rafael-perez-estrada-foundation-sign-a-collaboration-agreement-to-promote-creativity-among-children-with-special-needs#primaryimage"},"image":{"@id":"https:\/\/www.sando.com\/en\/actualidad\/the-fundacion-sando-and-the-rafael-perez-estrada-foundation-sign-a-collaboration-agreement-to-promote-creativity-among-children-with-special-needs#primaryimage"},"thumbnailUrl":"https:\/\/www.sando.com\/contenido\/subidas\/2023\/06\/perez-estrada-taller-interpretarte-fundacion-sando.jpg","datePublished":"2019-10-09T00:00:00+00:00","dateModified":"2024-10-29T10:35:50+00:00","description":"Fundaci\u00f3n Sando y la Fundaci\u00f3n Rafael P\u00e9rez Estrada se unen para impulsar la creatividad en menores con necesidades especiales. Descubre m\u00e1s.","breadcrumb":{"@id":"https:\/\/www.sando.com\/en\/actualidad\/the-fundacion-sando-and-the-rafael-perez-estrada-foundation-sign-a-collaboration-agreement-to-promote-creativity-among-children-with-special-needs#breadcrumb"},"inLanguage":"en-US","potentialAction":[{"@type":"ReadAction","target":["https:\/\/www.sando.com\/en\/actualidad\/the-fundacion-sando-and-the-rafael-perez-estrada-foundation-sign-a-collaboration-agreement-to-promote-creativity-among-children-with-special-needs"]}]},{"@type":"ImageObject","inLanguage":"en-US","@id":"https:\/\/www.sando.com\/en\/actualidad\/the-fundacion-sando-and-the-rafael-perez-estrada-foundation-sign-a-collaboration-agreement-to-promote-creativity-among-children-with-special-needs#primaryimage","url":"https:\/\/www.sando.com\/contenido\/subidas\/2023\/06\/perez-estrada-taller-interpretarte-fundacion-sando.jpg","contentUrl":"https:\/\/www.sando.com\/contenido\/subidas\/2023\/06\/perez-estrada-taller-interpretarte-fundacion-sando.jpg","width":1200,"height":802},{"@type":"BreadcrumbList","@id":"https:\/\/www.sando.com\/en\/actualidad\/the-fundacion-sando-and-the-rafael-perez-estrada-foundation-sign-a-collaboration-agreement-to-promote-creativity-among-children-with-special-needs#breadcrumb","itemListElement":[{"@type":"ListItem","position":1,"name":"Portada","item":"https:\/\/www.sando.com\/en"},{"@type":"ListItem","position":2,"name":"The Sando Fundaci\u00f3n and the Rafael P\u00e9rez Estrada Foundation sign a collaboration agreement to promote creativity among children with special needs"}]},{"@type":"WebSite","@id":"https:\/\/www.sando.com\/en#website","url":"https:\/\/www.sando.com\/en","name":"Sando","description":"","publisher":{"@id":"https:\/\/www.sando.com\/en#organization"},"potentialAction":[{"@type":"SearchAction","target":{"@type":"EntryPoint","urlTemplate":"https:\/\/www.sando.com\/en?s={search_term_string}"},"query-input":{"@type":"PropertyValueSpecification","valueRequired":true,"valueName":"search_term_string"}}],"inLanguage":"en-US"},{"@type":"Organization","@id":"https:\/\/www.sando.com\/en#organization","name":"Sando","url":"https:\/\/www.sando.com\/en","logo":{"@type":"ImageObject","inLanguage":"en-US","@id":"https:\/\/www.sando.com\/en#\/schema\/logo\/image\/","url":"","contentUrl":"","caption":"Sando"},"image":{"@id":"https:\/\/www.sando.com\/en#\/schema\/logo\/image\/"}},{"@type":"Person","@id":"https:\/\/www.sando.com\/en#\/schema\/person\/632d5c2fe5027989411732e84a37e6c1","name":"Juanje Juanje","image":{"@type":"ImageObject","inLanguage":"en-US","@id":"https:\/\/secure.gravatar.com\/avatar\/c3e6022bd9f917c76ed8e8b6871d1ffbb4e91e491e7ef61fe483473b62660729?s=96&d=mm&r=g","url":"https:\/\/secure.gravatar.com\/avatar\/c3e6022bd9f917c76ed8e8b6871d1ffbb4e91e491e7ef61fe483473b62660729?s=96&d=mm&r=g","contentUrl":"https:\/\/secure.gravatar.com\/avatar\/c3e6022bd9f917c76ed8e8b6871d1ffbb4e91e491e7ef61fe483473b62660729?s=96&d=mm&r=g","caption":"Juanje Juanje"}}]}},"_links":{"self":[{"href":"https:\/\/www.sando.com\/en\/wp-json\/wp\/v2\/posts\/21149","targetHints":{"allow":["GET"]}}],"collection":[{"href":"https:\/\/www.sando.com\/en\/wp-json\/wp\/v2\/posts"}],"about":[{"href":"https:\/\/www.sando.com\/en\/wp-json\/wp\/v2\/types\/post"}],"author":[{"embeddable":true,"href":"https:\/\/www.sando.com\/en\/wp-json\/wp\/v2\/users\/2"}],"replies":[{"embeddable":true,"href":"https:\/\/www.sando.com\/en\/wp-json\/wp\/v2\/comments?post=21149"}],"version-history":[{"count":0,"href":"https:\/\/www.sando.com\/en\/wp-json\/wp\/v2\/posts\/21149\/revisions"}],"wp:featuredmedia":[{"embeddable":true,"href":"https:\/\/www.sando.com\/en\/wp-json\/wp\/v2\/media\/1545"}],"wp:attachment":[{"href":"https:\/\/www.sando.com\/en\/wp-json\/wp\/v2\/media?parent=21149"}],"wp:term":[{"taxonomy":"category","embeddable":true,"href":"https:\/\/www.sando.com\/en\/wp-json\/wp\/v2\/categories?post=21149"},{"taxonomy":"post_tag","embeddable":true,"href":"https:\/\/www.sando.com\/en\/wp-json\/wp\/v2\/tags?post=21149"},{"taxonomy":"tax_brand","embeddable":true,"href":"https:\/\/www.sando.com\/en\/wp-json\/wp\/v2\/tax_brand?post=21149"},{"taxonomy":"tax_services","embeddable":true,"href":"https:\/\/www.sando.com\/en\/wp-json\/wp\/v2\/tax_services?post=21149"},{"taxonomy":"tax_location","embeddable":true,"href":"https:\/\/www.sando.com\/en\/wp-json\/wp\/v2\/tax_location?post=21149"}],"curies":[{"name":"wp","href":"https:\/\/api.w.org\/{rel}","templated":true}]}}