{"id":21154,"date":"2019-11-13T00:00:00","date_gmt":"2019-11-13T00:00:00","guid":{"rendered":"https:\/\/sando.com\/actualidad\/next-year-we-will-have-the-first-national-road-maintenance-meeting-in-malaga-raul-lopez-councillor-for-territorial-management-of-the-malaga-city-council"},"modified":"2024-10-29T10:35:52","modified_gmt":"2024-10-29T10:35:52","slug":"next-year-we-will-have-the-first-national-road-maintenance-meeting-in-malaga-raul-lopez-councillor-for-territorial-management-of-the-malaga-city-council","status":"publish","type":"post","link":"https:\/\/www.sando.com\/en\/actualidad\/next-year-we-will-have-the-first-national-road-maintenance-meeting-in-malaga-raul-lopez-councillor-for-territorial-management-of-the-malaga-city-council","title":{"rendered":"\u201cNext year we will have the first National Road Maintenance Meeting in M\u00e1laga\u201d Ra\u00fal L\u00f3pez, Councillor for Territorial Management of the M\u00e1laga City Council"},"content":{"rendered":"<p>The fifth road maintenance meeting will focus on customer service<br \/>\nM\u00e1laga City Council\u2019s Councillor for Territorial Planning, Ra\u00fal L\u00f3pez, announced at the inauguration of the 5th Road Maintenance Sustainable Cities Meeting, sponsored by <a href=\"\/en\/althenia-sando\" title=\"Integral environmental services\" target=\"_blank\">Althenia<\/a> and Los Serranos, that next year the Municipal Planning Department is going to organise first National Road Maintenance Meeting.<\/p>\n<p>During his speech Ra\u00fal L\u00f3pez analysed the vision of road maintenance in a smart city like M\u00e1laga: \u201cIt allows us to cover the needs of those who need us, the citizens, better\u201d. Next, the Delegate of Development, Territorial Planning, Culture and Historical Heritage of the Government of Andalusia in M\u00e1laga, Carmen Casero, highlighted the work done in the city: \u201cM\u00e1laga has been a pioneer in Spain in road maintenance, like in other fields\u201d.<br \/>\nThe opening ceremony continued with the interventions of Jorge G\u00e1miz, Sando\u2019s general director of Conservation and Maintenance of Infrastructures and Eduardo Fern\u00e1ndez, CEO of Eiffage Infraestructuras, who highlighted the evolution of the Road Maintenance Plan in recent years.<\/p>\n<p>The first of the sessions focused on investments made in road maintenance in the city of M\u00e1laga. During this session Javier P\u00e9rez de la Fuente, head of the Department of Architecture and Infrastructure of M\u00e1laga\u2019s Municipal Planning Department, stressed the importance of new communication technologies: \u201cIf we don&acute;t have the right information, it is impossible to offer good maintenance, but with data we are able to programme and prioritise them\u201d.<\/p>\n<p>The detail of the investments made during the last year in M\u00e1laga was given by Pilar Vila, head of M\u00e1laga\u2019s Project Services and Works Management of the Planning Department, while M\u00e1laga\u2019s Road Maintenance Contract director, Sergio Mu\u00f1oz Caro, explained the information contained in the deterioration maps of the city and its relationship with the investment by zones.<\/p>\n<p>The session on national and international experience in road maintenance began with a presentation by the vice president of the Spanish Federation of Municipalities and Provinces, Jos\u00e9 Mar\u00eda Garc\u00eda who, in his capacity as Mayor of Estepona, talked about how the maintenance of a city can affect its economic and social development.<\/p>\n<p>During the round table, the moderator and vice president of the European Asphalt Pavement Association, Juan Jos\u00e9 Potti, analysed the current international maintenance scenario and delved into the need to adapt the plans to the future. In this sense, \u00c1ngel Sampedro, Professor of Road Engineering at the Alfonso X University, announced some of the results of a maintenance research project that his department is conducting. Next, Miguel Caso, World Road Association technical director, explained how the information processing constitutes the future in maintenance: \u201cData is the oil of the 21st century\u201d. Finally, Lola Ortiz, Madrid City Council General Director of Planning and Mobility Infrastructures, talked about the application for notices of incidents on public <a href=\"\/en\/specialisations\/transport-infrastructure\/transport-and-mobility\/roads\" title=\"We build and renovate highways, freeways and roads\" target=\"_blank\">Roads<\/a> that Madrid has developed and that users can use directly. <\/p>\n<p>Innovation in maintenance<\/p>\n<p>Innovation and new trends were the focal point in the last two round tables in the final phase of the 5th Road Maintenance Sustainable Cities Meeting, sponsored by Althenia and Los Serranos. In the first one, moderated by the journalist Luis Carlos Ram\u00edrez, an in-depth debate was held on how to optimise the maintenance activity. In this context, Francisco Mart\u00edn, head of the M\u00e1laga Road Maintenance Plan, talked about how the Genesis IT system, developed as a research project, has radically improved efficiency in the city of M\u00e1laga. At the same time, Pablo S\u00e1ez, Managing Director of the Infrastructure Maintenance and Exploitation Company Association, asked for more investment in research in this area due to lack of support.<\/p>\n<p>The most technical point of view was offered by David Bueno, manager of the Municipal Computing Centre, and Rams\u00e9s Vidal, civil engineer in the Planning Department.<br \/>\nFinally, different views on how to make a city friendlier were presented in the round table on new trends in maintenance, moderated by the journalist of Diario Sur, Ana P\u00e9rez-Bryan. Jos\u00e9 Luis Borau, drawing from his experience as head of the ONCE\u2019s (Spanish Organisation for the Blind) Accessibility and Physical Environment Department expressed why good maintenance is essential for people with disabilities. A vision put into context by Jos\u00e9 Cardador, M\u00e1laga City Council urban planning manager, who gave examples of the activity carried out in M\u00e1laga, and that Enrique Catalina expanded on with his experience as general director of Infrastructure and Land Management of the Government of Andalusia and the architect from the M\u00e1laga Planning Department, Cristina Gallardo.<\/p>\n<p><a href=\"\" target=\"_blank\" rel=\"noopener noreferrer\" download=\"\">Download file<\/a><\/p>\n<p style=\"text-align: left;\">\n<p>&nbsp;<\/p>\n<div class=\"avia-button-wrap avia-button-center avia-builder-el-47 el_after_av_button avia-builder-el-last \"><a class=\"avia-button av-icon-on-hover avia-icon_select-yes-right-icon avia-color-custom avia-size-large avia-position-center \" style=\"background-color: #006918; border-color: #004576; color: #ffffff;\" href=\"..\/press-releases\/\"><span class=\"avia_iconbox_title\">Return to Press releases<\/span><\/a><\/div>\n","protected":false},"excerpt":{"rendered":"The fifth road maintenance meeting will focus on customer service","protected":false},"author":2,"featured_media":1555,"comment_status":"closed","ping_status":"closed","sticky":false,"template":"","format":"standard","meta":{"_acf_changed":false,"footnotes":""},"categories":[1057,1334],"tags":[],"tax_brand":[],"tax_services":[],"tax_location":[],"class_list":["post-21154","post","type-post","status-publish","format-standard","has-post-thumbnail","hentry","category-communication_press-releases","category-press-releases-communication_press-releases"],"acf":[],"yoast_head":"<!-- This site is optimized with the Yoast SEO plugin v27.4 - https:\/\/yoast.com\/product\/yoast-seo-wordpress\/ -->\n<title>Jornadas Nacionales de Conservaci\u00f3n Viaria en M\u00e1laga<\/title>\n<meta name=\"description\" content=\"Descubre las Jornadas Nacionales de Conservaci\u00f3n Viaria en M\u00e1laga, un evento clave para el futuro de la infraestructura y el urbanismo.\" \/>\n<meta name=\"robots\" content=\"index, follow, max-snippet:-1, max-image-preview:large, max-video-preview:-1\" \/>\n<link rel=\"canonical\" href=\"https:\/\/www.sando.com\/en\/actualidad\/next-year-we-will-have-the-first-national-road-maintenance-meeting-in-malaga-raul-lopez-councillor-for-territorial-management-of-the-malaga-city-council\" \/>\n<meta property=\"og:locale\" content=\"en_US\" \/>\n<meta property=\"og:type\" content=\"article\" \/>\n<meta property=\"og:title\" content=\"Jornadas Nacionales de Conservaci\u00f3n Viaria en M\u00e1laga\" \/>\n<meta property=\"og:description\" content=\"Descubre las Jornadas Nacionales de Conservaci\u00f3n Viaria en M\u00e1laga, un evento clave para el futuro de la infraestructura y el urbanismo.\" \/>\n<meta property=\"og:url\" content=\"https:\/\/www.sando.com\/en\/actualidad\/next-year-we-will-have-the-first-national-road-maintenance-meeting-in-malaga-raul-lopez-councillor-for-territorial-management-of-the-malaga-city-council\" \/>\n<meta property=\"og:site_name\" content=\"Sando\" \/>\n<meta property=\"article:published_time\" content=\"2019-11-13T00:00:00+00:00\" \/>\n<meta property=\"article:modified_time\" content=\"2024-10-29T10:35:52+00:00\" \/>\n<meta property=\"og:image\" content=\"https:\/\/www.sando.com\/contenido\/subidas\/2023\/06\/jornadaconservacion-sando-althenia-2019.jpg\" \/>\n\t<meta property=\"og:image:width\" content=\"1200\" \/>\n\t<meta property=\"og:image:height\" content=\"800\" \/>\n\t<meta property=\"og:image:type\" content=\"image\/jpeg\" \/>\n<meta name=\"author\" content=\"Juanje Juanje\" \/>\n<meta name=\"twitter:card\" content=\"summary_large_image\" \/>\n<meta name=\"twitter:label1\" content=\"Written by\" \/>\n\t<meta name=\"twitter:data1\" content=\"Juanje Juanje\" \/>\n\t<meta name=\"twitter:label2\" content=\"Est. reading time\" \/>\n\t<meta name=\"twitter:data2\" content=\"4 minutes\" \/>\n<script type=\"application\/ld+json\" class=\"yoast-schema-graph\">{\"@context\":\"https:\\\/\\\/schema.org\",\"@graph\":[{\"@type\":\"Article\",\"@id\":\"https:\\\/\\\/www.sando.com\\\/en\\\/actualidad\\\/next-year-we-will-have-the-first-national-road-maintenance-meeting-in-malaga-raul-lopez-councillor-for-territorial-management-of-the-malaga-city-council#article\",\"isPartOf\":{\"@id\":\"https:\\\/\\\/www.sando.com\\\/en\\\/actualidad\\\/next-year-we-will-have-the-first-national-road-maintenance-meeting-in-malaga-raul-lopez-councillor-for-territorial-management-of-the-malaga-city-council\"},\"author\":{\"name\":\"Juanje Juanje\",\"@id\":\"https:\\\/\\\/www.sando.com\\\/en#\\\/schema\\\/person\\\/632d5c2fe5027989411732e84a37e6c1\"},\"headline\":\"\u201cNext year we will have the first National Road Maintenance Meeting in M\u00e1laga\u201d Ra\u00fal L\u00f3pez, Councillor for Territorial Management of the M\u00e1laga City Council\",\"datePublished\":\"2019-11-13T00:00:00+00:00\",\"dateModified\":\"2024-10-29T10:35:52+00:00\",\"mainEntityOfPage\":{\"@id\":\"https:\\\/\\\/www.sando.com\\\/en\\\/actualidad\\\/next-year-we-will-have-the-first-national-road-maintenance-meeting-in-malaga-raul-lopez-councillor-for-territorial-management-of-the-malaga-city-council\"},\"wordCount\":805,\"publisher\":{\"@id\":\"https:\\\/\\\/www.sando.com\\\/en#organization\"},\"image\":{\"@id\":\"https:\\\/\\\/www.sando.com\\\/en\\\/actualidad\\\/next-year-we-will-have-the-first-national-road-maintenance-meeting-in-malaga-raul-lopez-councillor-for-territorial-management-of-the-malaga-city-council#primaryimage\"},\"thumbnailUrl\":\"https:\\\/\\\/www.sando.com\\\/contenido\\\/subidas\\\/2023\\\/06\\\/jornadaconservacion-sando-althenia-2019.jpg\",\"articleSection\":[\"Communication_Press releases\",\"Press releases (NOT)\"],\"inLanguage\":\"en-US\"},{\"@type\":\"WebPage\",\"@id\":\"https:\\\/\\\/www.sando.com\\\/en\\\/actualidad\\\/next-year-we-will-have-the-first-national-road-maintenance-meeting-in-malaga-raul-lopez-councillor-for-territorial-management-of-the-malaga-city-council\",\"url\":\"https:\\\/\\\/www.sando.com\\\/en\\\/actualidad\\\/next-year-we-will-have-the-first-national-road-maintenance-meeting-in-malaga-raul-lopez-councillor-for-territorial-management-of-the-malaga-city-council\",\"name\":\"Jornadas Nacionales de Conservaci\u00f3n Viaria en M\u00e1laga\",\"isPartOf\":{\"@id\":\"https:\\\/\\\/www.sando.com\\\/en#website\"},\"primaryImageOfPage\":{\"@id\":\"https:\\\/\\\/www.sando.com\\\/en\\\/actualidad\\\/next-year-we-will-have-the-first-national-road-maintenance-meeting-in-malaga-raul-lopez-councillor-for-territorial-management-of-the-malaga-city-council#primaryimage\"},\"image\":{\"@id\":\"https:\\\/\\\/www.sando.com\\\/en\\\/actualidad\\\/next-year-we-will-have-the-first-national-road-maintenance-meeting-in-malaga-raul-lopez-councillor-for-territorial-management-of-the-malaga-city-council#primaryimage\"},\"thumbnailUrl\":\"https:\\\/\\\/www.sando.com\\\/contenido\\\/subidas\\\/2023\\\/06\\\/jornadaconservacion-sando-althenia-2019.jpg\",\"datePublished\":\"2019-11-13T00:00:00+00:00\",\"dateModified\":\"2024-10-29T10:35:52+00:00\",\"description\":\"Descubre las Jornadas Nacionales de Conservaci\u00f3n Viaria en M\u00e1laga, un evento clave para el futuro de la infraestructura y el urbanismo.\",\"breadcrumb\":{\"@id\":\"https:\\\/\\\/www.sando.com\\\/en\\\/actualidad\\\/next-year-we-will-have-the-first-national-road-maintenance-meeting-in-malaga-raul-lopez-councillor-for-territorial-management-of-the-malaga-city-council#breadcrumb\"},\"inLanguage\":\"en-US\",\"potentialAction\":[{\"@type\":\"ReadAction\",\"target\":[\"https:\\\/\\\/www.sando.com\\\/en\\\/actualidad\\\/next-year-we-will-have-the-first-national-road-maintenance-meeting-in-malaga-raul-lopez-councillor-for-territorial-management-of-the-malaga-city-council\"]}]},{\"@type\":\"ImageObject\",\"inLanguage\":\"en-US\",\"@id\":\"https:\\\/\\\/www.sando.com\\\/en\\\/actualidad\\\/next-year-we-will-have-the-first-national-road-maintenance-meeting-in-malaga-raul-lopez-councillor-for-territorial-management-of-the-malaga-city-council#primaryimage\",\"url\":\"https:\\\/\\\/www.sando.com\\\/contenido\\\/subidas\\\/2023\\\/06\\\/jornadaconservacion-sando-althenia-2019.jpg\",\"contentUrl\":\"https:\\\/\\\/www.sando.com\\\/contenido\\\/subidas\\\/2023\\\/06\\\/jornadaconservacion-sando-althenia-2019.jpg\",\"width\":1200,\"height\":800},{\"@type\":\"BreadcrumbList\",\"@id\":\"https:\\\/\\\/www.sando.com\\\/en\\\/actualidad\\\/next-year-we-will-have-the-first-national-road-maintenance-meeting-in-malaga-raul-lopez-councillor-for-territorial-management-of-the-malaga-city-council#breadcrumb\",\"itemListElement\":[{\"@type\":\"ListItem\",\"position\":1,\"name\":\"Portada\",\"item\":\"https:\\\/\\\/www.sando.com\\\/en\"},{\"@type\":\"ListItem\",\"position\":2,\"name\":\"\u201cNext year we will have the first National Road Maintenance Meeting in M\u00e1laga\u201d Ra\u00fal L\u00f3pez, Councillor for Territorial Management of the M\u00e1laga City Council\"}]},{\"@type\":\"WebSite\",\"@id\":\"https:\\\/\\\/www.sando.com\\\/en#website\",\"url\":\"https:\\\/\\\/www.sando.com\\\/en\",\"name\":\"Sando\",\"description\":\"\",\"publisher\":{\"@id\":\"https:\\\/\\\/www.sando.com\\\/en#organization\"},\"potentialAction\":[{\"@type\":\"SearchAction\",\"target\":{\"@type\":\"EntryPoint\",\"urlTemplate\":\"https:\\\/\\\/www.sando.com\\\/en?s={search_term_string}\"},\"query-input\":{\"@type\":\"PropertyValueSpecification\",\"valueRequired\":true,\"valueName\":\"search_term_string\"}}],\"inLanguage\":\"en-US\"},{\"@type\":\"Organization\",\"@id\":\"https:\\\/\\\/www.sando.com\\\/en#organization\",\"name\":\"Sando\",\"url\":\"https:\\\/\\\/www.sando.com\\\/en\",\"logo\":{\"@type\":\"ImageObject\",\"inLanguage\":\"en-US\",\"@id\":\"https:\\\/\\\/www.sando.com\\\/en#\\\/schema\\\/logo\\\/image\\\/\",\"url\":\"\",\"contentUrl\":\"\",\"caption\":\"Sando\"},\"image\":{\"@id\":\"https:\\\/\\\/www.sando.com\\\/en#\\\/schema\\\/logo\\\/image\\\/\"}},{\"@type\":\"Person\",\"@id\":\"https:\\\/\\\/www.sando.com\\\/en#\\\/schema\\\/person\\\/632d5c2fe5027989411732e84a37e6c1\",\"name\":\"Juanje Juanje\",\"image\":{\"@type\":\"ImageObject\",\"inLanguage\":\"en-US\",\"@id\":\"https:\\\/\\\/secure.gravatar.com\\\/avatar\\\/c3e6022bd9f917c76ed8e8b6871d1ffbb4e91e491e7ef61fe483473b62660729?s=96&d=mm&r=g\",\"url\":\"https:\\\/\\\/secure.gravatar.com\\\/avatar\\\/c3e6022bd9f917c76ed8e8b6871d1ffbb4e91e491e7ef61fe483473b62660729?s=96&d=mm&r=g\",\"contentUrl\":\"https:\\\/\\\/secure.gravatar.com\\\/avatar\\\/c3e6022bd9f917c76ed8e8b6871d1ffbb4e91e491e7ef61fe483473b62660729?s=96&d=mm&r=g\",\"caption\":\"Juanje Juanje\"}}]}<\/script>\n<!-- \/ Yoast SEO plugin. -->","yoast_head_json":{"title":"Jornadas Nacionales de Conservaci\u00f3n Viaria en M\u00e1laga","description":"Descubre las Jornadas Nacionales de Conservaci\u00f3n Viaria en M\u00e1laga, un evento clave para el futuro de la infraestructura y el urbanismo.","robots":{"index":"index","follow":"follow","max-snippet":"max-snippet:-1","max-image-preview":"max-image-preview:large","max-video-preview":"max-video-preview:-1"},"canonical":"https:\/\/www.sando.com\/en\/actualidad\/next-year-we-will-have-the-first-national-road-maintenance-meeting-in-malaga-raul-lopez-councillor-for-territorial-management-of-the-malaga-city-council","og_locale":"en_US","og_type":"article","og_title":"Jornadas Nacionales de Conservaci\u00f3n Viaria en M\u00e1laga","og_description":"Descubre las Jornadas Nacionales de Conservaci\u00f3n Viaria en M\u00e1laga, un evento clave para el futuro de la infraestructura y el urbanismo.","og_url":"https:\/\/www.sando.com\/en\/actualidad\/next-year-we-will-have-the-first-national-road-maintenance-meeting-in-malaga-raul-lopez-councillor-for-territorial-management-of-the-malaga-city-council","og_site_name":"Sando","article_published_time":"2019-11-13T00:00:00+00:00","article_modified_time":"2024-10-29T10:35:52+00:00","og_image":[{"width":1200,"height":800,"url":"https:\/\/www.sando.com\/contenido\/subidas\/2023\/06\/jornadaconservacion-sando-althenia-2019.jpg","type":"image\/jpeg"}],"author":"Juanje Juanje","twitter_card":"summary_large_image","twitter_misc":{"Written by":"Juanje Juanje","Est. reading time":"4 minutes"},"schema":{"@context":"https:\/\/schema.org","@graph":[{"@type":"Article","@id":"https:\/\/www.sando.com\/en\/actualidad\/next-year-we-will-have-the-first-national-road-maintenance-meeting-in-malaga-raul-lopez-councillor-for-territorial-management-of-the-malaga-city-council#article","isPartOf":{"@id":"https:\/\/www.sando.com\/en\/actualidad\/next-year-we-will-have-the-first-national-road-maintenance-meeting-in-malaga-raul-lopez-councillor-for-territorial-management-of-the-malaga-city-council"},"author":{"name":"Juanje Juanje","@id":"https:\/\/www.sando.com\/en#\/schema\/person\/632d5c2fe5027989411732e84a37e6c1"},"headline":"\u201cNext year we will have the first National Road Maintenance Meeting in M\u00e1laga\u201d Ra\u00fal L\u00f3pez, Councillor for Territorial Management of the M\u00e1laga City Council","datePublished":"2019-11-13T00:00:00+00:00","dateModified":"2024-10-29T10:35:52+00:00","mainEntityOfPage":{"@id":"https:\/\/www.sando.com\/en\/actualidad\/next-year-we-will-have-the-first-national-road-maintenance-meeting-in-malaga-raul-lopez-councillor-for-territorial-management-of-the-malaga-city-council"},"wordCount":805,"publisher":{"@id":"https:\/\/www.sando.com\/en#organization"},"image":{"@id":"https:\/\/www.sando.com\/en\/actualidad\/next-year-we-will-have-the-first-national-road-maintenance-meeting-in-malaga-raul-lopez-councillor-for-territorial-management-of-the-malaga-city-council#primaryimage"},"thumbnailUrl":"https:\/\/www.sando.com\/contenido\/subidas\/2023\/06\/jornadaconservacion-sando-althenia-2019.jpg","articleSection":["Communication_Press releases","Press releases (NOT)"],"inLanguage":"en-US"},{"@type":"WebPage","@id":"https:\/\/www.sando.com\/en\/actualidad\/next-year-we-will-have-the-first-national-road-maintenance-meeting-in-malaga-raul-lopez-councillor-for-territorial-management-of-the-malaga-city-council","url":"https:\/\/www.sando.com\/en\/actualidad\/next-year-we-will-have-the-first-national-road-maintenance-meeting-in-malaga-raul-lopez-councillor-for-territorial-management-of-the-malaga-city-council","name":"Jornadas Nacionales de Conservaci\u00f3n Viaria en M\u00e1laga","isPartOf":{"@id":"https:\/\/www.sando.com\/en#website"},"primaryImageOfPage":{"@id":"https:\/\/www.sando.com\/en\/actualidad\/next-year-we-will-have-the-first-national-road-maintenance-meeting-in-malaga-raul-lopez-councillor-for-territorial-management-of-the-malaga-city-council#primaryimage"},"image":{"@id":"https:\/\/www.sando.com\/en\/actualidad\/next-year-we-will-have-the-first-national-road-maintenance-meeting-in-malaga-raul-lopez-councillor-for-territorial-management-of-the-malaga-city-council#primaryimage"},"thumbnailUrl":"https:\/\/www.sando.com\/contenido\/subidas\/2023\/06\/jornadaconservacion-sando-althenia-2019.jpg","datePublished":"2019-11-13T00:00:00+00:00","dateModified":"2024-10-29T10:35:52+00:00","description":"Descubre las Jornadas Nacionales de Conservaci\u00f3n Viaria en M\u00e1laga, un evento clave para el futuro de la infraestructura y el urbanismo.","breadcrumb":{"@id":"https:\/\/www.sando.com\/en\/actualidad\/next-year-we-will-have-the-first-national-road-maintenance-meeting-in-malaga-raul-lopez-councillor-for-territorial-management-of-the-malaga-city-council#breadcrumb"},"inLanguage":"en-US","potentialAction":[{"@type":"ReadAction","target":["https:\/\/www.sando.com\/en\/actualidad\/next-year-we-will-have-the-first-national-road-maintenance-meeting-in-malaga-raul-lopez-councillor-for-territorial-management-of-the-malaga-city-council"]}]},{"@type":"ImageObject","inLanguage":"en-US","@id":"https:\/\/www.sando.com\/en\/actualidad\/next-year-we-will-have-the-first-national-road-maintenance-meeting-in-malaga-raul-lopez-councillor-for-territorial-management-of-the-malaga-city-council#primaryimage","url":"https:\/\/www.sando.com\/contenido\/subidas\/2023\/06\/jornadaconservacion-sando-althenia-2019.jpg","contentUrl":"https:\/\/www.sando.com\/contenido\/subidas\/2023\/06\/jornadaconservacion-sando-althenia-2019.jpg","width":1200,"height":800},{"@type":"BreadcrumbList","@id":"https:\/\/www.sando.com\/en\/actualidad\/next-year-we-will-have-the-first-national-road-maintenance-meeting-in-malaga-raul-lopez-councillor-for-territorial-management-of-the-malaga-city-council#breadcrumb","itemListElement":[{"@type":"ListItem","position":1,"name":"Portada","item":"https:\/\/www.sando.com\/en"},{"@type":"ListItem","position":2,"name":"\u201cNext year we will have the first National Road Maintenance Meeting in M\u00e1laga\u201d Ra\u00fal L\u00f3pez, Councillor for Territorial Management of the M\u00e1laga City Council"}]},{"@type":"WebSite","@id":"https:\/\/www.sando.com\/en#website","url":"https:\/\/www.sando.com\/en","name":"Sando","description":"","publisher":{"@id":"https:\/\/www.sando.com\/en#organization"},"potentialAction":[{"@type":"SearchAction","target":{"@type":"EntryPoint","urlTemplate":"https:\/\/www.sando.com\/en?s={search_term_string}"},"query-input":{"@type":"PropertyValueSpecification","valueRequired":true,"valueName":"search_term_string"}}],"inLanguage":"en-US"},{"@type":"Organization","@id":"https:\/\/www.sando.com\/en#organization","name":"Sando","url":"https:\/\/www.sando.com\/en","logo":{"@type":"ImageObject","inLanguage":"en-US","@id":"https:\/\/www.sando.com\/en#\/schema\/logo\/image\/","url":"","contentUrl":"","caption":"Sando"},"image":{"@id":"https:\/\/www.sando.com\/en#\/schema\/logo\/image\/"}},{"@type":"Person","@id":"https:\/\/www.sando.com\/en#\/schema\/person\/632d5c2fe5027989411732e84a37e6c1","name":"Juanje Juanje","image":{"@type":"ImageObject","inLanguage":"en-US","@id":"https:\/\/secure.gravatar.com\/avatar\/c3e6022bd9f917c76ed8e8b6871d1ffbb4e91e491e7ef61fe483473b62660729?s=96&d=mm&r=g","url":"https:\/\/secure.gravatar.com\/avatar\/c3e6022bd9f917c76ed8e8b6871d1ffbb4e91e491e7ef61fe483473b62660729?s=96&d=mm&r=g","contentUrl":"https:\/\/secure.gravatar.com\/avatar\/c3e6022bd9f917c76ed8e8b6871d1ffbb4e91e491e7ef61fe483473b62660729?s=96&d=mm&r=g","caption":"Juanje Juanje"}}]}},"_links":{"self":[{"href":"https:\/\/www.sando.com\/en\/wp-json\/wp\/v2\/posts\/21154","targetHints":{"allow":["GET"]}}],"collection":[{"href":"https:\/\/www.sando.com\/en\/wp-json\/wp\/v2\/posts"}],"about":[{"href":"https:\/\/www.sando.com\/en\/wp-json\/wp\/v2\/types\/post"}],"author":[{"embeddable":true,"href":"https:\/\/www.sando.com\/en\/wp-json\/wp\/v2\/users\/2"}],"replies":[{"embeddable":true,"href":"https:\/\/www.sando.com\/en\/wp-json\/wp\/v2\/comments?post=21154"}],"version-history":[{"count":0,"href":"https:\/\/www.sando.com\/en\/wp-json\/wp\/v2\/posts\/21154\/revisions"}],"wp:featuredmedia":[{"embeddable":true,"href":"https:\/\/www.sando.com\/en\/wp-json\/wp\/v2\/media\/1555"}],"wp:attachment":[{"href":"https:\/\/www.sando.com\/en\/wp-json\/wp\/v2\/media?parent=21154"}],"wp:term":[{"taxonomy":"category","embeddable":true,"href":"https:\/\/www.sando.com\/en\/wp-json\/wp\/v2\/categories?post=21154"},{"taxonomy":"post_tag","embeddable":true,"href":"https:\/\/www.sando.com\/en\/wp-json\/wp\/v2\/tags?post=21154"},{"taxonomy":"tax_brand","embeddable":true,"href":"https:\/\/www.sando.com\/en\/wp-json\/wp\/v2\/tax_brand?post=21154"},{"taxonomy":"tax_services","embeddable":true,"href":"https:\/\/www.sando.com\/en\/wp-json\/wp\/v2\/tax_services?post=21154"},{"taxonomy":"tax_location","embeddable":true,"href":"https:\/\/www.sando.com\/en\/wp-json\/wp\/v2\/tax_location?post=21154"}],"curies":[{"name":"wp","href":"https:\/\/api.w.org\/{rel}","templated":true}]}}