{"id":21191,"date":"2021-03-10T16:23:40","date_gmt":"2021-03-10T16:23:40","guid":{"rendered":"https:\/\/sando.com\/actualidad\/excavation-underground-tunnels-brings-light-rail-malaga"},"modified":"2024-10-29T10:38:53","modified_gmt":"2024-10-29T10:38:53","slug":"excavation-underground-tunnels-brings-light-rail-malaga","status":"publish","type":"post","link":"https:\/\/www.sando.com\/en\/actualidad\/excavation-underground-tunnels-brings-light-rail-malaga","title":{"rendered":"Excavation of the underground tunnels joins the two remaining sections to bring the light rail to Malaga city centre"},"content":{"rendered":"<p>The Renfe-Guadalmedina and Guadalmedina-Atarazanas sections have joined up after excavating the two <a href=\"\/en\/specialisations\/transport-infrastructure\/transport-and-mobility\/tunnels-and-mobility-structures\" title=\"Tunnels and subway constructions\" target=\"_blank\">Tunnels<\/a>. This is a historic milestone for Malaga. The underground will soon reach the city centre thanks to the excellent pace of the works being carried out by the Sando construction company in a joint venture.<\/p>\n<p>At the ceremony to announce the connection of the two tunnels, the President of the <a href=\"https:\/\/www.juntadeandalucia.es\/\" target=\"_blank\" rel=\"noopener noreferrer\">Autonomous Government of Andalusia<\/a>, Juanma Moreno, stressed the work carried out by the construction companies to promote the reactivation of the works: \u201cI want to thank the effort, commitment and tremendous willingness all the workers and management teams are putting in\u201d.<\/p>\n<p>The event was also attended by the Mayor of Malaga, Francisco de la Torre; the Minister of Public Works, Marifr\u00e1n Carazo; Sando&#8217;s CEO, Luis S\u00e1nchez, and the General Manager of Construction, Jaime Rodr\u00edguez.<\/p>\n<p>The screen separating the two sections was demolished at 11 a.m. when one of the machines knocked down the reinforced concrete wall connecting the Renfe-Guadalmedina and Guadalmedina-Atarazanas sections. Underneath the Guadalmedina riverbed, this connection marks the beginning of the last phase of excavation and construction of the tunnels. The architecture and installations of the stations are also being carried out at the same time.<\/p>\n<p>Sando is the only construction company that has participated in the execution of all the Malaga metro sections. It is also currently completing the extension of the <a href=\"https:\/\/www.sando.com\/en\/portfolio-item\/the-gran-via-underground\/\" target=\"_blank\" rel=\"noopener noreferrer\">Gran V\u00eda<\/a> station in Madrid.<\/p>\n","protected":false},"excerpt":{"rendered":"The Renfe-Guadalmedina and Guadalmedina-Atarazanas sections have joined up after excavating the two Tunnels. This is a historic milestone for Malaga. The underground will soon reach the city centre thanks to the excellent pace of the works being carried out by the Sando construction company in a joint venture. At the ceremony to announce the connection&#8230; <a class=\"view-article\" href=\"https:\/\/www.sando.com\/en\/reemplazos\/conacon-sando\">View Article<\/a>","protected":false},"author":2,"featured_media":2921,"comment_status":"closed","ping_status":"closed","sticky":false,"template":"","format":"standard","meta":{"_acf_changed":false,"footnotes":""},"categories":[980,979],"tags":[988,997],"tax_brand":[],"tax_services":[],"tax_location":[],"class_list":["post-21191","post","type-post","status-publish","format-standard","has-post-thumbnail","hentry","category-comunicacion-comunicacion-en","category-communication","tag-construccion","tag-infrastructures"],"acf":[],"yoast_head":"<!-- This site is optimized with the Yoast SEO plugin v27.4 - https:\/\/yoast.com\/product\/yoast-seo-wordpress\/ -->\n<title>Cale de t\u00faneles del metro: Conexi\u00f3n al centro de M\u00e1laga<\/title>\n<meta name=\"description\" content=\"Descubre c\u00f3mo el cale de los t\u00faneles del metro conecta los tramos pendientes y transforma el acceso al centro de M\u00e1laga.\" \/>\n<meta name=\"robots\" content=\"index, follow, max-snippet:-1, max-image-preview:large, max-video-preview:-1\" \/>\n<link rel=\"canonical\" href=\"https:\/\/www.sando.com\/en\/actualidad\/excavation-underground-tunnels-brings-light-rail-malaga\" \/>\n<meta property=\"og:locale\" content=\"en_US\" \/>\n<meta property=\"og:type\" content=\"article\" \/>\n<meta property=\"og:title\" content=\"Cale de t\u00faneles del metro: Conexi\u00f3n al centro de M\u00e1laga\" \/>\n<meta property=\"og:description\" content=\"Descubre c\u00f3mo el cale de los t\u00faneles del metro conecta los tramos pendientes y transforma el acceso al centro de M\u00e1laga.\" \/>\n<meta property=\"og:url\" content=\"https:\/\/www.sando.com\/en\/actualidad\/excavation-underground-tunnels-brings-light-rail-malaga\" \/>\n<meta property=\"og:site_name\" content=\"Sando\" \/>\n<meta property=\"article:published_time\" content=\"2021-03-10T16:23:40+00:00\" \/>\n<meta property=\"article:modified_time\" content=\"2024-10-29T10:38:53+00:00\" \/>\n<meta property=\"og:image\" content=\"https:\/\/www.sando.com\/contenido\/subidas\/2023\/06\/cale-tuneles-metro-malaga-sando.jpg\" \/>\n\t<meta property=\"og:image:width\" content=\"1200\" \/>\n\t<meta property=\"og:image:height\" content=\"800\" \/>\n\t<meta property=\"og:image:type\" content=\"image\/jpeg\" \/>\n<meta name=\"author\" content=\"Juanje Juanje\" \/>\n<meta name=\"twitter:card\" content=\"summary_large_image\" \/>\n<meta name=\"twitter:label1\" content=\"Written by\" \/>\n\t<meta name=\"twitter:data1\" content=\"Juanje Juanje\" \/>\n\t<meta name=\"twitter:label2\" content=\"Est. reading time\" \/>\n\t<meta name=\"twitter:data2\" content=\"2 minutes\" \/>\n<script type=\"application\/ld+json\" class=\"yoast-schema-graph\">{\"@context\":\"https:\\\/\\\/schema.org\",\"@graph\":[{\"@type\":\"Article\",\"@id\":\"https:\\\/\\\/www.sando.com\\\/en\\\/actualidad\\\/excavation-underground-tunnels-brings-light-rail-malaga#article\",\"isPartOf\":{\"@id\":\"https:\\\/\\\/www.sando.com\\\/en\\\/actualidad\\\/excavation-underground-tunnels-brings-light-rail-malaga\"},\"author\":{\"name\":\"Juanje Juanje\",\"@id\":\"https:\\\/\\\/www.sando.com\\\/en#\\\/schema\\\/person\\\/632d5c2fe5027989411732e84a37e6c1\"},\"headline\":\"Excavation of the underground tunnels joins the two remaining sections to bring the light rail to Malaga city centre\",\"datePublished\":\"2021-03-10T16:23:40+00:00\",\"dateModified\":\"2024-10-29T10:38:53+00:00\",\"mainEntityOfPage\":{\"@id\":\"https:\\\/\\\/www.sando.com\\\/en\\\/actualidad\\\/excavation-underground-tunnels-brings-light-rail-malaga\"},\"wordCount\":257,\"publisher\":{\"@id\":\"https:\\\/\\\/www.sando.com\\\/en#organization\"},\"image\":{\"@id\":\"https:\\\/\\\/www.sando.com\\\/en\\\/actualidad\\\/excavation-underground-tunnels-brings-light-rail-malaga#primaryimage\"},\"thumbnailUrl\":\"https:\\\/\\\/www.sando.com\\\/contenido\\\/subidas\\\/2023\\\/06\\\/cale-tuneles-metro-malaga-sando.jpg\",\"keywords\":[\"Construcci\u00f3n\",\"Infrastructures\"],\"articleSection\":[\"Blog-EN\",\"Communication\"],\"inLanguage\":\"en-US\"},{\"@type\":\"WebPage\",\"@id\":\"https:\\\/\\\/www.sando.com\\\/en\\\/actualidad\\\/excavation-underground-tunnels-brings-light-rail-malaga\",\"url\":\"https:\\\/\\\/www.sando.com\\\/en\\\/actualidad\\\/excavation-underground-tunnels-brings-light-rail-malaga\",\"name\":\"Cale de t\u00faneles del metro: Conexi\u00f3n al centro de M\u00e1laga\",\"isPartOf\":{\"@id\":\"https:\\\/\\\/www.sando.com\\\/en#website\"},\"primaryImageOfPage\":{\"@id\":\"https:\\\/\\\/www.sando.com\\\/en\\\/actualidad\\\/excavation-underground-tunnels-brings-light-rail-malaga#primaryimage\"},\"image\":{\"@id\":\"https:\\\/\\\/www.sando.com\\\/en\\\/actualidad\\\/excavation-underground-tunnels-brings-light-rail-malaga#primaryimage\"},\"thumbnailUrl\":\"https:\\\/\\\/www.sando.com\\\/contenido\\\/subidas\\\/2023\\\/06\\\/cale-tuneles-metro-malaga-sando.jpg\",\"datePublished\":\"2021-03-10T16:23:40+00:00\",\"dateModified\":\"2024-10-29T10:38:53+00:00\",\"description\":\"Descubre c\u00f3mo el cale de los t\u00faneles del metro conecta los tramos pendientes y transforma el acceso al centro de M\u00e1laga.\",\"breadcrumb\":{\"@id\":\"https:\\\/\\\/www.sando.com\\\/en\\\/actualidad\\\/excavation-underground-tunnels-brings-light-rail-malaga#breadcrumb\"},\"inLanguage\":\"en-US\",\"potentialAction\":[{\"@type\":\"ReadAction\",\"target\":[\"https:\\\/\\\/www.sando.com\\\/en\\\/actualidad\\\/excavation-underground-tunnels-brings-light-rail-malaga\"]}]},{\"@type\":\"ImageObject\",\"inLanguage\":\"en-US\",\"@id\":\"https:\\\/\\\/www.sando.com\\\/en\\\/actualidad\\\/excavation-underground-tunnels-brings-light-rail-malaga#primaryimage\",\"url\":\"https:\\\/\\\/www.sando.com\\\/contenido\\\/subidas\\\/2023\\\/06\\\/cale-tuneles-metro-malaga-sando.jpg\",\"contentUrl\":\"https:\\\/\\\/www.sando.com\\\/contenido\\\/subidas\\\/2023\\\/06\\\/cale-tuneles-metro-malaga-sando.jpg\",\"width\":1200,\"height\":800},{\"@type\":\"BreadcrumbList\",\"@id\":\"https:\\\/\\\/www.sando.com\\\/en\\\/actualidad\\\/excavation-underground-tunnels-brings-light-rail-malaga#breadcrumb\",\"itemListElement\":[{\"@type\":\"ListItem\",\"position\":1,\"name\":\"Portada\",\"item\":\"https:\\\/\\\/www.sando.com\\\/en\"},{\"@type\":\"ListItem\",\"position\":2,\"name\":\"Excavation of the underground tunnels joins the two remaining sections to bring the light rail to Malaga city centre\"}]},{\"@type\":\"WebSite\",\"@id\":\"https:\\\/\\\/www.sando.com\\\/en#website\",\"url\":\"https:\\\/\\\/www.sando.com\\\/en\",\"name\":\"Sando\",\"description\":\"\",\"publisher\":{\"@id\":\"https:\\\/\\\/www.sando.com\\\/en#organization\"},\"potentialAction\":[{\"@type\":\"SearchAction\",\"target\":{\"@type\":\"EntryPoint\",\"urlTemplate\":\"https:\\\/\\\/www.sando.com\\\/en?s={search_term_string}\"},\"query-input\":{\"@type\":\"PropertyValueSpecification\",\"valueRequired\":true,\"valueName\":\"search_term_string\"}}],\"inLanguage\":\"en-US\"},{\"@type\":\"Organization\",\"@id\":\"https:\\\/\\\/www.sando.com\\\/en#organization\",\"name\":\"Sando\",\"url\":\"https:\\\/\\\/www.sando.com\\\/en\",\"logo\":{\"@type\":\"ImageObject\",\"inLanguage\":\"en-US\",\"@id\":\"https:\\\/\\\/www.sando.com\\\/en#\\\/schema\\\/logo\\\/image\\\/\",\"url\":\"\",\"contentUrl\":\"\",\"caption\":\"Sando\"},\"image\":{\"@id\":\"https:\\\/\\\/www.sando.com\\\/en#\\\/schema\\\/logo\\\/image\\\/\"}},{\"@type\":\"Person\",\"@id\":\"https:\\\/\\\/www.sando.com\\\/en#\\\/schema\\\/person\\\/632d5c2fe5027989411732e84a37e6c1\",\"name\":\"Juanje Juanje\",\"image\":{\"@type\":\"ImageObject\",\"inLanguage\":\"en-US\",\"@id\":\"https:\\\/\\\/secure.gravatar.com\\\/avatar\\\/c3e6022bd9f917c76ed8e8b6871d1ffbb4e91e491e7ef61fe483473b62660729?s=96&d=mm&r=g\",\"url\":\"https:\\\/\\\/secure.gravatar.com\\\/avatar\\\/c3e6022bd9f917c76ed8e8b6871d1ffbb4e91e491e7ef61fe483473b62660729?s=96&d=mm&r=g\",\"contentUrl\":\"https:\\\/\\\/secure.gravatar.com\\\/avatar\\\/c3e6022bd9f917c76ed8e8b6871d1ffbb4e91e491e7ef61fe483473b62660729?s=96&d=mm&r=g\",\"caption\":\"Juanje Juanje\"}}]}<\/script>\n<!-- \/ Yoast SEO plugin. -->","yoast_head_json":{"title":"Cale de t\u00faneles del metro: Conexi\u00f3n al centro de M\u00e1laga","description":"Descubre c\u00f3mo el cale de los t\u00faneles del metro conecta los tramos pendientes y transforma el acceso al centro de M\u00e1laga.","robots":{"index":"index","follow":"follow","max-snippet":"max-snippet:-1","max-image-preview":"max-image-preview:large","max-video-preview":"max-video-preview:-1"},"canonical":"https:\/\/www.sando.com\/en\/actualidad\/excavation-underground-tunnels-brings-light-rail-malaga","og_locale":"en_US","og_type":"article","og_title":"Cale de t\u00faneles del metro: Conexi\u00f3n al centro de M\u00e1laga","og_description":"Descubre c\u00f3mo el cale de los t\u00faneles del metro conecta los tramos pendientes y transforma el acceso al centro de M\u00e1laga.","og_url":"https:\/\/www.sando.com\/en\/actualidad\/excavation-underground-tunnels-brings-light-rail-malaga","og_site_name":"Sando","article_published_time":"2021-03-10T16:23:40+00:00","article_modified_time":"2024-10-29T10:38:53+00:00","og_image":[{"width":1200,"height":800,"url":"https:\/\/www.sando.com\/contenido\/subidas\/2023\/06\/cale-tuneles-metro-malaga-sando.jpg","type":"image\/jpeg"}],"author":"Juanje Juanje","twitter_card":"summary_large_image","twitter_misc":{"Written by":"Juanje Juanje","Est. reading time":"2 minutes"},"schema":{"@context":"https:\/\/schema.org","@graph":[{"@type":"Article","@id":"https:\/\/www.sando.com\/en\/actualidad\/excavation-underground-tunnels-brings-light-rail-malaga#article","isPartOf":{"@id":"https:\/\/www.sando.com\/en\/actualidad\/excavation-underground-tunnels-brings-light-rail-malaga"},"author":{"name":"Juanje Juanje","@id":"https:\/\/www.sando.com\/en#\/schema\/person\/632d5c2fe5027989411732e84a37e6c1"},"headline":"Excavation of the underground tunnels joins the two remaining sections to bring the light rail to Malaga city centre","datePublished":"2021-03-10T16:23:40+00:00","dateModified":"2024-10-29T10:38:53+00:00","mainEntityOfPage":{"@id":"https:\/\/www.sando.com\/en\/actualidad\/excavation-underground-tunnels-brings-light-rail-malaga"},"wordCount":257,"publisher":{"@id":"https:\/\/www.sando.com\/en#organization"},"image":{"@id":"https:\/\/www.sando.com\/en\/actualidad\/excavation-underground-tunnels-brings-light-rail-malaga#primaryimage"},"thumbnailUrl":"https:\/\/www.sando.com\/contenido\/subidas\/2023\/06\/cale-tuneles-metro-malaga-sando.jpg","keywords":["Construcci\u00f3n","Infrastructures"],"articleSection":["Blog-EN","Communication"],"inLanguage":"en-US"},{"@type":"WebPage","@id":"https:\/\/www.sando.com\/en\/actualidad\/excavation-underground-tunnels-brings-light-rail-malaga","url":"https:\/\/www.sando.com\/en\/actualidad\/excavation-underground-tunnels-brings-light-rail-malaga","name":"Cale de t\u00faneles del metro: Conexi\u00f3n al centro de M\u00e1laga","isPartOf":{"@id":"https:\/\/www.sando.com\/en#website"},"primaryImageOfPage":{"@id":"https:\/\/www.sando.com\/en\/actualidad\/excavation-underground-tunnels-brings-light-rail-malaga#primaryimage"},"image":{"@id":"https:\/\/www.sando.com\/en\/actualidad\/excavation-underground-tunnels-brings-light-rail-malaga#primaryimage"},"thumbnailUrl":"https:\/\/www.sando.com\/contenido\/subidas\/2023\/06\/cale-tuneles-metro-malaga-sando.jpg","datePublished":"2021-03-10T16:23:40+00:00","dateModified":"2024-10-29T10:38:53+00:00","description":"Descubre c\u00f3mo el cale de los t\u00faneles del metro conecta los tramos pendientes y transforma el acceso al centro de M\u00e1laga.","breadcrumb":{"@id":"https:\/\/www.sando.com\/en\/actualidad\/excavation-underground-tunnels-brings-light-rail-malaga#breadcrumb"},"inLanguage":"en-US","potentialAction":[{"@type":"ReadAction","target":["https:\/\/www.sando.com\/en\/actualidad\/excavation-underground-tunnels-brings-light-rail-malaga"]}]},{"@type":"ImageObject","inLanguage":"en-US","@id":"https:\/\/www.sando.com\/en\/actualidad\/excavation-underground-tunnels-brings-light-rail-malaga#primaryimage","url":"https:\/\/www.sando.com\/contenido\/subidas\/2023\/06\/cale-tuneles-metro-malaga-sando.jpg","contentUrl":"https:\/\/www.sando.com\/contenido\/subidas\/2023\/06\/cale-tuneles-metro-malaga-sando.jpg","width":1200,"height":800},{"@type":"BreadcrumbList","@id":"https:\/\/www.sando.com\/en\/actualidad\/excavation-underground-tunnels-brings-light-rail-malaga#breadcrumb","itemListElement":[{"@type":"ListItem","position":1,"name":"Portada","item":"https:\/\/www.sando.com\/en"},{"@type":"ListItem","position":2,"name":"Excavation of the underground tunnels joins the two remaining sections to bring the light rail to Malaga city centre"}]},{"@type":"WebSite","@id":"https:\/\/www.sando.com\/en#website","url":"https:\/\/www.sando.com\/en","name":"Sando","description":"","publisher":{"@id":"https:\/\/www.sando.com\/en#organization"},"potentialAction":[{"@type":"SearchAction","target":{"@type":"EntryPoint","urlTemplate":"https:\/\/www.sando.com\/en?s={search_term_string}"},"query-input":{"@type":"PropertyValueSpecification","valueRequired":true,"valueName":"search_term_string"}}],"inLanguage":"en-US"},{"@type":"Organization","@id":"https:\/\/www.sando.com\/en#organization","name":"Sando","url":"https:\/\/www.sando.com\/en","logo":{"@type":"ImageObject","inLanguage":"en-US","@id":"https:\/\/www.sando.com\/en#\/schema\/logo\/image\/","url":"","contentUrl":"","caption":"Sando"},"image":{"@id":"https:\/\/www.sando.com\/en#\/schema\/logo\/image\/"}},{"@type":"Person","@id":"https:\/\/www.sando.com\/en#\/schema\/person\/632d5c2fe5027989411732e84a37e6c1","name":"Juanje Juanje","image":{"@type":"ImageObject","inLanguage":"en-US","@id":"https:\/\/secure.gravatar.com\/avatar\/c3e6022bd9f917c76ed8e8b6871d1ffbb4e91e491e7ef61fe483473b62660729?s=96&d=mm&r=g","url":"https:\/\/secure.gravatar.com\/avatar\/c3e6022bd9f917c76ed8e8b6871d1ffbb4e91e491e7ef61fe483473b62660729?s=96&d=mm&r=g","contentUrl":"https:\/\/secure.gravatar.com\/avatar\/c3e6022bd9f917c76ed8e8b6871d1ffbb4e91e491e7ef61fe483473b62660729?s=96&d=mm&r=g","caption":"Juanje Juanje"}}]}},"_links":{"self":[{"href":"https:\/\/www.sando.com\/en\/wp-json\/wp\/v2\/posts\/21191","targetHints":{"allow":["GET"]}}],"collection":[{"href":"https:\/\/www.sando.com\/en\/wp-json\/wp\/v2\/posts"}],"about":[{"href":"https:\/\/www.sando.com\/en\/wp-json\/wp\/v2\/types\/post"}],"author":[{"embeddable":true,"href":"https:\/\/www.sando.com\/en\/wp-json\/wp\/v2\/users\/2"}],"replies":[{"embeddable":true,"href":"https:\/\/www.sando.com\/en\/wp-json\/wp\/v2\/comments?post=21191"}],"version-history":[{"count":0,"href":"https:\/\/www.sando.com\/en\/wp-json\/wp\/v2\/posts\/21191\/revisions"}],"wp:featuredmedia":[{"embeddable":true,"href":"https:\/\/www.sando.com\/en\/wp-json\/wp\/v2\/media\/2921"}],"wp:attachment":[{"href":"https:\/\/www.sando.com\/en\/wp-json\/wp\/v2\/media?parent=21191"}],"wp:term":[{"taxonomy":"category","embeddable":true,"href":"https:\/\/www.sando.com\/en\/wp-json\/wp\/v2\/categories?post=21191"},{"taxonomy":"post_tag","embeddable":true,"href":"https:\/\/www.sando.com\/en\/wp-json\/wp\/v2\/tags?post=21191"},{"taxonomy":"tax_brand","embeddable":true,"href":"https:\/\/www.sando.com\/en\/wp-json\/wp\/v2\/tax_brand?post=21191"},{"taxonomy":"tax_services","embeddable":true,"href":"https:\/\/www.sando.com\/en\/wp-json\/wp\/v2\/tax_services?post=21191"},{"taxonomy":"tax_location","embeddable":true,"href":"https:\/\/www.sando.com\/en\/wp-json\/wp\/v2\/tax_location?post=21191"}],"curies":[{"name":"wp","href":"https:\/\/api.w.org\/{rel}","templated":true}]}}