{"id":21194,"date":"2021-06-25T01:00:17","date_gmt":"2021-06-25T01:00:17","guid":{"rendered":"https:\/\/sando.com\/actualidad\/the-sando-foundation-with-the-madre-coraje-association"},"modified":"2024-10-29T10:38:56","modified_gmt":"2024-10-29T10:38:56","slug":"the-fundacion-sando-with-the-madre-coraje-association","status":"publish","type":"post","link":"https:\/\/www.sando.com\/en\/actualidad\/the-fundacion-sando-with-the-madre-coraje-association","title":{"rendered":"The Sando Fundaci\u00f3n with the Madre Coraje Association"},"content":{"rendered":"<p>As on previous occasions, the Sando Fundaci\u00f3n supports the extraordinary work carried out by the\u00a0<strong>Madre Coraje Association<\/strong> NGOs, whose social transformation message is governed by the principles of solidarity, equality and gratuity.<\/p>\n<p>The proceeds from the charity dinner with the concert \u201c<em>Por tu Alegr\u00eda<\/em>\u201d offered by the Corpus Christi Choir will go to the NGO.<\/p>\n<p>From the Sando Fundaci\u00f3n, we want to give visibility to the association\u2019s and its volunteer\u2019s commendable work.<\/p>\n","protected":false},"excerpt":{"rendered":"As on previous occasions, the Sando Fundaci\u00f3n supports the extraordinary work carried out by the\u00a0Madre Coraje Association NGOs, whose social transformation message is governed by the principles of solidarity, equality and gratuity. The proceeds from the charity dinner with the concert \u201cPor tu Alegr\u00eda\u201d offered by the Corpus Christi Choir will go to the NGO&#8230;. <a class=\"view-article\" href=\"https:\/\/www.sando.com\/en\/reemplazos\/conacon-sando\">View Article<\/a>","protected":false},"author":2,"featured_media":2946,"comment_status":"closed","ping_status":"closed","sticky":false,"template":"","format":"standard","meta":{"_acf_changed":false,"footnotes":""},"categories":[980,979],"tags":[1047,986,1302],"tax_brand":[],"tax_services":[],"tax_location":[],"class_list":["post-21194","post","type-post","status-publish","format-standard","has-post-thumbnail","hentry","category-comunicacion-comunicacion-en","category-communication","tag-fundacion-sando","tag-rsc","tag-social-responsability"],"acf":[],"yoast_head":"<!-- This site is optimized with the Yoast SEO plugin v27.4 - https:\/\/yoast.com\/product\/yoast-seo-wordpress\/ -->\n<title>Fundaci\u00f3n Sando y Madre Coraje: Juntos por el Cambio<\/title>\n<meta name=\"description\" content=\"Descubre c\u00f3mo la Fundaci\u00f3n Sando y Madre Coraje colaboran para generar un impacto positivo en la sociedad y promover el cambio social.\" \/>\n<meta name=\"robots\" content=\"index, follow, max-snippet:-1, max-image-preview:large, max-video-preview:-1\" \/>\n<link rel=\"canonical\" href=\"https:\/\/www.sando.com\/en\/actualidad\/the-fundacion-sando-with-the-madre-coraje-association\" \/>\n<meta property=\"og:locale\" content=\"en_US\" \/>\n<meta property=\"og:type\" content=\"article\" \/>\n<meta property=\"og:title\" content=\"Fundaci\u00f3n Sando y Madre Coraje: Juntos por el Cambio\" \/>\n<meta property=\"og:description\" content=\"Descubre c\u00f3mo la Fundaci\u00f3n Sando y Madre Coraje colaboran para generar un impacto positivo en la sociedad y promover el cambio social.\" \/>\n<meta property=\"og:url\" content=\"https:\/\/www.sando.com\/en\/actualidad\/the-fundacion-sando-with-the-madre-coraje-association\" \/>\n<meta property=\"og:site_name\" content=\"Sando\" \/>\n<meta property=\"article:published_time\" content=\"2021-06-25T01:00:17+00:00\" \/>\n<meta property=\"article:modified_time\" content=\"2024-10-29T10:38:56+00:00\" \/>\n<meta property=\"og:image\" content=\"https:\/\/www.sando.com\/contenido\/subidas\/2023\/06\/madre-coraje.jpg\" \/>\n\t<meta property=\"og:image:width\" content=\"1200\" \/>\n\t<meta property=\"og:image:height\" content=\"800\" \/>\n\t<meta property=\"og:image:type\" content=\"image\/jpeg\" \/>\n<meta name=\"author\" content=\"Juanje Juanje\" \/>\n<meta name=\"twitter:card\" content=\"summary_large_image\" \/>\n<meta name=\"twitter:label1\" content=\"Written by\" \/>\n\t<meta name=\"twitter:data1\" content=\"Juanje Juanje\" \/>\n\t<meta name=\"twitter:label2\" content=\"Est. reading time\" \/>\n\t<meta name=\"twitter:data2\" content=\"1 minute\" \/>\n<script type=\"application\/ld+json\" class=\"yoast-schema-graph\">{\"@context\":\"https:\\\/\\\/schema.org\",\"@graph\":[{\"@type\":\"Article\",\"@id\":\"https:\\\/\\\/www.sando.com\\\/en\\\/actualidad\\\/the-fundacion-sando-with-the-madre-coraje-association#article\",\"isPartOf\":{\"@id\":\"https:\\\/\\\/www.sando.com\\\/en\\\/actualidad\\\/the-fundacion-sando-with-the-madre-coraje-association\"},\"author\":{\"name\":\"Juanje Juanje\",\"@id\":\"https:\\\/\\\/www.sando.com\\\/en#\\\/schema\\\/person\\\/632d5c2fe5027989411732e84a37e6c1\"},\"headline\":\"The Sando Fundaci\u00f3n with the Madre Coraje Association\",\"datePublished\":\"2021-06-25T01:00:17+00:00\",\"dateModified\":\"2024-10-29T10:38:56+00:00\",\"mainEntityOfPage\":{\"@id\":\"https:\\\/\\\/www.sando.com\\\/en\\\/actualidad\\\/the-fundacion-sando-with-the-madre-coraje-association\"},\"wordCount\":87,\"publisher\":{\"@id\":\"https:\\\/\\\/www.sando.com\\\/en#organization\"},\"image\":{\"@id\":\"https:\\\/\\\/www.sando.com\\\/en\\\/actualidad\\\/the-fundacion-sando-with-the-madre-coraje-association#primaryimage\"},\"thumbnailUrl\":\"https:\\\/\\\/www.sando.com\\\/contenido\\\/subidas\\\/2023\\\/06\\\/madre-coraje.jpg\",\"keywords\":[\"Fundaci\u00f3n Sando\",\"RSC\",\"Social Responsability\"],\"articleSection\":[\"Blog-EN\",\"Communication\"],\"inLanguage\":\"en-US\"},{\"@type\":\"WebPage\",\"@id\":\"https:\\\/\\\/www.sando.com\\\/en\\\/actualidad\\\/the-fundacion-sando-with-the-madre-coraje-association\",\"url\":\"https:\\\/\\\/www.sando.com\\\/en\\\/actualidad\\\/the-fundacion-sando-with-the-madre-coraje-association\",\"name\":\"Fundaci\u00f3n Sando y Madre Coraje: Juntos por el Cambio\",\"isPartOf\":{\"@id\":\"https:\\\/\\\/www.sando.com\\\/en#website\"},\"primaryImageOfPage\":{\"@id\":\"https:\\\/\\\/www.sando.com\\\/en\\\/actualidad\\\/the-fundacion-sando-with-the-madre-coraje-association#primaryimage\"},\"image\":{\"@id\":\"https:\\\/\\\/www.sando.com\\\/en\\\/actualidad\\\/the-fundacion-sando-with-the-madre-coraje-association#primaryimage\"},\"thumbnailUrl\":\"https:\\\/\\\/www.sando.com\\\/contenido\\\/subidas\\\/2023\\\/06\\\/madre-coraje.jpg\",\"datePublished\":\"2021-06-25T01:00:17+00:00\",\"dateModified\":\"2024-10-29T10:38:56+00:00\",\"description\":\"Descubre c\u00f3mo la Fundaci\u00f3n Sando y Madre Coraje colaboran para generar un impacto positivo en la sociedad y promover el cambio social.\",\"breadcrumb\":{\"@id\":\"https:\\\/\\\/www.sando.com\\\/en\\\/actualidad\\\/the-fundacion-sando-with-the-madre-coraje-association#breadcrumb\"},\"inLanguage\":\"en-US\",\"potentialAction\":[{\"@type\":\"ReadAction\",\"target\":[\"https:\\\/\\\/www.sando.com\\\/en\\\/actualidad\\\/the-fundacion-sando-with-the-madre-coraje-association\"]}]},{\"@type\":\"ImageObject\",\"inLanguage\":\"en-US\",\"@id\":\"https:\\\/\\\/www.sando.com\\\/en\\\/actualidad\\\/the-fundacion-sando-with-the-madre-coraje-association#primaryimage\",\"url\":\"https:\\\/\\\/www.sando.com\\\/contenido\\\/subidas\\\/2023\\\/06\\\/madre-coraje.jpg\",\"contentUrl\":\"https:\\\/\\\/www.sando.com\\\/contenido\\\/subidas\\\/2023\\\/06\\\/madre-coraje.jpg\",\"width\":1200,\"height\":800},{\"@type\":\"BreadcrumbList\",\"@id\":\"https:\\\/\\\/www.sando.com\\\/en\\\/actualidad\\\/the-fundacion-sando-with-the-madre-coraje-association#breadcrumb\",\"itemListElement\":[{\"@type\":\"ListItem\",\"position\":1,\"name\":\"Portada\",\"item\":\"https:\\\/\\\/www.sando.com\\\/en\"},{\"@type\":\"ListItem\",\"position\":2,\"name\":\"The Sando Fundaci\u00f3n with the Madre Coraje Association\"}]},{\"@type\":\"WebSite\",\"@id\":\"https:\\\/\\\/www.sando.com\\\/en#website\",\"url\":\"https:\\\/\\\/www.sando.com\\\/en\",\"name\":\"Sando\",\"description\":\"\",\"publisher\":{\"@id\":\"https:\\\/\\\/www.sando.com\\\/en#organization\"},\"potentialAction\":[{\"@type\":\"SearchAction\",\"target\":{\"@type\":\"EntryPoint\",\"urlTemplate\":\"https:\\\/\\\/www.sando.com\\\/en?s={search_term_string}\"},\"query-input\":{\"@type\":\"PropertyValueSpecification\",\"valueRequired\":true,\"valueName\":\"search_term_string\"}}],\"inLanguage\":\"en-US\"},{\"@type\":\"Organization\",\"@id\":\"https:\\\/\\\/www.sando.com\\\/en#organization\",\"name\":\"Sando\",\"url\":\"https:\\\/\\\/www.sando.com\\\/en\",\"logo\":{\"@type\":\"ImageObject\",\"inLanguage\":\"en-US\",\"@id\":\"https:\\\/\\\/www.sando.com\\\/en#\\\/schema\\\/logo\\\/image\\\/\",\"url\":\"\",\"contentUrl\":\"\",\"caption\":\"Sando\"},\"image\":{\"@id\":\"https:\\\/\\\/www.sando.com\\\/en#\\\/schema\\\/logo\\\/image\\\/\"}},{\"@type\":\"Person\",\"@id\":\"https:\\\/\\\/www.sando.com\\\/en#\\\/schema\\\/person\\\/632d5c2fe5027989411732e84a37e6c1\",\"name\":\"Juanje Juanje\",\"image\":{\"@type\":\"ImageObject\",\"inLanguage\":\"en-US\",\"@id\":\"https:\\\/\\\/secure.gravatar.com\\\/avatar\\\/c3e6022bd9f917c76ed8e8b6871d1ffbb4e91e491e7ef61fe483473b62660729?s=96&d=mm&r=g\",\"url\":\"https:\\\/\\\/secure.gravatar.com\\\/avatar\\\/c3e6022bd9f917c76ed8e8b6871d1ffbb4e91e491e7ef61fe483473b62660729?s=96&d=mm&r=g\",\"contentUrl\":\"https:\\\/\\\/secure.gravatar.com\\\/avatar\\\/c3e6022bd9f917c76ed8e8b6871d1ffbb4e91e491e7ef61fe483473b62660729?s=96&d=mm&r=g\",\"caption\":\"Juanje Juanje\"}}]}<\/script>\n<!-- \/ Yoast SEO plugin. -->","yoast_head_json":{"title":"Fundaci\u00f3n Sando y Madre Coraje: Juntos por el Cambio","description":"Descubre c\u00f3mo la Fundaci\u00f3n Sando y Madre Coraje colaboran para generar un impacto positivo en la sociedad y promover el cambio social.","robots":{"index":"index","follow":"follow","max-snippet":"max-snippet:-1","max-image-preview":"max-image-preview:large","max-video-preview":"max-video-preview:-1"},"canonical":"https:\/\/www.sando.com\/en\/actualidad\/the-fundacion-sando-with-the-madre-coraje-association","og_locale":"en_US","og_type":"article","og_title":"Fundaci\u00f3n Sando y Madre Coraje: Juntos por el Cambio","og_description":"Descubre c\u00f3mo la Fundaci\u00f3n Sando y Madre Coraje colaboran para generar un impacto positivo en la sociedad y promover el cambio social.","og_url":"https:\/\/www.sando.com\/en\/actualidad\/the-fundacion-sando-with-the-madre-coraje-association","og_site_name":"Sando","article_published_time":"2021-06-25T01:00:17+00:00","article_modified_time":"2024-10-29T10:38:56+00:00","og_image":[{"width":1200,"height":800,"url":"https:\/\/www.sando.com\/contenido\/subidas\/2023\/06\/madre-coraje.jpg","type":"image\/jpeg"}],"author":"Juanje Juanje","twitter_card":"summary_large_image","twitter_misc":{"Written by":"Juanje Juanje","Est. reading time":"1 minute"},"schema":{"@context":"https:\/\/schema.org","@graph":[{"@type":"Article","@id":"https:\/\/www.sando.com\/en\/actualidad\/the-fundacion-sando-with-the-madre-coraje-association#article","isPartOf":{"@id":"https:\/\/www.sando.com\/en\/actualidad\/the-fundacion-sando-with-the-madre-coraje-association"},"author":{"name":"Juanje Juanje","@id":"https:\/\/www.sando.com\/en#\/schema\/person\/632d5c2fe5027989411732e84a37e6c1"},"headline":"The Sando Fundaci\u00f3n with the Madre Coraje Association","datePublished":"2021-06-25T01:00:17+00:00","dateModified":"2024-10-29T10:38:56+00:00","mainEntityOfPage":{"@id":"https:\/\/www.sando.com\/en\/actualidad\/the-fundacion-sando-with-the-madre-coraje-association"},"wordCount":87,"publisher":{"@id":"https:\/\/www.sando.com\/en#organization"},"image":{"@id":"https:\/\/www.sando.com\/en\/actualidad\/the-fundacion-sando-with-the-madre-coraje-association#primaryimage"},"thumbnailUrl":"https:\/\/www.sando.com\/contenido\/subidas\/2023\/06\/madre-coraje.jpg","keywords":["Fundaci\u00f3n Sando","RSC","Social Responsability"],"articleSection":["Blog-EN","Communication"],"inLanguage":"en-US"},{"@type":"WebPage","@id":"https:\/\/www.sando.com\/en\/actualidad\/the-fundacion-sando-with-the-madre-coraje-association","url":"https:\/\/www.sando.com\/en\/actualidad\/the-fundacion-sando-with-the-madre-coraje-association","name":"Fundaci\u00f3n Sando y Madre Coraje: Juntos por el Cambio","isPartOf":{"@id":"https:\/\/www.sando.com\/en#website"},"primaryImageOfPage":{"@id":"https:\/\/www.sando.com\/en\/actualidad\/the-fundacion-sando-with-the-madre-coraje-association#primaryimage"},"image":{"@id":"https:\/\/www.sando.com\/en\/actualidad\/the-fundacion-sando-with-the-madre-coraje-association#primaryimage"},"thumbnailUrl":"https:\/\/www.sando.com\/contenido\/subidas\/2023\/06\/madre-coraje.jpg","datePublished":"2021-06-25T01:00:17+00:00","dateModified":"2024-10-29T10:38:56+00:00","description":"Descubre c\u00f3mo la Fundaci\u00f3n Sando y Madre Coraje colaboran para generar un impacto positivo en la sociedad y promover el cambio social.","breadcrumb":{"@id":"https:\/\/www.sando.com\/en\/actualidad\/the-fundacion-sando-with-the-madre-coraje-association#breadcrumb"},"inLanguage":"en-US","potentialAction":[{"@type":"ReadAction","target":["https:\/\/www.sando.com\/en\/actualidad\/the-fundacion-sando-with-the-madre-coraje-association"]}]},{"@type":"ImageObject","inLanguage":"en-US","@id":"https:\/\/www.sando.com\/en\/actualidad\/the-fundacion-sando-with-the-madre-coraje-association#primaryimage","url":"https:\/\/www.sando.com\/contenido\/subidas\/2023\/06\/madre-coraje.jpg","contentUrl":"https:\/\/www.sando.com\/contenido\/subidas\/2023\/06\/madre-coraje.jpg","width":1200,"height":800},{"@type":"BreadcrumbList","@id":"https:\/\/www.sando.com\/en\/actualidad\/the-fundacion-sando-with-the-madre-coraje-association#breadcrumb","itemListElement":[{"@type":"ListItem","position":1,"name":"Portada","item":"https:\/\/www.sando.com\/en"},{"@type":"ListItem","position":2,"name":"The Sando Fundaci\u00f3n with the Madre Coraje Association"}]},{"@type":"WebSite","@id":"https:\/\/www.sando.com\/en#website","url":"https:\/\/www.sando.com\/en","name":"Sando","description":"","publisher":{"@id":"https:\/\/www.sando.com\/en#organization"},"potentialAction":[{"@type":"SearchAction","target":{"@type":"EntryPoint","urlTemplate":"https:\/\/www.sando.com\/en?s={search_term_string}"},"query-input":{"@type":"PropertyValueSpecification","valueRequired":true,"valueName":"search_term_string"}}],"inLanguage":"en-US"},{"@type":"Organization","@id":"https:\/\/www.sando.com\/en#organization","name":"Sando","url":"https:\/\/www.sando.com\/en","logo":{"@type":"ImageObject","inLanguage":"en-US","@id":"https:\/\/www.sando.com\/en#\/schema\/logo\/image\/","url":"","contentUrl":"","caption":"Sando"},"image":{"@id":"https:\/\/www.sando.com\/en#\/schema\/logo\/image\/"}},{"@type":"Person","@id":"https:\/\/www.sando.com\/en#\/schema\/person\/632d5c2fe5027989411732e84a37e6c1","name":"Juanje Juanje","image":{"@type":"ImageObject","inLanguage":"en-US","@id":"https:\/\/secure.gravatar.com\/avatar\/c3e6022bd9f917c76ed8e8b6871d1ffbb4e91e491e7ef61fe483473b62660729?s=96&d=mm&r=g","url":"https:\/\/secure.gravatar.com\/avatar\/c3e6022bd9f917c76ed8e8b6871d1ffbb4e91e491e7ef61fe483473b62660729?s=96&d=mm&r=g","contentUrl":"https:\/\/secure.gravatar.com\/avatar\/c3e6022bd9f917c76ed8e8b6871d1ffbb4e91e491e7ef61fe483473b62660729?s=96&d=mm&r=g","caption":"Juanje Juanje"}}]}},"_links":{"self":[{"href":"https:\/\/www.sando.com\/en\/wp-json\/wp\/v2\/posts\/21194","targetHints":{"allow":["GET"]}}],"collection":[{"href":"https:\/\/www.sando.com\/en\/wp-json\/wp\/v2\/posts"}],"about":[{"href":"https:\/\/www.sando.com\/en\/wp-json\/wp\/v2\/types\/post"}],"author":[{"embeddable":true,"href":"https:\/\/www.sando.com\/en\/wp-json\/wp\/v2\/users\/2"}],"replies":[{"embeddable":true,"href":"https:\/\/www.sando.com\/en\/wp-json\/wp\/v2\/comments?post=21194"}],"version-history":[{"count":0,"href":"https:\/\/www.sando.com\/en\/wp-json\/wp\/v2\/posts\/21194\/revisions"}],"wp:featuredmedia":[{"embeddable":true,"href":"https:\/\/www.sando.com\/en\/wp-json\/wp\/v2\/media\/2946"}],"wp:attachment":[{"href":"https:\/\/www.sando.com\/en\/wp-json\/wp\/v2\/media?parent=21194"}],"wp:term":[{"taxonomy":"category","embeddable":true,"href":"https:\/\/www.sando.com\/en\/wp-json\/wp\/v2\/categories?post=21194"},{"taxonomy":"post_tag","embeddable":true,"href":"https:\/\/www.sando.com\/en\/wp-json\/wp\/v2\/tags?post=21194"},{"taxonomy":"tax_brand","embeddable":true,"href":"https:\/\/www.sando.com\/en\/wp-json\/wp\/v2\/tax_brand?post=21194"},{"taxonomy":"tax_services","embeddable":true,"href":"https:\/\/www.sando.com\/en\/wp-json\/wp\/v2\/tax_services?post=21194"},{"taxonomy":"tax_location","embeddable":true,"href":"https:\/\/www.sando.com\/en\/wp-json\/wp\/v2\/tax_location?post=21194"}],"curies":[{"name":"wp","href":"https:\/\/api.w.org\/{rel}","templated":true}]}}