{"id":21197,"date":"2021-06-21T06:58:08","date_gmt":"2021-06-21T06:58:08","guid":{"rendered":"https:\/\/sando.com\/actualidad\/althenia-manages-the-introduction-of-the-organic-waste-container-in-velez-malaga"},"modified":"2024-10-29T10:38:55","modified_gmt":"2024-10-29T10:38:55","slug":"althenia-manages-the-introduction-of-the-organic-waste-container-in-velez-malaga","status":"publish","type":"post","link":"https:\/\/www.sando.com\/en\/actualidad\/althenia-manages-the-introduction-of-the-organic-waste-container-in-velez-malaga","title":{"rendered":"Althenia manages the introduction of the organic waste container in V\u00e9lez-M\u00e1laga"},"content":{"rendered":"<p><a href=\"\/en\/althenia-sando\" title=\"Integral environmental services\" target=\"_blank\">Althenia<\/a>, the company specialising in environmental services of the Sando group of companies, in collaboration with the Velez-Malaga Town Council, has presented this week the introduction of an organic <a href=\"https:\/\/www.sando.com\/en\/specialisations\/cleaning-and-waste-management\" title=\"Waste management\" target=\"_blank\">Waste<\/a> container in the municipality of Velez-Malaga. This action complements the new cleaning campaign focused on a new clean-up campaign focused on promoting citizen collaboration, awareness and awareness-raising of residents, and businessmen and traders, especially in hospitality.<\/p>\n<p>&nbsp;<\/p>\n<p>Althenia\u2019s representative, Javier Ruiz, stressed that <em>\u201cthe campaign will be carried out in several phases<\/em>.<em> The first phase will focus on the hotel and catering trade, and then on households in the municipality\u201d, <\/em>pointing out that \u201c<em>in this second phase there will be a door-to-door campaign throughout the municipality, with information stands set up in each neighbourhood\u201d<\/em>.<\/p>\n<p>&nbsp;<\/p>\n<p>Althenia and currently managing the\u00a0cleaning and solid\u00a0urban\u00a0waste collection service\u00a0in the municipality, also manages the parks and gardens.<\/p>\n","protected":false},"excerpt":{"rendered":"Althenia, the company specialising in environmental services of the Sando group of companies, in collaboration with the Velez-Malaga Town Council, has presented this week the introduction of an organic Waste container in the municipality of Velez-Malaga. This action complements the new cleaning campaign focused on a new clean-up campaign focused on promoting citizen collaboration, awareness&#8230; <a class=\"view-article\" href=\"https:\/\/www.sando.com\/en\/reemplazos\/conacon-sando\">View Article<\/a>","protected":false},"author":2,"featured_media":23721,"comment_status":"closed","ping_status":"closed","sticky":false,"template":"","format":"standard","meta":{"_acf_changed":false,"footnotes":""},"categories":[980,979],"tags":[983,1287,996,990],"tax_brand":[],"tax_services":[],"tax_location":[],"class_list":["post-21197","post","type-post","status-publish","format-standard","has-post-thumbnail","hentry","category-comunicacion-comunicacion-en","category-communication","tag-conservacion","tag-limpieza","tag-services","tag-sostenibilidad"],"acf":[],"yoast_head":"<!-- This site is optimized with the Yoast SEO plugin v27.4 - https:\/\/yoast.com\/product\/yoast-seo-wordpress\/ -->\n<title>Implantaci\u00f3n de Contenedor Org\u00e1nico en V\u00e9lez-M\u00e1laga<\/title>\n<meta name=\"description\" content=\"Descubre c\u00f3mo Althenia impulsa la sostenibilidad en V\u00e9lez-M\u00e1laga con la implantaci\u00f3n del contenedor de org\u00e1nicos. \u00a1\u00danete al cambio!\" \/>\n<meta name=\"robots\" content=\"index, follow, max-snippet:-1, max-image-preview:large, max-video-preview:-1\" \/>\n<link rel=\"canonical\" href=\"https:\/\/www.sando.com\/en\/actualidad\/althenia-manages-the-introduction-of-the-organic-waste-container-in-velez-malaga\" \/>\n<meta property=\"og:locale\" content=\"en_US\" \/>\n<meta property=\"og:type\" content=\"article\" \/>\n<meta property=\"og:title\" content=\"Implantaci\u00f3n de Contenedor Org\u00e1nico en V\u00e9lez-M\u00e1laga\" \/>\n<meta property=\"og:description\" content=\"Descubre c\u00f3mo Althenia impulsa la sostenibilidad en V\u00e9lez-M\u00e1laga con la implantaci\u00f3n del contenedor de org\u00e1nicos. \u00a1\u00danete al cambio!\" \/>\n<meta property=\"og:url\" content=\"https:\/\/www.sando.com\/en\/actualidad\/althenia-manages-the-introduction-of-the-organic-waste-container-in-velez-malaga\" \/>\n<meta property=\"og:site_name\" content=\"Sando\" \/>\n<meta property=\"article:published_time\" content=\"2021-06-21T06:58:08+00:00\" \/>\n<meta property=\"article:modified_time\" content=\"2024-10-29T10:38:55+00:00\" \/>\n<meta property=\"og:image\" content=\"https:\/\/www.sando.com\/contenido\/subidas\/2023\/11\/Contenedores-scaled-1.jpg\" \/>\n\t<meta property=\"og:image:width\" content=\"1920\" \/>\n\t<meta property=\"og:image:height\" content=\"1440\" \/>\n\t<meta property=\"og:image:type\" content=\"image\/jpeg\" \/>\n<meta name=\"author\" content=\"Juanje Juanje\" \/>\n<meta name=\"twitter:card\" content=\"summary_large_image\" \/>\n<meta name=\"twitter:label1\" content=\"Written by\" \/>\n\t<meta name=\"twitter:data1\" content=\"Juanje Juanje\" \/>\n\t<meta name=\"twitter:label2\" content=\"Est. reading time\" \/>\n\t<meta name=\"twitter:data2\" content=\"1 minute\" \/>\n<script type=\"application\/ld+json\" class=\"yoast-schema-graph\">{\"@context\":\"https:\\\/\\\/schema.org\",\"@graph\":[{\"@type\":\"Article\",\"@id\":\"https:\\\/\\\/www.sando.com\\\/en\\\/actualidad\\\/althenia-manages-the-introduction-of-the-organic-waste-container-in-velez-malaga#article\",\"isPartOf\":{\"@id\":\"https:\\\/\\\/www.sando.com\\\/en\\\/actualidad\\\/althenia-manages-the-introduction-of-the-organic-waste-container-in-velez-malaga\"},\"author\":{\"name\":\"Juanje Juanje\",\"@id\":\"https:\\\/\\\/www.sando.com\\\/en#\\\/schema\\\/person\\\/632d5c2fe5027989411732e84a37e6c1\"},\"headline\":\"Althenia manages the introduction of the organic waste container in V\u00e9lez-M\u00e1laga\",\"datePublished\":\"2021-06-21T06:58:08+00:00\",\"dateModified\":\"2024-10-29T10:38:55+00:00\",\"mainEntityOfPage\":{\"@id\":\"https:\\\/\\\/www.sando.com\\\/en\\\/actualidad\\\/althenia-manages-the-introduction-of-the-organic-waste-container-in-velez-malaga\"},\"wordCount\":160,\"publisher\":{\"@id\":\"https:\\\/\\\/www.sando.com\\\/en#organization\"},\"image\":{\"@id\":\"https:\\\/\\\/www.sando.com\\\/en\\\/actualidad\\\/althenia-manages-the-introduction-of-the-organic-waste-container-in-velez-malaga#primaryimage\"},\"thumbnailUrl\":\"https:\\\/\\\/www.sando.com\\\/contenido\\\/subidas\\\/2023\\\/11\\\/Contenedores-scaled-1.jpg\",\"keywords\":[\"conservaci\u00f3n\",\"limpieza\",\"Services\",\"sostenibilidad\"],\"articleSection\":[\"Blog-EN\",\"Communication\"],\"inLanguage\":\"en-US\"},{\"@type\":\"WebPage\",\"@id\":\"https:\\\/\\\/www.sando.com\\\/en\\\/actualidad\\\/althenia-manages-the-introduction-of-the-organic-waste-container-in-velez-malaga\",\"url\":\"https:\\\/\\\/www.sando.com\\\/en\\\/actualidad\\\/althenia-manages-the-introduction-of-the-organic-waste-container-in-velez-malaga\",\"name\":\"Implantaci\u00f3n de Contenedor Org\u00e1nico en V\u00e9lez-M\u00e1laga\",\"isPartOf\":{\"@id\":\"https:\\\/\\\/www.sando.com\\\/en#website\"},\"primaryImageOfPage\":{\"@id\":\"https:\\\/\\\/www.sando.com\\\/en\\\/actualidad\\\/althenia-manages-the-introduction-of-the-organic-waste-container-in-velez-malaga#primaryimage\"},\"image\":{\"@id\":\"https:\\\/\\\/www.sando.com\\\/en\\\/actualidad\\\/althenia-manages-the-introduction-of-the-organic-waste-container-in-velez-malaga#primaryimage\"},\"thumbnailUrl\":\"https:\\\/\\\/www.sando.com\\\/contenido\\\/subidas\\\/2023\\\/11\\\/Contenedores-scaled-1.jpg\",\"datePublished\":\"2021-06-21T06:58:08+00:00\",\"dateModified\":\"2024-10-29T10:38:55+00:00\",\"description\":\"Descubre c\u00f3mo Althenia impulsa la sostenibilidad en V\u00e9lez-M\u00e1laga con la implantaci\u00f3n del contenedor de org\u00e1nicos. \u00a1\u00danete al cambio!\",\"breadcrumb\":{\"@id\":\"https:\\\/\\\/www.sando.com\\\/en\\\/actualidad\\\/althenia-manages-the-introduction-of-the-organic-waste-container-in-velez-malaga#breadcrumb\"},\"inLanguage\":\"en-US\",\"potentialAction\":[{\"@type\":\"ReadAction\",\"target\":[\"https:\\\/\\\/www.sando.com\\\/en\\\/actualidad\\\/althenia-manages-the-introduction-of-the-organic-waste-container-in-velez-malaga\"]}]},{\"@type\":\"ImageObject\",\"inLanguage\":\"en-US\",\"@id\":\"https:\\\/\\\/www.sando.com\\\/en\\\/actualidad\\\/althenia-manages-the-introduction-of-the-organic-waste-container-in-velez-malaga#primaryimage\",\"url\":\"https:\\\/\\\/www.sando.com\\\/contenido\\\/subidas\\\/2023\\\/11\\\/Contenedores-scaled-1.jpg\",\"contentUrl\":\"https:\\\/\\\/www.sando.com\\\/contenido\\\/subidas\\\/2023\\\/11\\\/Contenedores-scaled-1.jpg\",\"width\":1920,\"height\":1440},{\"@type\":\"BreadcrumbList\",\"@id\":\"https:\\\/\\\/www.sando.com\\\/en\\\/actualidad\\\/althenia-manages-the-introduction-of-the-organic-waste-container-in-velez-malaga#breadcrumb\",\"itemListElement\":[{\"@type\":\"ListItem\",\"position\":1,\"name\":\"Portada\",\"item\":\"https:\\\/\\\/www.sando.com\\\/en\"},{\"@type\":\"ListItem\",\"position\":2,\"name\":\"Althenia manages the introduction of the organic waste container in V\u00e9lez-M\u00e1laga\"}]},{\"@type\":\"WebSite\",\"@id\":\"https:\\\/\\\/www.sando.com\\\/en#website\",\"url\":\"https:\\\/\\\/www.sando.com\\\/en\",\"name\":\"Sando\",\"description\":\"\",\"publisher\":{\"@id\":\"https:\\\/\\\/www.sando.com\\\/en#organization\"},\"potentialAction\":[{\"@type\":\"SearchAction\",\"target\":{\"@type\":\"EntryPoint\",\"urlTemplate\":\"https:\\\/\\\/www.sando.com\\\/en?s={search_term_string}\"},\"query-input\":{\"@type\":\"PropertyValueSpecification\",\"valueRequired\":true,\"valueName\":\"search_term_string\"}}],\"inLanguage\":\"en-US\"},{\"@type\":\"Organization\",\"@id\":\"https:\\\/\\\/www.sando.com\\\/en#organization\",\"name\":\"Sando\",\"url\":\"https:\\\/\\\/www.sando.com\\\/en\",\"logo\":{\"@type\":\"ImageObject\",\"inLanguage\":\"en-US\",\"@id\":\"https:\\\/\\\/www.sando.com\\\/en#\\\/schema\\\/logo\\\/image\\\/\",\"url\":\"\",\"contentUrl\":\"\",\"caption\":\"Sando\"},\"image\":{\"@id\":\"https:\\\/\\\/www.sando.com\\\/en#\\\/schema\\\/logo\\\/image\\\/\"}},{\"@type\":\"Person\",\"@id\":\"https:\\\/\\\/www.sando.com\\\/en#\\\/schema\\\/person\\\/632d5c2fe5027989411732e84a37e6c1\",\"name\":\"Juanje Juanje\",\"image\":{\"@type\":\"ImageObject\",\"inLanguage\":\"en-US\",\"@id\":\"https:\\\/\\\/secure.gravatar.com\\\/avatar\\\/c3e6022bd9f917c76ed8e8b6871d1ffbb4e91e491e7ef61fe483473b62660729?s=96&d=mm&r=g\",\"url\":\"https:\\\/\\\/secure.gravatar.com\\\/avatar\\\/c3e6022bd9f917c76ed8e8b6871d1ffbb4e91e491e7ef61fe483473b62660729?s=96&d=mm&r=g\",\"contentUrl\":\"https:\\\/\\\/secure.gravatar.com\\\/avatar\\\/c3e6022bd9f917c76ed8e8b6871d1ffbb4e91e491e7ef61fe483473b62660729?s=96&d=mm&r=g\",\"caption\":\"Juanje Juanje\"}}]}<\/script>\n<!-- \/ Yoast SEO plugin. -->","yoast_head_json":{"title":"Implantaci\u00f3n de Contenedor Org\u00e1nico en V\u00e9lez-M\u00e1laga","description":"Descubre c\u00f3mo Althenia impulsa la sostenibilidad en V\u00e9lez-M\u00e1laga con la implantaci\u00f3n del contenedor de org\u00e1nicos. \u00a1\u00danete al cambio!","robots":{"index":"index","follow":"follow","max-snippet":"max-snippet:-1","max-image-preview":"max-image-preview:large","max-video-preview":"max-video-preview:-1"},"canonical":"https:\/\/www.sando.com\/en\/actualidad\/althenia-manages-the-introduction-of-the-organic-waste-container-in-velez-malaga","og_locale":"en_US","og_type":"article","og_title":"Implantaci\u00f3n de Contenedor Org\u00e1nico en V\u00e9lez-M\u00e1laga","og_description":"Descubre c\u00f3mo Althenia impulsa la sostenibilidad en V\u00e9lez-M\u00e1laga con la implantaci\u00f3n del contenedor de org\u00e1nicos. \u00a1\u00danete al cambio!","og_url":"https:\/\/www.sando.com\/en\/actualidad\/althenia-manages-the-introduction-of-the-organic-waste-container-in-velez-malaga","og_site_name":"Sando","article_published_time":"2021-06-21T06:58:08+00:00","article_modified_time":"2024-10-29T10:38:55+00:00","og_image":[{"width":1920,"height":1440,"url":"https:\/\/www.sando.com\/contenido\/subidas\/2023\/11\/Contenedores-scaled-1.jpg","type":"image\/jpeg"}],"author":"Juanje Juanje","twitter_card":"summary_large_image","twitter_misc":{"Written by":"Juanje Juanje","Est. reading time":"1 minute"},"schema":{"@context":"https:\/\/schema.org","@graph":[{"@type":"Article","@id":"https:\/\/www.sando.com\/en\/actualidad\/althenia-manages-the-introduction-of-the-organic-waste-container-in-velez-malaga#article","isPartOf":{"@id":"https:\/\/www.sando.com\/en\/actualidad\/althenia-manages-the-introduction-of-the-organic-waste-container-in-velez-malaga"},"author":{"name":"Juanje Juanje","@id":"https:\/\/www.sando.com\/en#\/schema\/person\/632d5c2fe5027989411732e84a37e6c1"},"headline":"Althenia manages the introduction of the organic waste container in V\u00e9lez-M\u00e1laga","datePublished":"2021-06-21T06:58:08+00:00","dateModified":"2024-10-29T10:38:55+00:00","mainEntityOfPage":{"@id":"https:\/\/www.sando.com\/en\/actualidad\/althenia-manages-the-introduction-of-the-organic-waste-container-in-velez-malaga"},"wordCount":160,"publisher":{"@id":"https:\/\/www.sando.com\/en#organization"},"image":{"@id":"https:\/\/www.sando.com\/en\/actualidad\/althenia-manages-the-introduction-of-the-organic-waste-container-in-velez-malaga#primaryimage"},"thumbnailUrl":"https:\/\/www.sando.com\/contenido\/subidas\/2023\/11\/Contenedores-scaled-1.jpg","keywords":["conservaci\u00f3n","limpieza","Services","sostenibilidad"],"articleSection":["Blog-EN","Communication"],"inLanguage":"en-US"},{"@type":"WebPage","@id":"https:\/\/www.sando.com\/en\/actualidad\/althenia-manages-the-introduction-of-the-organic-waste-container-in-velez-malaga","url":"https:\/\/www.sando.com\/en\/actualidad\/althenia-manages-the-introduction-of-the-organic-waste-container-in-velez-malaga","name":"Implantaci\u00f3n de Contenedor Org\u00e1nico en V\u00e9lez-M\u00e1laga","isPartOf":{"@id":"https:\/\/www.sando.com\/en#website"},"primaryImageOfPage":{"@id":"https:\/\/www.sando.com\/en\/actualidad\/althenia-manages-the-introduction-of-the-organic-waste-container-in-velez-malaga#primaryimage"},"image":{"@id":"https:\/\/www.sando.com\/en\/actualidad\/althenia-manages-the-introduction-of-the-organic-waste-container-in-velez-malaga#primaryimage"},"thumbnailUrl":"https:\/\/www.sando.com\/contenido\/subidas\/2023\/11\/Contenedores-scaled-1.jpg","datePublished":"2021-06-21T06:58:08+00:00","dateModified":"2024-10-29T10:38:55+00:00","description":"Descubre c\u00f3mo Althenia impulsa la sostenibilidad en V\u00e9lez-M\u00e1laga con la implantaci\u00f3n del contenedor de org\u00e1nicos. \u00a1\u00danete al cambio!","breadcrumb":{"@id":"https:\/\/www.sando.com\/en\/actualidad\/althenia-manages-the-introduction-of-the-organic-waste-container-in-velez-malaga#breadcrumb"},"inLanguage":"en-US","potentialAction":[{"@type":"ReadAction","target":["https:\/\/www.sando.com\/en\/actualidad\/althenia-manages-the-introduction-of-the-organic-waste-container-in-velez-malaga"]}]},{"@type":"ImageObject","inLanguage":"en-US","@id":"https:\/\/www.sando.com\/en\/actualidad\/althenia-manages-the-introduction-of-the-organic-waste-container-in-velez-malaga#primaryimage","url":"https:\/\/www.sando.com\/contenido\/subidas\/2023\/11\/Contenedores-scaled-1.jpg","contentUrl":"https:\/\/www.sando.com\/contenido\/subidas\/2023\/11\/Contenedores-scaled-1.jpg","width":1920,"height":1440},{"@type":"BreadcrumbList","@id":"https:\/\/www.sando.com\/en\/actualidad\/althenia-manages-the-introduction-of-the-organic-waste-container-in-velez-malaga#breadcrumb","itemListElement":[{"@type":"ListItem","position":1,"name":"Portada","item":"https:\/\/www.sando.com\/en"},{"@type":"ListItem","position":2,"name":"Althenia manages the introduction of the organic waste container in V\u00e9lez-M\u00e1laga"}]},{"@type":"WebSite","@id":"https:\/\/www.sando.com\/en#website","url":"https:\/\/www.sando.com\/en","name":"Sando","description":"","publisher":{"@id":"https:\/\/www.sando.com\/en#organization"},"potentialAction":[{"@type":"SearchAction","target":{"@type":"EntryPoint","urlTemplate":"https:\/\/www.sando.com\/en?s={search_term_string}"},"query-input":{"@type":"PropertyValueSpecification","valueRequired":true,"valueName":"search_term_string"}}],"inLanguage":"en-US"},{"@type":"Organization","@id":"https:\/\/www.sando.com\/en#organization","name":"Sando","url":"https:\/\/www.sando.com\/en","logo":{"@type":"ImageObject","inLanguage":"en-US","@id":"https:\/\/www.sando.com\/en#\/schema\/logo\/image\/","url":"","contentUrl":"","caption":"Sando"},"image":{"@id":"https:\/\/www.sando.com\/en#\/schema\/logo\/image\/"}},{"@type":"Person","@id":"https:\/\/www.sando.com\/en#\/schema\/person\/632d5c2fe5027989411732e84a37e6c1","name":"Juanje Juanje","image":{"@type":"ImageObject","inLanguage":"en-US","@id":"https:\/\/secure.gravatar.com\/avatar\/c3e6022bd9f917c76ed8e8b6871d1ffbb4e91e491e7ef61fe483473b62660729?s=96&d=mm&r=g","url":"https:\/\/secure.gravatar.com\/avatar\/c3e6022bd9f917c76ed8e8b6871d1ffbb4e91e491e7ef61fe483473b62660729?s=96&d=mm&r=g","contentUrl":"https:\/\/secure.gravatar.com\/avatar\/c3e6022bd9f917c76ed8e8b6871d1ffbb4e91e491e7ef61fe483473b62660729?s=96&d=mm&r=g","caption":"Juanje Juanje"}}]}},"_links":{"self":[{"href":"https:\/\/www.sando.com\/en\/wp-json\/wp\/v2\/posts\/21197","targetHints":{"allow":["GET"]}}],"collection":[{"href":"https:\/\/www.sando.com\/en\/wp-json\/wp\/v2\/posts"}],"about":[{"href":"https:\/\/www.sando.com\/en\/wp-json\/wp\/v2\/types\/post"}],"author":[{"embeddable":true,"href":"https:\/\/www.sando.com\/en\/wp-json\/wp\/v2\/users\/2"}],"replies":[{"embeddable":true,"href":"https:\/\/www.sando.com\/en\/wp-json\/wp\/v2\/comments?post=21197"}],"version-history":[{"count":0,"href":"https:\/\/www.sando.com\/en\/wp-json\/wp\/v2\/posts\/21197\/revisions"}],"wp:featuredmedia":[{"embeddable":true,"href":"https:\/\/www.sando.com\/en\/wp-json\/wp\/v2\/media\/23721"}],"wp:attachment":[{"href":"https:\/\/www.sando.com\/en\/wp-json\/wp\/v2\/media?parent=21197"}],"wp:term":[{"taxonomy":"category","embeddable":true,"href":"https:\/\/www.sando.com\/en\/wp-json\/wp\/v2\/categories?post=21197"},{"taxonomy":"post_tag","embeddable":true,"href":"https:\/\/www.sando.com\/en\/wp-json\/wp\/v2\/tags?post=21197"},{"taxonomy":"tax_brand","embeddable":true,"href":"https:\/\/www.sando.com\/en\/wp-json\/wp\/v2\/tax_brand?post=21197"},{"taxonomy":"tax_services","embeddable":true,"href":"https:\/\/www.sando.com\/en\/wp-json\/wp\/v2\/tax_services?post=21197"},{"taxonomy":"tax_location","embeddable":true,"href":"https:\/\/www.sando.com\/en\/wp-json\/wp\/v2\/tax_location?post=21197"}],"curies":[{"name":"wp","href":"https:\/\/api.w.org\/{rel}","templated":true}]}}