{"id":21218,"date":"2022-07-18T11:48:41","date_gmt":"2022-07-18T11:48:41","guid":{"rendered":"https:\/\/sando.com\/actualidad\/althenia-brown-container-velez-malaga-campaign"},"modified":"2024-10-29T10:39:19","modified_gmt":"2024-10-29T10:39:19","slug":"althenia-brown-container-velez-malaga-campaign","status":"publish","type":"post","link":"https:\/\/www.sando.com\/en\/actualidad\/althenia-brown-container-velez-malaga-campaign","title":{"rendered":"Althenia launches a new campaign to promote the use of the brown container"},"content":{"rendered":"<p>The company <a href=\"\/en\/althenia-sando\" title=\"Integral environmental services\" target=\"_blank\">Althenia<\/a> and the <a href=\"https:\/\/www.velezmalaga.es\/\" target=\"_blank\" rel=\"noopener\">Velez-Malaga Town Council<\/a> have launched a new initiative to encourage the use of the brown container, the organic <a href=\"https:\/\/www.sando.com\/en\/specialisations\/cleaning-and-waste-management\" title=\"Waste management\" target=\"_blank\">Waste<\/a> container, in the municipality. Both entities, which were <a href=\"https:\/\/www.sando.com\/en\/althenia-manages-the-introduction-of-the-organic-waste-container-in-velez-malaga\/\" target=\"_blank\" rel=\"noopener\">pioneers<\/a> in the province with the implementation of the brown bin in 2021, have started an awareness campaign.<\/p>\n<p>This project, aimed mainly at households and the hotel and catering trade, draws attention to the need to separate waste. Approximately 40% of the weight of waste generated daily in households is made up of organic matter. This waste is recyclable and can be used as compost for agriculture, parks, gardens&#8230;<\/p>\n<p>Althenia, the company specialised in environmental actions, has planned different actions to achieve an efficient use of the brown bin. Together with the Department of the Environment, citizen information points have been set up with specialised personnel and didactic material. In addition, a door-to-door collection of organic waste has been initiated for the hotel and catering industry.<\/p>\n<h3><strong>The brown container with a key<\/strong><\/h3>\n<p>One of the actions that have been prepared for this campaign consists of placing locks on the containers. To avoid contamination with other types of waste, it has been decided to give a key to each resident who wants to participate in the project and recycle. In this way, the collection and use of organic waste is optimised. The free telephone number provided by Althenia to join the campaign and request the key is 900 702 703.<\/p>\n<p>This initiative coincides with the cleaning reinforcement programme that Althenia has planned with the Town Hall of Velez-Malaga for the summer months. The service is therefore increased with an increase in mechanical scrubbing, sweeping, collection of bins and containers, reinforcement of sweeping or door to door collection for organic waste, among others.<\/p>\n<p>&nbsp;<\/p>\n<p><iframe loading=\"lazy\" title=\"Campa\u00f1a para el uso del contenedor marr\u00f3n, el de org\u00e1nicos\" width=\"900\" height=\"506\" src=\"https:\/\/www.youtube.com\/embed\/y7Pk6t4bZss?feature=oembed\" frameborder=\"0\" allow=\"accelerometer; autoplay; clipboard-write; encrypted-media; gyroscope; picture-in-picture; web-share\" allowfullscreen><\/iframe><\/p>\n","protected":false},"excerpt":{"rendered":"The company Althenia and the Velez-Malaga Town Council have launched a new initiative to encourage the use of the brown container, the organic Waste container, in the municipality. Both entities, which were pioneers in the province with the implementation of the brown bin in 2021, have started an awareness campaign. This project, aimed mainly at&#8230; <a class=\"view-article\" href=\"https:\/\/www.sando.com\/en\/reemplazos\/conacon-sando\">View Article<\/a>","protected":false},"author":2,"featured_media":21560,"comment_status":"closed","ping_status":"closed","sticky":false,"template":"","format":"standard","meta":{"_acf_changed":false,"footnotes":""},"categories":[980,979],"tags":[1278,996],"tax_brand":[],"tax_services":[],"tax_location":[],"class_list":["post-21218","post","type-post","status-publish","format-standard","has-post-thumbnail","hentry","category-comunicacion-comunicacion-en","category-communication","tag-limpieza-viaria","tag-services"],"acf":[],"yoast_head":"<!-- This site is optimized with the Yoast SEO plugin v27.4 - https:\/\/yoast.com\/product\/yoast-seo-wordpress\/ -->\n<title>Althenia promueve el uso del contenedor marr\u00f3n<\/title>\n<meta name=\"description\" content=\"Descubre la nueva campa\u00f1a de Althenia que fomenta el uso del contenedor marr\u00f3n para una gesti\u00f3n de residuos m\u00e1s sostenible y responsable.\" \/>\n<meta name=\"robots\" content=\"index, follow, max-snippet:-1, max-image-preview:large, max-video-preview:-1\" \/>\n<link rel=\"canonical\" href=\"https:\/\/www.sando.com\/en\/actualidad\/althenia-brown-container-velez-malaga-campaign\" \/>\n<meta property=\"og:locale\" content=\"en_US\" \/>\n<meta property=\"og:type\" content=\"article\" \/>\n<meta property=\"og:title\" content=\"Althenia promueve el uso del contenedor marr\u00f3n\" \/>\n<meta property=\"og:description\" content=\"Descubre la nueva campa\u00f1a de Althenia que fomenta el uso del contenedor marr\u00f3n para una gesti\u00f3n de residuos m\u00e1s sostenible y responsable.\" \/>\n<meta property=\"og:url\" content=\"https:\/\/www.sando.com\/en\/actualidad\/althenia-brown-container-velez-malaga-campaign\" \/>\n<meta property=\"og:site_name\" content=\"Sando\" \/>\n<meta property=\"article:published_time\" content=\"2022-07-18T11:48:41+00:00\" \/>\n<meta property=\"article:modified_time\" content=\"2024-10-29T10:39:19+00:00\" \/>\n<meta property=\"og:image\" content=\"https:\/\/www.sando.com\/contenido\/subidas\/2022\/07\/contenedor-marron-organicos-althenia.jpg\" \/>\n\t<meta property=\"og:image:width\" content=\"1200\" \/>\n\t<meta property=\"og:image:height\" content=\"800\" \/>\n\t<meta property=\"og:image:type\" content=\"image\/jpeg\" \/>\n<meta name=\"author\" content=\"Juanje Juanje\" \/>\n<meta name=\"twitter:card\" content=\"summary_large_image\" \/>\n<meta name=\"twitter:label1\" content=\"Written by\" \/>\n\t<meta name=\"twitter:data1\" content=\"Juanje Juanje\" \/>\n\t<meta name=\"twitter:label2\" content=\"Est. reading time\" \/>\n\t<meta name=\"twitter:data2\" content=\"2 minutes\" \/>\n<script type=\"application\/ld+json\" class=\"yoast-schema-graph\">{\"@context\":\"https:\\\/\\\/schema.org\",\"@graph\":[{\"@type\":\"Article\",\"@id\":\"https:\\\/\\\/www.sando.com\\\/en\\\/actualidad\\\/althenia-brown-container-velez-malaga-campaign#article\",\"isPartOf\":{\"@id\":\"https:\\\/\\\/www.sando.com\\\/en\\\/actualidad\\\/althenia-brown-container-velez-malaga-campaign\"},\"author\":{\"name\":\"Juanje Juanje\",\"@id\":\"https:\\\/\\\/www.sando.com\\\/en#\\\/schema\\\/person\\\/632d5c2fe5027989411732e84a37e6c1\"},\"headline\":\"Althenia launches a new campaign to promote the use of the brown container\",\"datePublished\":\"2022-07-18T11:48:41+00:00\",\"dateModified\":\"2024-10-29T10:39:19+00:00\",\"mainEntityOfPage\":{\"@id\":\"https:\\\/\\\/www.sando.com\\\/en\\\/actualidad\\\/althenia-brown-container-velez-malaga-campaign\"},\"wordCount\":311,\"publisher\":{\"@id\":\"https:\\\/\\\/www.sando.com\\\/en#organization\"},\"image\":{\"@id\":\"https:\\\/\\\/www.sando.com\\\/en\\\/actualidad\\\/althenia-brown-container-velez-malaga-campaign#primaryimage\"},\"thumbnailUrl\":\"https:\\\/\\\/www.sando.com\\\/contenido\\\/subidas\\\/2022\\\/07\\\/contenedor-marron-organicos-althenia.jpg\",\"keywords\":[\"limpieza viaria\",\"Services\"],\"articleSection\":[\"Blog-EN\",\"Communication\"],\"inLanguage\":\"en-US\"},{\"@type\":\"WebPage\",\"@id\":\"https:\\\/\\\/www.sando.com\\\/en\\\/actualidad\\\/althenia-brown-container-velez-malaga-campaign\",\"url\":\"https:\\\/\\\/www.sando.com\\\/en\\\/actualidad\\\/althenia-brown-container-velez-malaga-campaign\",\"name\":\"Althenia promueve el uso del contenedor marr\u00f3n\",\"isPartOf\":{\"@id\":\"https:\\\/\\\/www.sando.com\\\/en#website\"},\"primaryImageOfPage\":{\"@id\":\"https:\\\/\\\/www.sando.com\\\/en\\\/actualidad\\\/althenia-brown-container-velez-malaga-campaign#primaryimage\"},\"image\":{\"@id\":\"https:\\\/\\\/www.sando.com\\\/en\\\/actualidad\\\/althenia-brown-container-velez-malaga-campaign#primaryimage\"},\"thumbnailUrl\":\"https:\\\/\\\/www.sando.com\\\/contenido\\\/subidas\\\/2022\\\/07\\\/contenedor-marron-organicos-althenia.jpg\",\"datePublished\":\"2022-07-18T11:48:41+00:00\",\"dateModified\":\"2024-10-29T10:39:19+00:00\",\"description\":\"Descubre la nueva campa\u00f1a de Althenia que fomenta el uso del contenedor marr\u00f3n para una gesti\u00f3n de residuos m\u00e1s sostenible y responsable.\",\"breadcrumb\":{\"@id\":\"https:\\\/\\\/www.sando.com\\\/en\\\/actualidad\\\/althenia-brown-container-velez-malaga-campaign#breadcrumb\"},\"inLanguage\":\"en-US\",\"potentialAction\":[{\"@type\":\"ReadAction\",\"target\":[\"https:\\\/\\\/www.sando.com\\\/en\\\/actualidad\\\/althenia-brown-container-velez-malaga-campaign\"]}]},{\"@type\":\"ImageObject\",\"inLanguage\":\"en-US\",\"@id\":\"https:\\\/\\\/www.sando.com\\\/en\\\/actualidad\\\/althenia-brown-container-velez-malaga-campaign#primaryimage\",\"url\":\"https:\\\/\\\/www.sando.com\\\/contenido\\\/subidas\\\/2022\\\/07\\\/contenedor-marron-organicos-althenia.jpg\",\"contentUrl\":\"https:\\\/\\\/www.sando.com\\\/contenido\\\/subidas\\\/2022\\\/07\\\/contenedor-marron-organicos-althenia.jpg\",\"width\":1200,\"height\":800,\"caption\":\"La empresa Althenia y el Ayuntamiento de V\u00e9lez-M\u00e1laga han puesto en marcha una nueva iniciativa para lograr el uso del contenedor marr\u00f3n, el de materia org\u00e1nica, en el municipio. Ambas entidades, que fueron pioneras en la provincia con la implantaci\u00f3n del contenedor marr\u00f3n en 2021, han comenzado una campa\u00f1a de concienciaci\u00f3n.\u00a0\"},{\"@type\":\"BreadcrumbList\",\"@id\":\"https:\\\/\\\/www.sando.com\\\/en\\\/actualidad\\\/althenia-brown-container-velez-malaga-campaign#breadcrumb\",\"itemListElement\":[{\"@type\":\"ListItem\",\"position\":1,\"name\":\"Portada\",\"item\":\"https:\\\/\\\/www.sando.com\\\/en\"},{\"@type\":\"ListItem\",\"position\":2,\"name\":\"Althenia launches a new campaign to promote the use of the brown container\"}]},{\"@type\":\"WebSite\",\"@id\":\"https:\\\/\\\/www.sando.com\\\/en#website\",\"url\":\"https:\\\/\\\/www.sando.com\\\/en\",\"name\":\"Sando\",\"description\":\"\",\"publisher\":{\"@id\":\"https:\\\/\\\/www.sando.com\\\/en#organization\"},\"potentialAction\":[{\"@type\":\"SearchAction\",\"target\":{\"@type\":\"EntryPoint\",\"urlTemplate\":\"https:\\\/\\\/www.sando.com\\\/en?s={search_term_string}\"},\"query-input\":{\"@type\":\"PropertyValueSpecification\",\"valueRequired\":true,\"valueName\":\"search_term_string\"}}],\"inLanguage\":\"en-US\"},{\"@type\":\"Organization\",\"@id\":\"https:\\\/\\\/www.sando.com\\\/en#organization\",\"name\":\"Sando\",\"url\":\"https:\\\/\\\/www.sando.com\\\/en\",\"logo\":{\"@type\":\"ImageObject\",\"inLanguage\":\"en-US\",\"@id\":\"https:\\\/\\\/www.sando.com\\\/en#\\\/schema\\\/logo\\\/image\\\/\",\"url\":\"\",\"contentUrl\":\"\",\"caption\":\"Sando\"},\"image\":{\"@id\":\"https:\\\/\\\/www.sando.com\\\/en#\\\/schema\\\/logo\\\/image\\\/\"}},{\"@type\":\"Person\",\"@id\":\"https:\\\/\\\/www.sando.com\\\/en#\\\/schema\\\/person\\\/632d5c2fe5027989411732e84a37e6c1\",\"name\":\"Juanje Juanje\",\"image\":{\"@type\":\"ImageObject\",\"inLanguage\":\"en-US\",\"@id\":\"https:\\\/\\\/secure.gravatar.com\\\/avatar\\\/c3e6022bd9f917c76ed8e8b6871d1ffbb4e91e491e7ef61fe483473b62660729?s=96&d=mm&r=g\",\"url\":\"https:\\\/\\\/secure.gravatar.com\\\/avatar\\\/c3e6022bd9f917c76ed8e8b6871d1ffbb4e91e491e7ef61fe483473b62660729?s=96&d=mm&r=g\",\"contentUrl\":\"https:\\\/\\\/secure.gravatar.com\\\/avatar\\\/c3e6022bd9f917c76ed8e8b6871d1ffbb4e91e491e7ef61fe483473b62660729?s=96&d=mm&r=g\",\"caption\":\"Juanje Juanje\"}}]}<\/script>\n<!-- \/ Yoast SEO plugin. -->","yoast_head_json":{"title":"Althenia promueve el uso del contenedor marr\u00f3n","description":"Descubre la nueva campa\u00f1a de Althenia que fomenta el uso del contenedor marr\u00f3n para una gesti\u00f3n de residuos m\u00e1s sostenible y responsable.","robots":{"index":"index","follow":"follow","max-snippet":"max-snippet:-1","max-image-preview":"max-image-preview:large","max-video-preview":"max-video-preview:-1"},"canonical":"https:\/\/www.sando.com\/en\/actualidad\/althenia-brown-container-velez-malaga-campaign","og_locale":"en_US","og_type":"article","og_title":"Althenia promueve el uso del contenedor marr\u00f3n","og_description":"Descubre la nueva campa\u00f1a de Althenia que fomenta el uso del contenedor marr\u00f3n para una gesti\u00f3n de residuos m\u00e1s sostenible y responsable.","og_url":"https:\/\/www.sando.com\/en\/actualidad\/althenia-brown-container-velez-malaga-campaign","og_site_name":"Sando","article_published_time":"2022-07-18T11:48:41+00:00","article_modified_time":"2024-10-29T10:39:19+00:00","og_image":[{"width":1200,"height":800,"url":"https:\/\/www.sando.com\/contenido\/subidas\/2022\/07\/contenedor-marron-organicos-althenia.jpg","type":"image\/jpeg"}],"author":"Juanje Juanje","twitter_card":"summary_large_image","twitter_misc":{"Written by":"Juanje Juanje","Est. reading time":"2 minutes"},"schema":{"@context":"https:\/\/schema.org","@graph":[{"@type":"Article","@id":"https:\/\/www.sando.com\/en\/actualidad\/althenia-brown-container-velez-malaga-campaign#article","isPartOf":{"@id":"https:\/\/www.sando.com\/en\/actualidad\/althenia-brown-container-velez-malaga-campaign"},"author":{"name":"Juanje Juanje","@id":"https:\/\/www.sando.com\/en#\/schema\/person\/632d5c2fe5027989411732e84a37e6c1"},"headline":"Althenia launches a new campaign to promote the use of the brown container","datePublished":"2022-07-18T11:48:41+00:00","dateModified":"2024-10-29T10:39:19+00:00","mainEntityOfPage":{"@id":"https:\/\/www.sando.com\/en\/actualidad\/althenia-brown-container-velez-malaga-campaign"},"wordCount":311,"publisher":{"@id":"https:\/\/www.sando.com\/en#organization"},"image":{"@id":"https:\/\/www.sando.com\/en\/actualidad\/althenia-brown-container-velez-malaga-campaign#primaryimage"},"thumbnailUrl":"https:\/\/www.sando.com\/contenido\/subidas\/2022\/07\/contenedor-marron-organicos-althenia.jpg","keywords":["limpieza viaria","Services"],"articleSection":["Blog-EN","Communication"],"inLanguage":"en-US"},{"@type":"WebPage","@id":"https:\/\/www.sando.com\/en\/actualidad\/althenia-brown-container-velez-malaga-campaign","url":"https:\/\/www.sando.com\/en\/actualidad\/althenia-brown-container-velez-malaga-campaign","name":"Althenia promueve el uso del contenedor marr\u00f3n","isPartOf":{"@id":"https:\/\/www.sando.com\/en#website"},"primaryImageOfPage":{"@id":"https:\/\/www.sando.com\/en\/actualidad\/althenia-brown-container-velez-malaga-campaign#primaryimage"},"image":{"@id":"https:\/\/www.sando.com\/en\/actualidad\/althenia-brown-container-velez-malaga-campaign#primaryimage"},"thumbnailUrl":"https:\/\/www.sando.com\/contenido\/subidas\/2022\/07\/contenedor-marron-organicos-althenia.jpg","datePublished":"2022-07-18T11:48:41+00:00","dateModified":"2024-10-29T10:39:19+00:00","description":"Descubre la nueva campa\u00f1a de Althenia que fomenta el uso del contenedor marr\u00f3n para una gesti\u00f3n de residuos m\u00e1s sostenible y responsable.","breadcrumb":{"@id":"https:\/\/www.sando.com\/en\/actualidad\/althenia-brown-container-velez-malaga-campaign#breadcrumb"},"inLanguage":"en-US","potentialAction":[{"@type":"ReadAction","target":["https:\/\/www.sando.com\/en\/actualidad\/althenia-brown-container-velez-malaga-campaign"]}]},{"@type":"ImageObject","inLanguage":"en-US","@id":"https:\/\/www.sando.com\/en\/actualidad\/althenia-brown-container-velez-malaga-campaign#primaryimage","url":"https:\/\/www.sando.com\/contenido\/subidas\/2022\/07\/contenedor-marron-organicos-althenia.jpg","contentUrl":"https:\/\/www.sando.com\/contenido\/subidas\/2022\/07\/contenedor-marron-organicos-althenia.jpg","width":1200,"height":800,"caption":"La empresa Althenia y el Ayuntamiento de V\u00e9lez-M\u00e1laga han puesto en marcha una nueva iniciativa para lograr el uso del contenedor marr\u00f3n, el de materia org\u00e1nica, en el municipio. Ambas entidades, que fueron pioneras en la provincia con la implantaci\u00f3n del contenedor marr\u00f3n en 2021, han comenzado una campa\u00f1a de concienciaci\u00f3n.\u00a0"},{"@type":"BreadcrumbList","@id":"https:\/\/www.sando.com\/en\/actualidad\/althenia-brown-container-velez-malaga-campaign#breadcrumb","itemListElement":[{"@type":"ListItem","position":1,"name":"Portada","item":"https:\/\/www.sando.com\/en"},{"@type":"ListItem","position":2,"name":"Althenia launches a new campaign to promote the use of the brown container"}]},{"@type":"WebSite","@id":"https:\/\/www.sando.com\/en#website","url":"https:\/\/www.sando.com\/en","name":"Sando","description":"","publisher":{"@id":"https:\/\/www.sando.com\/en#organization"},"potentialAction":[{"@type":"SearchAction","target":{"@type":"EntryPoint","urlTemplate":"https:\/\/www.sando.com\/en?s={search_term_string}"},"query-input":{"@type":"PropertyValueSpecification","valueRequired":true,"valueName":"search_term_string"}}],"inLanguage":"en-US"},{"@type":"Organization","@id":"https:\/\/www.sando.com\/en#organization","name":"Sando","url":"https:\/\/www.sando.com\/en","logo":{"@type":"ImageObject","inLanguage":"en-US","@id":"https:\/\/www.sando.com\/en#\/schema\/logo\/image\/","url":"","contentUrl":"","caption":"Sando"},"image":{"@id":"https:\/\/www.sando.com\/en#\/schema\/logo\/image\/"}},{"@type":"Person","@id":"https:\/\/www.sando.com\/en#\/schema\/person\/632d5c2fe5027989411732e84a37e6c1","name":"Juanje Juanje","image":{"@type":"ImageObject","inLanguage":"en-US","@id":"https:\/\/secure.gravatar.com\/avatar\/c3e6022bd9f917c76ed8e8b6871d1ffbb4e91e491e7ef61fe483473b62660729?s=96&d=mm&r=g","url":"https:\/\/secure.gravatar.com\/avatar\/c3e6022bd9f917c76ed8e8b6871d1ffbb4e91e491e7ef61fe483473b62660729?s=96&d=mm&r=g","contentUrl":"https:\/\/secure.gravatar.com\/avatar\/c3e6022bd9f917c76ed8e8b6871d1ffbb4e91e491e7ef61fe483473b62660729?s=96&d=mm&r=g","caption":"Juanje Juanje"}}]}},"_links":{"self":[{"href":"https:\/\/www.sando.com\/en\/wp-json\/wp\/v2\/posts\/21218","targetHints":{"allow":["GET"]}}],"collection":[{"href":"https:\/\/www.sando.com\/en\/wp-json\/wp\/v2\/posts"}],"about":[{"href":"https:\/\/www.sando.com\/en\/wp-json\/wp\/v2\/types\/post"}],"author":[{"embeddable":true,"href":"https:\/\/www.sando.com\/en\/wp-json\/wp\/v2\/users\/2"}],"replies":[{"embeddable":true,"href":"https:\/\/www.sando.com\/en\/wp-json\/wp\/v2\/comments?post=21218"}],"version-history":[{"count":0,"href":"https:\/\/www.sando.com\/en\/wp-json\/wp\/v2\/posts\/21218\/revisions"}],"wp:featuredmedia":[{"embeddable":true,"href":"https:\/\/www.sando.com\/en\/wp-json\/wp\/v2\/media\/21560"}],"wp:attachment":[{"href":"https:\/\/www.sando.com\/en\/wp-json\/wp\/v2\/media?parent=21218"}],"wp:term":[{"taxonomy":"category","embeddable":true,"href":"https:\/\/www.sando.com\/en\/wp-json\/wp\/v2\/categories?post=21218"},{"taxonomy":"post_tag","embeddable":true,"href":"https:\/\/www.sando.com\/en\/wp-json\/wp\/v2\/tags?post=21218"},{"taxonomy":"tax_brand","embeddable":true,"href":"https:\/\/www.sando.com\/en\/wp-json\/wp\/v2\/tax_brand?post=21218"},{"taxonomy":"tax_services","embeddable":true,"href":"https:\/\/www.sando.com\/en\/wp-json\/wp\/v2\/tax_services?post=21218"},{"taxonomy":"tax_location","embeddable":true,"href":"https:\/\/www.sando.com\/en\/wp-json\/wp\/v2\/tax_location?post=21218"}],"curies":[{"name":"wp","href":"https:\/\/api.w.org\/{rel}","templated":true}]}}