{"id":21245,"date":"2022-09-16T09:41:29","date_gmt":"2022-09-16T09:41:29","guid":{"rendered":"https:\/\/sando.com\/actualidad\/sando-executes-metrocentro-sevilla-nervion-civil-works"},"modified":"2024-10-29T10:39:23","modified_gmt":"2024-10-29T10:39:23","slug":"sando-executes-metrocentro-sevilla-nervion-civil-works","status":"publish","type":"post","link":"https:\/\/www.sando.com\/en\/actualidad\/sando-executes-metrocentro-sevilla-nervion-civil-works","title":{"rendered":"Sando executes the civil works for Metrocentro from Seville to Nervi\u00f3n"},"content":{"rendered":"<p><span data-contrast=\"auto\"><a href=\"\/en\/sando-construccion\" title=\"Sando Construcci\u00f3n. Building resilient and innovative infrastructures\" target=\"_blank\">Sando Construcci\u00f3n<\/a> is carrying out the first phase of the expansion of the Seville Metrocentro in a joint venture. A project awarded by the <a href=\"https:\/\/www.sevilla.org\/\" target=\"_blank\" rel=\"noopener\">Seville City Council<\/a> for 14.9 million euros extending the current Metro Ligero line from the San Bernardo station to the Nervi\u00f3n area.<\/span><span data-ccp-props=\"{&quot;134233118&quot;:true,&quot;201341983&quot;:0,&quot;335559739&quot;:160,&quot;335559740&quot;:240}\">\u00a0<\/span><\/p>\n<p><span data-contrast=\"auto\">As communicated by the City Council, this project is part of Seville\u2019s Sustainable <a href=\"\/en\/specialisations\/urban-conservation-and-smart-cities\/traffic-and-urban-mobility\" title=\"Urban mobility and traffic solutions\" target=\"_blank\">Urban mobility<\/a> Plan. The section is 1.4 kilometres long and has three stops at San Francisco Javier, Eduardo Dato, and the Nervi\u00f3n Shopping Centre.<\/span><span data-ccp-props=\"{&quot;134233118&quot;:true,&quot;201341983&quot;:0,&quot;335559739&quot;:160,&quot;335559740&quot;:240}\">\u00a0<\/span><\/p>\n<p><span data-contrast=\"auto\">The route has already been almost entirely excavated. It runs along the central reservation of Ram\u00f3n y Cajal, San Francisco Javier, and Luis de Morales streets. The project includes the underground crossing between Ram\u00f3n y Cajal and San Francisco Javier, whose underground infrastructure has already been started by Sando.\u00a0<\/span><span data-ccp-props=\"{&quot;134233118&quot;:true,&quot;201341983&quot;:0,&quot;335559739&quot;:160,&quot;335559740&quot;:240}\">\u00a0<\/span><\/p>\n<p><span data-contrast=\"auto\">According to the plans of the Consistory, it is expected that once this civil work is completed, the San Bernardo and Nervi\u00f3n areas will be connected in just three minutes and forty seconds.\u00a0<\/span><span data-ccp-props=\"{&quot;134233118&quot;:true,&quot;201341983&quot;:0,&quot;335559739&quot;:160,&quot;335559740&quot;:240}\">\u00a0<\/span><\/p>\n<h3><b><span data-contrast=\"auto\">Constructive experience<\/span><\/b><span data-ccp-props=\"{&quot;134233118&quot;:true,&quot;201341983&quot;:0,&quot;335559739&quot;:160,&quot;335559740&quot;:240}\">\u00a0<\/span><\/h3>\n<p><span data-contrast=\"auto\">As a construction company specialising in sustainable infrastructures, <\/span><span data-contrast=\"none\">Sando recently<\/span><span data-contrast=\"auto\"> completed the construction of the <a href=\"\/en\/specialisations\/transport-infrastructure\/transport-and-mobility\/tunnels-and-mobility-structures\" title=\"Tunnels and subway constructions\" target=\"_blank\">Tunnels<\/a> for the Malaga metro and remodelled the station at <\/span><a href=\"https:\/\/www.sando.com\/es\/gran-via-madrid-sando-termina-estacion\/\" target=\"_blank\" rel=\"noopener\"><span data-contrast=\"none\">Gran V\u00eda station in Madrid<\/span><\/a><span data-contrast=\"auto\">. In both projects, he has applied innovative solutions that have earned him recognition in the <\/span><span data-contrast=\"none\">sector,<\/span><span data-contrast=\"auto\"> with awards from the Civil Engineers\u2019 Associations of <\/span><a href=\"https:\/\/www.sando.com\/es\/sando-premio-a-la-mejor-obra-publica-madrid-2021\/\" target=\"_blank\" rel=\"noopener\"><span data-contrast=\"none\">Madrid<\/span><\/a><span data-contrast=\"auto\"> and <\/span><a href=\"https:\/\/www.sando.com\/es\/metro-de-malaga-sando-mejor-obra-publica-andaluza\/\" target=\"_blank\" rel=\"noopener\"><span data-contrast=\"none\">Andalusia<\/span><\/a><span data-contrast=\"auto\">.<\/span><span data-ccp-props=\"{&quot;134233118&quot;:true,&quot;201341983&quot;:0,&quot;335559739&quot;:160,&quot;335559740&quot;:240}\">\u00a0<\/span><\/p>\n","protected":false},"excerpt":{"rendered":"Sando Construcci\u00f3n is carrying out the first phase of the expansion of the Seville Metrocentro in a joint venture. A project awarded by the Seville City Council for 14.9 million euros extending the current Metro Ligero line from the San Bernardo station to the Nervi\u00f3n area.\u00a0 As communicated by the City Council, this project is&#8230; <a class=\"view-article\" href=\"https:\/\/www.sando.com\/en\/reemplazos\/conacon-sando\">View Article<\/a>","protected":false},"author":2,"featured_media":21573,"comment_status":"closed","ping_status":"closed","sticky":false,"template":"","format":"standard","meta":{"_acf_changed":false,"footnotes":""},"categories":[980,979],"tags":[992,997,994,1262],"tax_brand":[],"tax_services":[],"tax_location":[],"class_list":["post-21245","post","type-post","status-publish","format-standard","has-post-thumbnail","hentry","category-comunicacion-comunicacion-en","category-communication","tag-ferroviario","tag-infrastructures","tag-metro","tag-obra-civil"],"acf":[],"yoast_head":"<!-- This site is optimized with the Yoast SEO plugin v27.4 - https:\/\/yoast.com\/product\/yoast-seo-wordpress\/ -->\n<title>Sando: Obra Civil Metrocentro Sevilla a Nervi\u00f3n<\/title>\n<meta name=\"description\" content=\"Sando lidera la obra civil del Metrocentro de Sevilla hasta Nervi\u00f3n, mejorando la movilidad y conectividad en la ciudad. Descubre m\u00e1s.\" \/>\n<meta name=\"robots\" content=\"index, follow, max-snippet:-1, max-image-preview:large, max-video-preview:-1\" \/>\n<link rel=\"canonical\" href=\"https:\/\/www.sando.com\/en\/actualidad\/sando-executes-metrocentro-sevilla-nervion-civil-works\" \/>\n<meta property=\"og:locale\" content=\"en_US\" \/>\n<meta property=\"og:type\" content=\"article\" \/>\n<meta property=\"og:title\" content=\"Sando: Obra Civil Metrocentro Sevilla a Nervi\u00f3n\" \/>\n<meta property=\"og:description\" content=\"Sando lidera la obra civil del Metrocentro de Sevilla hasta Nervi\u00f3n, mejorando la movilidad y conectividad en la ciudad. Descubre m\u00e1s.\" \/>\n<meta property=\"og:url\" content=\"https:\/\/www.sando.com\/en\/actualidad\/sando-executes-metrocentro-sevilla-nervion-civil-works\" \/>\n<meta property=\"og:site_name\" content=\"Sando\" \/>\n<meta property=\"article:published_time\" content=\"2022-09-16T09:41:29+00:00\" \/>\n<meta property=\"article:modified_time\" content=\"2024-10-29T10:39:23+00:00\" \/>\n<meta property=\"og:image\" content=\"https:\/\/www.sando.com\/contenido\/subidas\/2022\/09\/metrocentrosevilla.jpg\" \/>\n\t<meta property=\"og:image:width\" content=\"1200\" \/>\n\t<meta property=\"og:image:height\" content=\"800\" \/>\n\t<meta property=\"og:image:type\" content=\"image\/jpeg\" \/>\n<meta name=\"author\" content=\"Juanje Juanje\" \/>\n<meta name=\"twitter:card\" content=\"summary_large_image\" \/>\n<meta name=\"twitter:label1\" content=\"Written by\" \/>\n\t<meta name=\"twitter:data1\" content=\"Juanje Juanje\" \/>\n\t<meta name=\"twitter:label2\" content=\"Est. reading time\" \/>\n\t<meta name=\"twitter:data2\" content=\"2 minutes\" \/>\n<script type=\"application\/ld+json\" class=\"yoast-schema-graph\">{\"@context\":\"https:\\\/\\\/schema.org\",\"@graph\":[{\"@type\":\"Article\",\"@id\":\"https:\\\/\\\/www.sando.com\\\/en\\\/actualidad\\\/sando-executes-metrocentro-sevilla-nervion-civil-works#article\",\"isPartOf\":{\"@id\":\"https:\\\/\\\/www.sando.com\\\/en\\\/actualidad\\\/sando-executes-metrocentro-sevilla-nervion-civil-works\"},\"author\":{\"name\":\"Juanje Juanje\",\"@id\":\"https:\\\/\\\/www.sando.com\\\/en#\\\/schema\\\/person\\\/632d5c2fe5027989411732e84a37e6c1\"},\"headline\":\"Sando executes the civil works for Metrocentro from Seville to Nervi\u00f3n\",\"datePublished\":\"2022-09-16T09:41:29+00:00\",\"dateModified\":\"2024-10-29T10:39:23+00:00\",\"mainEntityOfPage\":{\"@id\":\"https:\\\/\\\/www.sando.com\\\/en\\\/actualidad\\\/sando-executes-metrocentro-sevilla-nervion-civil-works\"},\"wordCount\":242,\"publisher\":{\"@id\":\"https:\\\/\\\/www.sando.com\\\/en#organization\"},\"image\":{\"@id\":\"https:\\\/\\\/www.sando.com\\\/en\\\/actualidad\\\/sando-executes-metrocentro-sevilla-nervion-civil-works#primaryimage\"},\"thumbnailUrl\":\"https:\\\/\\\/www.sando.com\\\/contenido\\\/subidas\\\/2022\\\/09\\\/metrocentrosevilla.jpg\",\"keywords\":[\"ferroviario\",\"Infrastructures\",\"metro\",\"Obra Civil\"],\"articleSection\":[\"Blog-EN\",\"Communication\"],\"inLanguage\":\"en-US\"},{\"@type\":\"WebPage\",\"@id\":\"https:\\\/\\\/www.sando.com\\\/en\\\/actualidad\\\/sando-executes-metrocentro-sevilla-nervion-civil-works\",\"url\":\"https:\\\/\\\/www.sando.com\\\/en\\\/actualidad\\\/sando-executes-metrocentro-sevilla-nervion-civil-works\",\"name\":\"Sando: Obra Civil Metrocentro Sevilla a Nervi\u00f3n\",\"isPartOf\":{\"@id\":\"https:\\\/\\\/www.sando.com\\\/en#website\"},\"primaryImageOfPage\":{\"@id\":\"https:\\\/\\\/www.sando.com\\\/en\\\/actualidad\\\/sando-executes-metrocentro-sevilla-nervion-civil-works#primaryimage\"},\"image\":{\"@id\":\"https:\\\/\\\/www.sando.com\\\/en\\\/actualidad\\\/sando-executes-metrocentro-sevilla-nervion-civil-works#primaryimage\"},\"thumbnailUrl\":\"https:\\\/\\\/www.sando.com\\\/contenido\\\/subidas\\\/2022\\\/09\\\/metrocentrosevilla.jpg\",\"datePublished\":\"2022-09-16T09:41:29+00:00\",\"dateModified\":\"2024-10-29T10:39:23+00:00\",\"description\":\"Sando lidera la obra civil del Metrocentro de Sevilla hasta Nervi\u00f3n, mejorando la movilidad y conectividad en la ciudad. Descubre m\u00e1s.\",\"breadcrumb\":{\"@id\":\"https:\\\/\\\/www.sando.com\\\/en\\\/actualidad\\\/sando-executes-metrocentro-sevilla-nervion-civil-works#breadcrumb\"},\"inLanguage\":\"en-US\",\"potentialAction\":[{\"@type\":\"ReadAction\",\"target\":[\"https:\\\/\\\/www.sando.com\\\/en\\\/actualidad\\\/sando-executes-metrocentro-sevilla-nervion-civil-works\"]}]},{\"@type\":\"ImageObject\",\"inLanguage\":\"en-US\",\"@id\":\"https:\\\/\\\/www.sando.com\\\/en\\\/actualidad\\\/sando-executes-metrocentro-sevilla-nervion-civil-works#primaryimage\",\"url\":\"https:\\\/\\\/www.sando.com\\\/contenido\\\/subidas\\\/2022\\\/09\\\/metrocentrosevilla.jpg\",\"contentUrl\":\"https:\\\/\\\/www.sando.com\\\/contenido\\\/subidas\\\/2022\\\/09\\\/metrocentrosevilla.jpg\",\"width\":1200,\"height\":800,\"caption\":\"Sando Construcci\u00f3n est\u00e1 realizando en UTE la primera fase de ampliaci\u00f3n del Metrocentro de Sevilla. Un proyecto adjudicado por el Ayuntamiento de Sevilla por 14,9 millones de euros y que prolonga la actual l\u00ednea de Metro Ligero de desde la Estaci\u00f3n de San Bernardo hasta la zona de Nervi\u00f3n.\u00a0\"},{\"@type\":\"BreadcrumbList\",\"@id\":\"https:\\\/\\\/www.sando.com\\\/en\\\/actualidad\\\/sando-executes-metrocentro-sevilla-nervion-civil-works#breadcrumb\",\"itemListElement\":[{\"@type\":\"ListItem\",\"position\":1,\"name\":\"Portada\",\"item\":\"https:\\\/\\\/www.sando.com\\\/en\"},{\"@type\":\"ListItem\",\"position\":2,\"name\":\"Sando executes the civil works for Metrocentro from Seville to Nervi\u00f3n\"}]},{\"@type\":\"WebSite\",\"@id\":\"https:\\\/\\\/www.sando.com\\\/en#website\",\"url\":\"https:\\\/\\\/www.sando.com\\\/en\",\"name\":\"Sando\",\"description\":\"\",\"publisher\":{\"@id\":\"https:\\\/\\\/www.sando.com\\\/en#organization\"},\"potentialAction\":[{\"@type\":\"SearchAction\",\"target\":{\"@type\":\"EntryPoint\",\"urlTemplate\":\"https:\\\/\\\/www.sando.com\\\/en?s={search_term_string}\"},\"query-input\":{\"@type\":\"PropertyValueSpecification\",\"valueRequired\":true,\"valueName\":\"search_term_string\"}}],\"inLanguage\":\"en-US\"},{\"@type\":\"Organization\",\"@id\":\"https:\\\/\\\/www.sando.com\\\/en#organization\",\"name\":\"Sando\",\"url\":\"https:\\\/\\\/www.sando.com\\\/en\",\"logo\":{\"@type\":\"ImageObject\",\"inLanguage\":\"en-US\",\"@id\":\"https:\\\/\\\/www.sando.com\\\/en#\\\/schema\\\/logo\\\/image\\\/\",\"url\":\"\",\"contentUrl\":\"\",\"caption\":\"Sando\"},\"image\":{\"@id\":\"https:\\\/\\\/www.sando.com\\\/en#\\\/schema\\\/logo\\\/image\\\/\"}},{\"@type\":\"Person\",\"@id\":\"https:\\\/\\\/www.sando.com\\\/en#\\\/schema\\\/person\\\/632d5c2fe5027989411732e84a37e6c1\",\"name\":\"Juanje Juanje\",\"image\":{\"@type\":\"ImageObject\",\"inLanguage\":\"en-US\",\"@id\":\"https:\\\/\\\/secure.gravatar.com\\\/avatar\\\/c3e6022bd9f917c76ed8e8b6871d1ffbb4e91e491e7ef61fe483473b62660729?s=96&d=mm&r=g\",\"url\":\"https:\\\/\\\/secure.gravatar.com\\\/avatar\\\/c3e6022bd9f917c76ed8e8b6871d1ffbb4e91e491e7ef61fe483473b62660729?s=96&d=mm&r=g\",\"contentUrl\":\"https:\\\/\\\/secure.gravatar.com\\\/avatar\\\/c3e6022bd9f917c76ed8e8b6871d1ffbb4e91e491e7ef61fe483473b62660729?s=96&d=mm&r=g\",\"caption\":\"Juanje Juanje\"}}]}<\/script>\n<!-- \/ Yoast SEO plugin. -->","yoast_head_json":{"title":"Sando: Obra Civil Metrocentro Sevilla a Nervi\u00f3n","description":"Sando lidera la obra civil del Metrocentro de Sevilla hasta Nervi\u00f3n, mejorando la movilidad y conectividad en la ciudad. Descubre m\u00e1s.","robots":{"index":"index","follow":"follow","max-snippet":"max-snippet:-1","max-image-preview":"max-image-preview:large","max-video-preview":"max-video-preview:-1"},"canonical":"https:\/\/www.sando.com\/en\/actualidad\/sando-executes-metrocentro-sevilla-nervion-civil-works","og_locale":"en_US","og_type":"article","og_title":"Sando: Obra Civil Metrocentro Sevilla a Nervi\u00f3n","og_description":"Sando lidera la obra civil del Metrocentro de Sevilla hasta Nervi\u00f3n, mejorando la movilidad y conectividad en la ciudad. Descubre m\u00e1s.","og_url":"https:\/\/www.sando.com\/en\/actualidad\/sando-executes-metrocentro-sevilla-nervion-civil-works","og_site_name":"Sando","article_published_time":"2022-09-16T09:41:29+00:00","article_modified_time":"2024-10-29T10:39:23+00:00","og_image":[{"width":1200,"height":800,"url":"https:\/\/www.sando.com\/contenido\/subidas\/2022\/09\/metrocentrosevilla.jpg","type":"image\/jpeg"}],"author":"Juanje Juanje","twitter_card":"summary_large_image","twitter_misc":{"Written by":"Juanje Juanje","Est. reading time":"2 minutes"},"schema":{"@context":"https:\/\/schema.org","@graph":[{"@type":"Article","@id":"https:\/\/www.sando.com\/en\/actualidad\/sando-executes-metrocentro-sevilla-nervion-civil-works#article","isPartOf":{"@id":"https:\/\/www.sando.com\/en\/actualidad\/sando-executes-metrocentro-sevilla-nervion-civil-works"},"author":{"name":"Juanje Juanje","@id":"https:\/\/www.sando.com\/en#\/schema\/person\/632d5c2fe5027989411732e84a37e6c1"},"headline":"Sando executes the civil works for Metrocentro from Seville to Nervi\u00f3n","datePublished":"2022-09-16T09:41:29+00:00","dateModified":"2024-10-29T10:39:23+00:00","mainEntityOfPage":{"@id":"https:\/\/www.sando.com\/en\/actualidad\/sando-executes-metrocentro-sevilla-nervion-civil-works"},"wordCount":242,"publisher":{"@id":"https:\/\/www.sando.com\/en#organization"},"image":{"@id":"https:\/\/www.sando.com\/en\/actualidad\/sando-executes-metrocentro-sevilla-nervion-civil-works#primaryimage"},"thumbnailUrl":"https:\/\/www.sando.com\/contenido\/subidas\/2022\/09\/metrocentrosevilla.jpg","keywords":["ferroviario","Infrastructures","metro","Obra Civil"],"articleSection":["Blog-EN","Communication"],"inLanguage":"en-US"},{"@type":"WebPage","@id":"https:\/\/www.sando.com\/en\/actualidad\/sando-executes-metrocentro-sevilla-nervion-civil-works","url":"https:\/\/www.sando.com\/en\/actualidad\/sando-executes-metrocentro-sevilla-nervion-civil-works","name":"Sando: Obra Civil Metrocentro Sevilla a Nervi\u00f3n","isPartOf":{"@id":"https:\/\/www.sando.com\/en#website"},"primaryImageOfPage":{"@id":"https:\/\/www.sando.com\/en\/actualidad\/sando-executes-metrocentro-sevilla-nervion-civil-works#primaryimage"},"image":{"@id":"https:\/\/www.sando.com\/en\/actualidad\/sando-executes-metrocentro-sevilla-nervion-civil-works#primaryimage"},"thumbnailUrl":"https:\/\/www.sando.com\/contenido\/subidas\/2022\/09\/metrocentrosevilla.jpg","datePublished":"2022-09-16T09:41:29+00:00","dateModified":"2024-10-29T10:39:23+00:00","description":"Sando lidera la obra civil del Metrocentro de Sevilla hasta Nervi\u00f3n, mejorando la movilidad y conectividad en la ciudad. Descubre m\u00e1s.","breadcrumb":{"@id":"https:\/\/www.sando.com\/en\/actualidad\/sando-executes-metrocentro-sevilla-nervion-civil-works#breadcrumb"},"inLanguage":"en-US","potentialAction":[{"@type":"ReadAction","target":["https:\/\/www.sando.com\/en\/actualidad\/sando-executes-metrocentro-sevilla-nervion-civil-works"]}]},{"@type":"ImageObject","inLanguage":"en-US","@id":"https:\/\/www.sando.com\/en\/actualidad\/sando-executes-metrocentro-sevilla-nervion-civil-works#primaryimage","url":"https:\/\/www.sando.com\/contenido\/subidas\/2022\/09\/metrocentrosevilla.jpg","contentUrl":"https:\/\/www.sando.com\/contenido\/subidas\/2022\/09\/metrocentrosevilla.jpg","width":1200,"height":800,"caption":"Sando Construcci\u00f3n est\u00e1 realizando en UTE la primera fase de ampliaci\u00f3n del Metrocentro de Sevilla. Un proyecto adjudicado por el Ayuntamiento de Sevilla por 14,9 millones de euros y que prolonga la actual l\u00ednea de Metro Ligero de desde la Estaci\u00f3n de San Bernardo hasta la zona de Nervi\u00f3n.\u00a0"},{"@type":"BreadcrumbList","@id":"https:\/\/www.sando.com\/en\/actualidad\/sando-executes-metrocentro-sevilla-nervion-civil-works#breadcrumb","itemListElement":[{"@type":"ListItem","position":1,"name":"Portada","item":"https:\/\/www.sando.com\/en"},{"@type":"ListItem","position":2,"name":"Sando executes the civil works for Metrocentro from Seville to Nervi\u00f3n"}]},{"@type":"WebSite","@id":"https:\/\/www.sando.com\/en#website","url":"https:\/\/www.sando.com\/en","name":"Sando","description":"","publisher":{"@id":"https:\/\/www.sando.com\/en#organization"},"potentialAction":[{"@type":"SearchAction","target":{"@type":"EntryPoint","urlTemplate":"https:\/\/www.sando.com\/en?s={search_term_string}"},"query-input":{"@type":"PropertyValueSpecification","valueRequired":true,"valueName":"search_term_string"}}],"inLanguage":"en-US"},{"@type":"Organization","@id":"https:\/\/www.sando.com\/en#organization","name":"Sando","url":"https:\/\/www.sando.com\/en","logo":{"@type":"ImageObject","inLanguage":"en-US","@id":"https:\/\/www.sando.com\/en#\/schema\/logo\/image\/","url":"","contentUrl":"","caption":"Sando"},"image":{"@id":"https:\/\/www.sando.com\/en#\/schema\/logo\/image\/"}},{"@type":"Person","@id":"https:\/\/www.sando.com\/en#\/schema\/person\/632d5c2fe5027989411732e84a37e6c1","name":"Juanje Juanje","image":{"@type":"ImageObject","inLanguage":"en-US","@id":"https:\/\/secure.gravatar.com\/avatar\/c3e6022bd9f917c76ed8e8b6871d1ffbb4e91e491e7ef61fe483473b62660729?s=96&d=mm&r=g","url":"https:\/\/secure.gravatar.com\/avatar\/c3e6022bd9f917c76ed8e8b6871d1ffbb4e91e491e7ef61fe483473b62660729?s=96&d=mm&r=g","contentUrl":"https:\/\/secure.gravatar.com\/avatar\/c3e6022bd9f917c76ed8e8b6871d1ffbb4e91e491e7ef61fe483473b62660729?s=96&d=mm&r=g","caption":"Juanje Juanje"}}]}},"_links":{"self":[{"href":"https:\/\/www.sando.com\/en\/wp-json\/wp\/v2\/posts\/21245","targetHints":{"allow":["GET"]}}],"collection":[{"href":"https:\/\/www.sando.com\/en\/wp-json\/wp\/v2\/posts"}],"about":[{"href":"https:\/\/www.sando.com\/en\/wp-json\/wp\/v2\/types\/post"}],"author":[{"embeddable":true,"href":"https:\/\/www.sando.com\/en\/wp-json\/wp\/v2\/users\/2"}],"replies":[{"embeddable":true,"href":"https:\/\/www.sando.com\/en\/wp-json\/wp\/v2\/comments?post=21245"}],"version-history":[{"count":0,"href":"https:\/\/www.sando.com\/en\/wp-json\/wp\/v2\/posts\/21245\/revisions"}],"wp:featuredmedia":[{"embeddable":true,"href":"https:\/\/www.sando.com\/en\/wp-json\/wp\/v2\/media\/21573"}],"wp:attachment":[{"href":"https:\/\/www.sando.com\/en\/wp-json\/wp\/v2\/media?parent=21245"}],"wp:term":[{"taxonomy":"category","embeddable":true,"href":"https:\/\/www.sando.com\/en\/wp-json\/wp\/v2\/categories?post=21245"},{"taxonomy":"post_tag","embeddable":true,"href":"https:\/\/www.sando.com\/en\/wp-json\/wp\/v2\/tags?post=21245"},{"taxonomy":"tax_brand","embeddable":true,"href":"https:\/\/www.sando.com\/en\/wp-json\/wp\/v2\/tax_brand?post=21245"},{"taxonomy":"tax_services","embeddable":true,"href":"https:\/\/www.sando.com\/en\/wp-json\/wp\/v2\/tax_services?post=21245"},{"taxonomy":"tax_location","embeddable":true,"href":"https:\/\/www.sando.com\/en\/wp-json\/wp\/v2\/tax_location?post=21245"}],"curies":[{"name":"wp","href":"https:\/\/api.w.org\/{rel}","templated":true}]}}