{"id":21248,"date":"2022-11-11T10:52:43","date_gmt":"2022-11-11T10:52:43","guid":{"rendered":"https:\/\/sando.com\/actualidad\/sando-begins-connection-wwtp-rincon-de-la-victoria"},"modified":"2024-10-29T10:39:25","modified_gmt":"2024-10-29T10:39:25","slug":"sando-begins-connection-wwtp-rincon-de-la-victoria","status":"publish","type":"post","link":"https:\/\/www.sando.com\/en\/actualidad\/sando-begins-connection-wwtp-rincon-de-la-victoria","title":{"rendered":"The Regional Minister of Agriculture lays the foundation stone for the connection works of the Rinc\u00f3n de la Victoria WWTP to be carried out by Sando"},"content":{"rendered":"<p><span data-contrast=\"none\">The Regional Minister of<a href=\"https:\/\/www.juntadeandalucia.es\/organismos\/agriculturapescaaguaydesarrollorural.html\" target=\"_blank\" rel=\"noopener\"> Agriculture, Fisheries, Water and Rural Developmen<\/a>t, Carmen Crespo, has participated in the laying of the first stone of the emergency works for the connection of the tertiary treatment of the Wastewater Treatment Plant (WWTP) of Rinc\u00f3n de la Victoria (M\u00e1laga) with the irrigated lands of Sector 8 of the Guaro Plan. A hydraulic project<\/span><span data-contrast=\"auto\"> of the <\/span><span data-contrast=\"none\">General Directorate of Water Infrastructures of the Regional Ministry of Agriculture, Fisheries, Water and Rural Development, divided into three sections<\/span><span data-contrast=\"auto\">.<\/span><span data-contrast=\"none\"> Sando will execute the first of these.<\/span><span data-ccp-props=\"{&quot;134233118&quot;:true,&quot;201341983&quot;:0,&quot;335551550&quot;:6,&quot;335551620&quot;:6,&quot;335559739&quot;:160,&quot;335559740&quot;:240}\">\u00a0<\/span><\/p>\n<p><span data-contrast=\"none\">During the ceremony, which was also attended by the President of the <a href=\"https:\/\/www.malaga.es\/\" target=\"_blank\" rel=\"noopener\">M\u00e1laga Provincial Council<\/a> and Mayor of Rinc\u00f3n de la Victoria, Francisco Salado, and the Secretary General of Water, Ramiro Angulo, the Councillor explained the dimensions of the project. The complete connection involves the installation of around 10 km of pipelines for the farmers of the Axarqu\u00eda between Rinc\u00f3n de la Victoria and V\u00e9lez M\u00e1laga.<\/span><span data-ccp-props=\"{&quot;134233118&quot;:true,&quot;201341983&quot;:0,&quot;335551550&quot;:6,&quot;335551620&quot;:6,&quot;335559739&quot;:160,&quot;335559740&quot;:240}\">\u00a0<\/span><\/p>\n<h3>Rinc\u00f3n de la Victoria WWTP<\/h3>\n<p><span data-contrast=\"none\">Sando will install 2,135 metres of 600-millimetre diameter cast iron pipes in this infrastructure. The work will start at the Rinc\u00f3n de la Victoria wastewater pumping station and go to the vicinity of the Chilches housing estate. Along the route, Sando will use three pits to make the pipelines that will run under the main <a href=\"\/en\/specialisations\/transport-infrastructure\/transport-and-mobility\/roads\" title=\"We build and renovate highways, freeways and roads\" target=\"_blank\">Roads<\/a> along the way.\u00a0<\/span><span data-ccp-props=\"{&quot;134233118&quot;:true,&quot;201341983&quot;:0,&quot;335551550&quot;:6,&quot;335551620&quot;:6,&quot;335559739&quot;:160,&quot;335559740&quot;:240}\">\u00a0<\/span><\/p>\n<p><span data-contrast=\"none\">The project envisages the construction of a new water supply infrastructure. Sando will build a water pumping station equipped with three pumps and the necessary benches for future extensions.\u00a0<\/span><span data-ccp-props=\"{&quot;134233118&quot;:true,&quot;201341983&quot;:0,&quot;335551550&quot;:6,&quot;335551620&quot;:6,&quot;335559739&quot;:160,&quot;335559740&quot;:240}\">\u00a0<\/span><\/p>\n<p><span data-contrast=\"none\">As a company specialising in hydraulic and <a href=\"https:\/\/www.sando.com\/en\/industrial-and-logistics\/\" target=\"_blank\" rel=\"noopener\">industrial<\/a> infrastructures, Sando will also implement the station&#8217;s equipment, starting with the electrical connection and transformation centre, as well as the remote control and remote monitoring systems.\u00a0<\/span><span data-ccp-props=\"{&quot;134233118&quot;:true,&quot;201341983&quot;:0,&quot;335551550&quot;:6,&quot;335551620&quot;:6,&quot;335559739&quot;:160,&quot;335559740&quot;:240}\">\u00a0<\/span><\/p>\n","protected":false},"excerpt":{"rendered":"The Regional Minister of Agriculture, Fisheries, Water and Rural Development, Carmen Crespo, has participated in the laying of the first stone of the emergency works for the connection of the tertiary treatment of the Wastewater Treatment Plant (WWTP) of Rinc\u00f3n de la Victoria (M\u00e1laga) with the irrigated lands of Sector 8 of the Guaro Plan&#8230;. <a class=\"view-article\" href=\"https:\/\/www.sando.com\/en\/reemplazos\/conacon-sando\">View Article<\/a>","protected":false},"author":2,"featured_media":21580,"comment_status":"closed","ping_status":"closed","sticky":false,"template":"","format":"standard","meta":{"_acf_changed":false,"footnotes":""},"categories":[980,979],"tags":[988,1270,997],"tax_brand":[],"tax_services":[],"tax_location":[],"class_list":["post-21248","post","type-post","status-publish","format-standard","has-post-thumbnail","hentry","category-comunicacion-comunicacion-en","category-communication","tag-construccion","tag-hidraulico","tag-infrastructures"],"acf":[],"yoast_head":"<!-- This site is optimized with the Yoast SEO plugin v27.4 - https:\/\/yoast.com\/product\/yoast-seo-wordpress\/ -->\n<title>Primera piedra de la EDAR en Rinc\u00f3n de la Victoria<\/title>\n<meta name=\"description\" content=\"La consejera de Agricultura inicia las obras de la EDAR en Rinc\u00f3n de la Victoria, un proyecto clave para el desarrollo sostenible de la regi\u00f3n.\" \/>\n<meta name=\"robots\" content=\"index, follow, max-snippet:-1, max-image-preview:large, max-video-preview:-1\" \/>\n<link rel=\"canonical\" href=\"https:\/\/www.sando.com\/en\/actualidad\/sando-begins-connection-wwtp-rincon-de-la-victoria\" \/>\n<meta property=\"og:locale\" content=\"en_US\" \/>\n<meta property=\"og:type\" content=\"article\" \/>\n<meta property=\"og:title\" content=\"Primera piedra de la EDAR en Rinc\u00f3n de la Victoria\" \/>\n<meta property=\"og:description\" content=\"La consejera de Agricultura inicia las obras de la EDAR en Rinc\u00f3n de la Victoria, un proyecto clave para el desarrollo sostenible de la regi\u00f3n.\" \/>\n<meta property=\"og:url\" content=\"https:\/\/www.sando.com\/en\/actualidad\/sando-begins-connection-wwtp-rincon-de-la-victoria\" \/>\n<meta property=\"og:site_name\" content=\"Sando\" \/>\n<meta property=\"article:published_time\" content=\"2022-11-11T10:52:43+00:00\" \/>\n<meta property=\"article:modified_time\" content=\"2024-10-29T10:39:25+00:00\" \/>\n<meta property=\"og:image\" content=\"https:\/\/www.sando.com\/contenido\/subidas\/2022\/11\/ebar-rincon-de-la-victoria.jpg\" \/>\n\t<meta property=\"og:image:width\" content=\"1200\" \/>\n\t<meta property=\"og:image:height\" content=\"800\" \/>\n\t<meta property=\"og:image:type\" content=\"image\/jpeg\" \/>\n<meta name=\"author\" content=\"Juanje Juanje\" \/>\n<meta name=\"twitter:card\" content=\"summary_large_image\" \/>\n<meta name=\"twitter:label1\" content=\"Written by\" \/>\n\t<meta name=\"twitter:data1\" content=\"Juanje Juanje\" \/>\n\t<meta name=\"twitter:label2\" content=\"Est. reading time\" \/>\n\t<meta name=\"twitter:data2\" content=\"2 minutes\" \/>\n<script type=\"application\/ld+json\" class=\"yoast-schema-graph\">{\"@context\":\"https:\\\/\\\/schema.org\",\"@graph\":[{\"@type\":\"Article\",\"@id\":\"https:\\\/\\\/www.sando.com\\\/en\\\/actualidad\\\/sando-begins-connection-wwtp-rincon-de-la-victoria#article\",\"isPartOf\":{\"@id\":\"https:\\\/\\\/www.sando.com\\\/en\\\/actualidad\\\/sando-begins-connection-wwtp-rincon-de-la-victoria\"},\"author\":{\"name\":\"Juanje Juanje\",\"@id\":\"https:\\\/\\\/www.sando.com\\\/en#\\\/schema\\\/person\\\/632d5c2fe5027989411732e84a37e6c1\"},\"headline\":\"The Regional Minister of Agriculture lays the foundation stone for the connection works of the Rinc\u00f3n de la Victoria WWTP to be carried out by Sando\",\"datePublished\":\"2022-11-11T10:52:43+00:00\",\"dateModified\":\"2024-10-29T10:39:25+00:00\",\"mainEntityOfPage\":{\"@id\":\"https:\\\/\\\/www.sando.com\\\/en\\\/actualidad\\\/sando-begins-connection-wwtp-rincon-de-la-victoria\"},\"wordCount\":315,\"publisher\":{\"@id\":\"https:\\\/\\\/www.sando.com\\\/en#organization\"},\"image\":{\"@id\":\"https:\\\/\\\/www.sando.com\\\/en\\\/actualidad\\\/sando-begins-connection-wwtp-rincon-de-la-victoria#primaryimage\"},\"thumbnailUrl\":\"https:\\\/\\\/www.sando.com\\\/contenido\\\/subidas\\\/2022\\\/11\\\/ebar-rincon-de-la-victoria.jpg\",\"keywords\":[\"Construcci\u00f3n\",\"hidr\u00e1ulico\",\"Infrastructures\"],\"articleSection\":[\"Blog-EN\",\"Communication\"],\"inLanguage\":\"en-US\"},{\"@type\":\"WebPage\",\"@id\":\"https:\\\/\\\/www.sando.com\\\/en\\\/actualidad\\\/sando-begins-connection-wwtp-rincon-de-la-victoria\",\"url\":\"https:\\\/\\\/www.sando.com\\\/en\\\/actualidad\\\/sando-begins-connection-wwtp-rincon-de-la-victoria\",\"name\":\"Primera piedra de la EDAR en Rinc\u00f3n de la Victoria\",\"isPartOf\":{\"@id\":\"https:\\\/\\\/www.sando.com\\\/en#website\"},\"primaryImageOfPage\":{\"@id\":\"https:\\\/\\\/www.sando.com\\\/en\\\/actualidad\\\/sando-begins-connection-wwtp-rincon-de-la-victoria#primaryimage\"},\"image\":{\"@id\":\"https:\\\/\\\/www.sando.com\\\/en\\\/actualidad\\\/sando-begins-connection-wwtp-rincon-de-la-victoria#primaryimage\"},\"thumbnailUrl\":\"https:\\\/\\\/www.sando.com\\\/contenido\\\/subidas\\\/2022\\\/11\\\/ebar-rincon-de-la-victoria.jpg\",\"datePublished\":\"2022-11-11T10:52:43+00:00\",\"dateModified\":\"2024-10-29T10:39:25+00:00\",\"description\":\"La consejera de Agricultura inicia las obras de la EDAR en Rinc\u00f3n de la Victoria, un proyecto clave para el desarrollo sostenible de la regi\u00f3n.\",\"breadcrumb\":{\"@id\":\"https:\\\/\\\/www.sando.com\\\/en\\\/actualidad\\\/sando-begins-connection-wwtp-rincon-de-la-victoria#breadcrumb\"},\"inLanguage\":\"en-US\",\"potentialAction\":[{\"@type\":\"ReadAction\",\"target\":[\"https:\\\/\\\/www.sando.com\\\/en\\\/actualidad\\\/sando-begins-connection-wwtp-rincon-de-la-victoria\"]}]},{\"@type\":\"ImageObject\",\"inLanguage\":\"en-US\",\"@id\":\"https:\\\/\\\/www.sando.com\\\/en\\\/actualidad\\\/sando-begins-connection-wwtp-rincon-de-la-victoria#primaryimage\",\"url\":\"https:\\\/\\\/www.sando.com\\\/contenido\\\/subidas\\\/2022\\\/11\\\/ebar-rincon-de-la-victoria.jpg\",\"contentUrl\":\"https:\\\/\\\/www.sando.com\\\/contenido\\\/subidas\\\/2022\\\/11\\\/ebar-rincon-de-la-victoria.jpg\",\"width\":1200,\"height\":800,\"caption\":\"primera piedra de las obras de emergencia de la conexi\u00f3n del tratamiento terciario de la Estaci\u00f3n Depuradora de Aguas Residuales (EDAR) de Rinc\u00f3n de la Victoria (M\u00e1laga) con los regad\u00edos del Sector 8 del Plan Guaro.\"},{\"@type\":\"BreadcrumbList\",\"@id\":\"https:\\\/\\\/www.sando.com\\\/en\\\/actualidad\\\/sando-begins-connection-wwtp-rincon-de-la-victoria#breadcrumb\",\"itemListElement\":[{\"@type\":\"ListItem\",\"position\":1,\"name\":\"Portada\",\"item\":\"https:\\\/\\\/www.sando.com\\\/en\"},{\"@type\":\"ListItem\",\"position\":2,\"name\":\"The Regional Minister of Agriculture lays the foundation stone for the connection works of the Rinc\u00f3n de la Victoria WWTP to be carried out by Sando\"}]},{\"@type\":\"WebSite\",\"@id\":\"https:\\\/\\\/www.sando.com\\\/en#website\",\"url\":\"https:\\\/\\\/www.sando.com\\\/en\",\"name\":\"Sando\",\"description\":\"\",\"publisher\":{\"@id\":\"https:\\\/\\\/www.sando.com\\\/en#organization\"},\"potentialAction\":[{\"@type\":\"SearchAction\",\"target\":{\"@type\":\"EntryPoint\",\"urlTemplate\":\"https:\\\/\\\/www.sando.com\\\/en?s={search_term_string}\"},\"query-input\":{\"@type\":\"PropertyValueSpecification\",\"valueRequired\":true,\"valueName\":\"search_term_string\"}}],\"inLanguage\":\"en-US\"},{\"@type\":\"Organization\",\"@id\":\"https:\\\/\\\/www.sando.com\\\/en#organization\",\"name\":\"Sando\",\"url\":\"https:\\\/\\\/www.sando.com\\\/en\",\"logo\":{\"@type\":\"ImageObject\",\"inLanguage\":\"en-US\",\"@id\":\"https:\\\/\\\/www.sando.com\\\/en#\\\/schema\\\/logo\\\/image\\\/\",\"url\":\"\",\"contentUrl\":\"\",\"caption\":\"Sando\"},\"image\":{\"@id\":\"https:\\\/\\\/www.sando.com\\\/en#\\\/schema\\\/logo\\\/image\\\/\"}},{\"@type\":\"Person\",\"@id\":\"https:\\\/\\\/www.sando.com\\\/en#\\\/schema\\\/person\\\/632d5c2fe5027989411732e84a37e6c1\",\"name\":\"Juanje Juanje\",\"image\":{\"@type\":\"ImageObject\",\"inLanguage\":\"en-US\",\"@id\":\"https:\\\/\\\/secure.gravatar.com\\\/avatar\\\/c3e6022bd9f917c76ed8e8b6871d1ffbb4e91e491e7ef61fe483473b62660729?s=96&d=mm&r=g\",\"url\":\"https:\\\/\\\/secure.gravatar.com\\\/avatar\\\/c3e6022bd9f917c76ed8e8b6871d1ffbb4e91e491e7ef61fe483473b62660729?s=96&d=mm&r=g\",\"contentUrl\":\"https:\\\/\\\/secure.gravatar.com\\\/avatar\\\/c3e6022bd9f917c76ed8e8b6871d1ffbb4e91e491e7ef61fe483473b62660729?s=96&d=mm&r=g\",\"caption\":\"Juanje Juanje\"}}]}<\/script>\n<!-- \/ Yoast SEO plugin. -->","yoast_head_json":{"title":"Primera piedra de la EDAR en Rinc\u00f3n de la Victoria","description":"La consejera de Agricultura inicia las obras de la EDAR en Rinc\u00f3n de la Victoria, un proyecto clave para el desarrollo sostenible de la regi\u00f3n.","robots":{"index":"index","follow":"follow","max-snippet":"max-snippet:-1","max-image-preview":"max-image-preview:large","max-video-preview":"max-video-preview:-1"},"canonical":"https:\/\/www.sando.com\/en\/actualidad\/sando-begins-connection-wwtp-rincon-de-la-victoria","og_locale":"en_US","og_type":"article","og_title":"Primera piedra de la EDAR en Rinc\u00f3n de la Victoria","og_description":"La consejera de Agricultura inicia las obras de la EDAR en Rinc\u00f3n de la Victoria, un proyecto clave para el desarrollo sostenible de la regi\u00f3n.","og_url":"https:\/\/www.sando.com\/en\/actualidad\/sando-begins-connection-wwtp-rincon-de-la-victoria","og_site_name":"Sando","article_published_time":"2022-11-11T10:52:43+00:00","article_modified_time":"2024-10-29T10:39:25+00:00","og_image":[{"width":1200,"height":800,"url":"https:\/\/www.sando.com\/contenido\/subidas\/2022\/11\/ebar-rincon-de-la-victoria.jpg","type":"image\/jpeg"}],"author":"Juanje Juanje","twitter_card":"summary_large_image","twitter_misc":{"Written by":"Juanje Juanje","Est. reading time":"2 minutes"},"schema":{"@context":"https:\/\/schema.org","@graph":[{"@type":"Article","@id":"https:\/\/www.sando.com\/en\/actualidad\/sando-begins-connection-wwtp-rincon-de-la-victoria#article","isPartOf":{"@id":"https:\/\/www.sando.com\/en\/actualidad\/sando-begins-connection-wwtp-rincon-de-la-victoria"},"author":{"name":"Juanje Juanje","@id":"https:\/\/www.sando.com\/en#\/schema\/person\/632d5c2fe5027989411732e84a37e6c1"},"headline":"The Regional Minister of Agriculture lays the foundation stone for the connection works of the Rinc\u00f3n de la Victoria WWTP to be carried out by Sando","datePublished":"2022-11-11T10:52:43+00:00","dateModified":"2024-10-29T10:39:25+00:00","mainEntityOfPage":{"@id":"https:\/\/www.sando.com\/en\/actualidad\/sando-begins-connection-wwtp-rincon-de-la-victoria"},"wordCount":315,"publisher":{"@id":"https:\/\/www.sando.com\/en#organization"},"image":{"@id":"https:\/\/www.sando.com\/en\/actualidad\/sando-begins-connection-wwtp-rincon-de-la-victoria#primaryimage"},"thumbnailUrl":"https:\/\/www.sando.com\/contenido\/subidas\/2022\/11\/ebar-rincon-de-la-victoria.jpg","keywords":["Construcci\u00f3n","hidr\u00e1ulico","Infrastructures"],"articleSection":["Blog-EN","Communication"],"inLanguage":"en-US"},{"@type":"WebPage","@id":"https:\/\/www.sando.com\/en\/actualidad\/sando-begins-connection-wwtp-rincon-de-la-victoria","url":"https:\/\/www.sando.com\/en\/actualidad\/sando-begins-connection-wwtp-rincon-de-la-victoria","name":"Primera piedra de la EDAR en Rinc\u00f3n de la Victoria","isPartOf":{"@id":"https:\/\/www.sando.com\/en#website"},"primaryImageOfPage":{"@id":"https:\/\/www.sando.com\/en\/actualidad\/sando-begins-connection-wwtp-rincon-de-la-victoria#primaryimage"},"image":{"@id":"https:\/\/www.sando.com\/en\/actualidad\/sando-begins-connection-wwtp-rincon-de-la-victoria#primaryimage"},"thumbnailUrl":"https:\/\/www.sando.com\/contenido\/subidas\/2022\/11\/ebar-rincon-de-la-victoria.jpg","datePublished":"2022-11-11T10:52:43+00:00","dateModified":"2024-10-29T10:39:25+00:00","description":"La consejera de Agricultura inicia las obras de la EDAR en Rinc\u00f3n de la Victoria, un proyecto clave para el desarrollo sostenible de la regi\u00f3n.","breadcrumb":{"@id":"https:\/\/www.sando.com\/en\/actualidad\/sando-begins-connection-wwtp-rincon-de-la-victoria#breadcrumb"},"inLanguage":"en-US","potentialAction":[{"@type":"ReadAction","target":["https:\/\/www.sando.com\/en\/actualidad\/sando-begins-connection-wwtp-rincon-de-la-victoria"]}]},{"@type":"ImageObject","inLanguage":"en-US","@id":"https:\/\/www.sando.com\/en\/actualidad\/sando-begins-connection-wwtp-rincon-de-la-victoria#primaryimage","url":"https:\/\/www.sando.com\/contenido\/subidas\/2022\/11\/ebar-rincon-de-la-victoria.jpg","contentUrl":"https:\/\/www.sando.com\/contenido\/subidas\/2022\/11\/ebar-rincon-de-la-victoria.jpg","width":1200,"height":800,"caption":"primera piedra de las obras de emergencia de la conexi\u00f3n del tratamiento terciario de la Estaci\u00f3n Depuradora de Aguas Residuales (EDAR) de Rinc\u00f3n de la Victoria (M\u00e1laga) con los regad\u00edos del Sector 8 del Plan Guaro."},{"@type":"BreadcrumbList","@id":"https:\/\/www.sando.com\/en\/actualidad\/sando-begins-connection-wwtp-rincon-de-la-victoria#breadcrumb","itemListElement":[{"@type":"ListItem","position":1,"name":"Portada","item":"https:\/\/www.sando.com\/en"},{"@type":"ListItem","position":2,"name":"The Regional Minister of Agriculture lays the foundation stone for the connection works of the Rinc\u00f3n de la Victoria WWTP to be carried out by Sando"}]},{"@type":"WebSite","@id":"https:\/\/www.sando.com\/en#website","url":"https:\/\/www.sando.com\/en","name":"Sando","description":"","publisher":{"@id":"https:\/\/www.sando.com\/en#organization"},"potentialAction":[{"@type":"SearchAction","target":{"@type":"EntryPoint","urlTemplate":"https:\/\/www.sando.com\/en?s={search_term_string}"},"query-input":{"@type":"PropertyValueSpecification","valueRequired":true,"valueName":"search_term_string"}}],"inLanguage":"en-US"},{"@type":"Organization","@id":"https:\/\/www.sando.com\/en#organization","name":"Sando","url":"https:\/\/www.sando.com\/en","logo":{"@type":"ImageObject","inLanguage":"en-US","@id":"https:\/\/www.sando.com\/en#\/schema\/logo\/image\/","url":"","contentUrl":"","caption":"Sando"},"image":{"@id":"https:\/\/www.sando.com\/en#\/schema\/logo\/image\/"}},{"@type":"Person","@id":"https:\/\/www.sando.com\/en#\/schema\/person\/632d5c2fe5027989411732e84a37e6c1","name":"Juanje Juanje","image":{"@type":"ImageObject","inLanguage":"en-US","@id":"https:\/\/secure.gravatar.com\/avatar\/c3e6022bd9f917c76ed8e8b6871d1ffbb4e91e491e7ef61fe483473b62660729?s=96&d=mm&r=g","url":"https:\/\/secure.gravatar.com\/avatar\/c3e6022bd9f917c76ed8e8b6871d1ffbb4e91e491e7ef61fe483473b62660729?s=96&d=mm&r=g","contentUrl":"https:\/\/secure.gravatar.com\/avatar\/c3e6022bd9f917c76ed8e8b6871d1ffbb4e91e491e7ef61fe483473b62660729?s=96&d=mm&r=g","caption":"Juanje Juanje"}}]}},"_links":{"self":[{"href":"https:\/\/www.sando.com\/en\/wp-json\/wp\/v2\/posts\/21248","targetHints":{"allow":["GET"]}}],"collection":[{"href":"https:\/\/www.sando.com\/en\/wp-json\/wp\/v2\/posts"}],"about":[{"href":"https:\/\/www.sando.com\/en\/wp-json\/wp\/v2\/types\/post"}],"author":[{"embeddable":true,"href":"https:\/\/www.sando.com\/en\/wp-json\/wp\/v2\/users\/2"}],"replies":[{"embeddable":true,"href":"https:\/\/www.sando.com\/en\/wp-json\/wp\/v2\/comments?post=21248"}],"version-history":[{"count":0,"href":"https:\/\/www.sando.com\/en\/wp-json\/wp\/v2\/posts\/21248\/revisions"}],"wp:featuredmedia":[{"embeddable":true,"href":"https:\/\/www.sando.com\/en\/wp-json\/wp\/v2\/media\/21580"}],"wp:attachment":[{"href":"https:\/\/www.sando.com\/en\/wp-json\/wp\/v2\/media?parent=21248"}],"wp:term":[{"taxonomy":"category","embeddable":true,"href":"https:\/\/www.sando.com\/en\/wp-json\/wp\/v2\/categories?post=21248"},{"taxonomy":"post_tag","embeddable":true,"href":"https:\/\/www.sando.com\/en\/wp-json\/wp\/v2\/tags?post=21248"},{"taxonomy":"tax_brand","embeddable":true,"href":"https:\/\/www.sando.com\/en\/wp-json\/wp\/v2\/tax_brand?post=21248"},{"taxonomy":"tax_services","embeddable":true,"href":"https:\/\/www.sando.com\/en\/wp-json\/wp\/v2\/tax_services?post=21248"},{"taxonomy":"tax_location","embeddable":true,"href":"https:\/\/www.sando.com\/en\/wp-json\/wp\/v2\/tax_location?post=21248"}],"curies":[{"name":"wp","href":"https:\/\/api.w.org\/{rel}","templated":true}]}}