{"id":21250,"date":"2022-10-07T12:17:58","date_gmt":"2022-10-07T12:17:58","guid":{"rendered":"https:\/\/sando.com\/actualidad\/sando-a-68-gallur-mallen"},"modified":"2024-10-29T10:39:24","modified_gmt":"2024-10-29T10:39:24","slug":"sando-a-68-gallur-mallen","status":"publish","type":"post","link":"https:\/\/www.sando.com\/en\/actualidad\/sando-a-68-gallur-mallen","title":{"rendered":"The Ministry of Transport inaugurates 10 km of the Gallur-Mall\u00e9n section of the A-68 dual carriageway built by Sando"},"content":{"rendered":"<p><span data-contrast=\"auto\">The Ministry of Transport, Mobility and Urban Agenda (<a href=\"https:\/\/www.mitma.gob.es\/\" target=\"_blank\" rel=\"noopener\">Mitma<\/a>) has commissioned 10 kilometres of the Gallur-Mall\u00e9n section of the A-68 dual carriageway in the province of Zaragoza. A project awarded to Sando in a joint venture.\u00a0<\/span><span data-ccp-props=\"{&quot;201341983&quot;:0,&quot;335551550&quot;:6,&quot;335551620&quot;:6,&quot;335559739&quot;:160,&quot;335559740&quot;:259}\">\u00a0<\/span><\/p>\n<p><span data-contrast=\"auto\">The Government Delegate attended the commissioning ceremony in Aragon, Rosa Mar\u00eda Serrano Sierra, and the Director General of Mitma <a href=\"\/en\/specialisations\/transport-infrastructure\/transport-and-mobility\/roads\" title=\"We build and renovate highways, freeways and roads\" target=\"_blank\">Roads<\/a>, Javier Herrero Lizano, among other personalities.<\/span><span data-ccp-props=\"{&quot;201341983&quot;:0,&quot;335551550&quot;:6,&quot;335551620&quot;:6,&quot;335559739&quot;:160,&quot;335559740&quot;:259}\">\u00a0<\/span><\/p>\n<p><span data-contrast=\"auto\">Mitma\u2019s has already invested 39 million euros in this section. It improves the safety and mobility of its users, <\/span><span data-contrast=\"none\">allowing them<\/span><span data-contrast=\"auto\"> to connect to different cities via a high-capacity road.<\/span><span data-ccp-props=\"{&quot;201341983&quot;:0,&quot;335551550&quot;:6,&quot;335551620&quot;:6,&quot;335559739&quot;:160,&quot;335559740&quot;:259}\">\u00a0<\/span><\/p>\n<h3><b><span data-contrast=\"auto\">Gallur-Mall\u00e9n section<\/span><\/b><span data-ccp-props=\"{&quot;201341983&quot;:0,&quot;335551550&quot;:6,&quot;335551620&quot;:6,&quot;335559739&quot;:160,&quot;335559740&quot;:259}\">\u00a0<\/span><\/h3>\n<p><span data-contrast=\"auto\">The Gallur-Mall\u00e9n section of the A-68 is a challenge for construction <\/span><span data-contrast=\"none\">companies,<\/span><span data-contrast=\"auto\"> since it <\/span><span data-contrast=\"none\">was<\/span><span data-contrast=\"auto\"> executed with the N-232 road in service. This road carries a high traffic volume of 11,000 vehicles per day, especially heavy goods vehicles.<\/span><span data-ccp-props=\"{&quot;201341983&quot;:0,&quot;335551550&quot;:6,&quot;335551620&quot;:6,&quot;335559739&quot;:160,&quot;335559740&quot;:259}\">\u00a0<\/span><\/p>\n<p><span data-contrast=\"auto\">This civil engineering project has two carriageways with two 3.50 m lanes, separated by a strict median, 1.50 m inner verges, and 2.50 m outer verges. Sando has built three subways and five overpasses that provide continuity, among other infrastructures, to the Lodosa Canal and three cattle tracks.<\/span><span data-ccp-props=\"{&quot;201341983&quot;:0,&quot;335551550&quot;:6,&quot;335551620&quot;:6,&quot;335559739&quot;:160,&quot;335559740&quot;:259}\">\u00a0<\/span><\/p>\n<p><span data-contrast=\"auto\">The environmental <a href=\"https:\/\/www.sando.com\/en\/sustainability\/\" target=\"_blank\" rel=\"noopener\">sustainability<\/a> measures, such as the revegetation of the slopes, the passes, gates, and escape ramps for fauna, and the installation of wooden palisades on the overpasses, are worthy of note.<\/span><span data-contrast=\"none\">\u00a0<\/span><span data-ccp-props=\"{&quot;201341983&quot;:0,&quot;335551550&quot;:6,&quot;335551620&quot;:6,&quot;335559739&quot;:160,&quot;335559740&quot;:259}\">\u00a0<\/span><\/p>\n","protected":false},"excerpt":{"rendered":"The Ministry of Transport, Mobility and Urban Agenda (Mitma) has commissioned 10 kilometres of the Gallur-Mall\u00e9n section of the A-68 dual carriageway in the province of Zaragoza. A project awarded to Sando in a joint venture.\u00a0\u00a0 The Government Delegate attended the commissioning ceremony in Aragon, Rosa Mar\u00eda Serrano Sierra, and the Director General of Mitma&#8230; <a class=\"view-article\" href=\"https:\/\/www.sando.com\/en\/reemplazos\/conacon-sando\">View Article<\/a>","protected":false},"author":2,"featured_media":21574,"comment_status":"closed","ping_status":"closed","sticky":false,"template":"","format":"standard","meta":{"_acf_changed":false,"footnotes":""},"categories":[980,979],"tags":[1266,991,997,1262],"tax_brand":[],"tax_services":[],"tax_location":[],"class_list":["post-21250","post","type-post","status-publish","format-standard","has-post-thumbnail","hentry","category-comunicacion-comunicacion-en","category-communication","tag-carretera","tag-construccion-sostenible","tag-infrastructures","tag-obra-civil"],"acf":[],"yoast_head":"<!-- This site is optimized with the Yoast SEO plugin v27.4 - https:\/\/yoast.com\/product\/yoast-seo-wordpress\/ -->\n<title>Inauguraci\u00f3n del tramo Gallur-Mall\u00e9n de la A-68 por Sando<\/title>\n<meta name=\"description\" content=\"Descubre la inauguraci\u00f3n del tramo Gallur-Mall\u00e9n de la A-68, una obra clave de Sando que mejora la conectividad y el transporte en la regi\u00f3n.\" \/>\n<meta name=\"robots\" content=\"index, follow, max-snippet:-1, max-image-preview:large, max-video-preview:-1\" \/>\n<link rel=\"canonical\" href=\"https:\/\/www.sando.com\/en\/actualidad\/sando-a-68-gallur-mallen\" \/>\n<meta property=\"og:locale\" content=\"en_US\" \/>\n<meta property=\"og:type\" content=\"article\" \/>\n<meta property=\"og:title\" content=\"Inauguraci\u00f3n del tramo Gallur-Mall\u00e9n de la A-68 por Sando\" \/>\n<meta property=\"og:description\" content=\"Descubre la inauguraci\u00f3n del tramo Gallur-Mall\u00e9n de la A-68, una obra clave de Sando que mejora la conectividad y el transporte en la regi\u00f3n.\" \/>\n<meta property=\"og:url\" content=\"https:\/\/www.sando.com\/en\/actualidad\/sando-a-68-gallur-mallen\" \/>\n<meta property=\"og:site_name\" content=\"Sando\" \/>\n<meta property=\"article:published_time\" content=\"2022-10-07T12:17:58+00:00\" \/>\n<meta property=\"article:modified_time\" content=\"2024-10-29T10:39:24+00:00\" \/>\n<meta property=\"og:image\" content=\"https:\/\/www.sando.com\/contenido\/subidas\/2022\/10\/gallur-mallen.jpg\" \/>\n\t<meta property=\"og:image:width\" content=\"1200\" \/>\n\t<meta property=\"og:image:height\" content=\"800\" \/>\n\t<meta property=\"og:image:type\" content=\"image\/jpeg\" \/>\n<meta name=\"author\" content=\"Juanje Juanje\" \/>\n<meta name=\"twitter:card\" content=\"summary_large_image\" \/>\n<meta name=\"twitter:label1\" content=\"Written by\" \/>\n\t<meta name=\"twitter:data1\" content=\"Juanje Juanje\" \/>\n\t<meta name=\"twitter:label2\" content=\"Est. reading time\" \/>\n\t<meta name=\"twitter:data2\" content=\"2 minutes\" \/>\n<script type=\"application\/ld+json\" class=\"yoast-schema-graph\">{\"@context\":\"https:\\\/\\\/schema.org\",\"@graph\":[{\"@type\":\"Article\",\"@id\":\"https:\\\/\\\/www.sando.com\\\/en\\\/actualidad\\\/sando-a-68-gallur-mallen#article\",\"isPartOf\":{\"@id\":\"https:\\\/\\\/www.sando.com\\\/en\\\/actualidad\\\/sando-a-68-gallur-mallen\"},\"author\":{\"name\":\"Juanje Juanje\",\"@id\":\"https:\\\/\\\/www.sando.com\\\/en#\\\/schema\\\/person\\\/632d5c2fe5027989411732e84a37e6c1\"},\"headline\":\"The Ministry of Transport inaugurates 10 km of the Gallur-Mall\u00e9n section of the A-68 dual carriageway built by Sando\",\"datePublished\":\"2022-10-07T12:17:58+00:00\",\"dateModified\":\"2024-10-29T10:39:24+00:00\",\"mainEntityOfPage\":{\"@id\":\"https:\\\/\\\/www.sando.com\\\/en\\\/actualidad\\\/sando-a-68-gallur-mallen\"},\"wordCount\":230,\"publisher\":{\"@id\":\"https:\\\/\\\/www.sando.com\\\/en#organization\"},\"image\":{\"@id\":\"https:\\\/\\\/www.sando.com\\\/en\\\/actualidad\\\/sando-a-68-gallur-mallen#primaryimage\"},\"thumbnailUrl\":\"https:\\\/\\\/www.sando.com\\\/contenido\\\/subidas\\\/2022\\\/10\\\/gallur-mallen.jpg\",\"keywords\":[\"carretera\",\"construcci\u00f3n sostenible\",\"Infrastructures\",\"Obra Civil\"],\"articleSection\":[\"Blog-EN\",\"Communication\"],\"inLanguage\":\"en-US\"},{\"@type\":\"WebPage\",\"@id\":\"https:\\\/\\\/www.sando.com\\\/en\\\/actualidad\\\/sando-a-68-gallur-mallen\",\"url\":\"https:\\\/\\\/www.sando.com\\\/en\\\/actualidad\\\/sando-a-68-gallur-mallen\",\"name\":\"Inauguraci\u00f3n del tramo Gallur-Mall\u00e9n de la A-68 por Sando\",\"isPartOf\":{\"@id\":\"https:\\\/\\\/www.sando.com\\\/en#website\"},\"primaryImageOfPage\":{\"@id\":\"https:\\\/\\\/www.sando.com\\\/en\\\/actualidad\\\/sando-a-68-gallur-mallen#primaryimage\"},\"image\":{\"@id\":\"https:\\\/\\\/www.sando.com\\\/en\\\/actualidad\\\/sando-a-68-gallur-mallen#primaryimage\"},\"thumbnailUrl\":\"https:\\\/\\\/www.sando.com\\\/contenido\\\/subidas\\\/2022\\\/10\\\/gallur-mallen.jpg\",\"datePublished\":\"2022-10-07T12:17:58+00:00\",\"dateModified\":\"2024-10-29T10:39:24+00:00\",\"description\":\"Descubre la inauguraci\u00f3n del tramo Gallur-Mall\u00e9n de la A-68, una obra clave de Sando que mejora la conectividad y el transporte en la regi\u00f3n.\",\"breadcrumb\":{\"@id\":\"https:\\\/\\\/www.sando.com\\\/en\\\/actualidad\\\/sando-a-68-gallur-mallen#breadcrumb\"},\"inLanguage\":\"en-US\",\"potentialAction\":[{\"@type\":\"ReadAction\",\"target\":[\"https:\\\/\\\/www.sando.com\\\/en\\\/actualidad\\\/sando-a-68-gallur-mallen\"]}]},{\"@type\":\"ImageObject\",\"inLanguage\":\"en-US\",\"@id\":\"https:\\\/\\\/www.sando.com\\\/en\\\/actualidad\\\/sando-a-68-gallur-mallen#primaryimage\",\"url\":\"https:\\\/\\\/www.sando.com\\\/contenido\\\/subidas\\\/2022\\\/10\\\/gallur-mallen.jpg\",\"contentUrl\":\"https:\\\/\\\/www.sando.com\\\/contenido\\\/subidas\\\/2022\\\/10\\\/gallur-mallen.jpg\",\"width\":1200,\"height\":800,\"caption\":\"El Ministerio de Transportes, Movilidad y Agenda Urbana (Mitma) ha puesto en servicio 10 kil\u00f3metros del tramo Gallur-Mall\u00e9n de la autov\u00eda A-68, en la provincia de Zaragoza. Un proyecto adjudicado a Sando en UTE.\u00a0\u00a0\"},{\"@type\":\"BreadcrumbList\",\"@id\":\"https:\\\/\\\/www.sando.com\\\/en\\\/actualidad\\\/sando-a-68-gallur-mallen#breadcrumb\",\"itemListElement\":[{\"@type\":\"ListItem\",\"position\":1,\"name\":\"Portada\",\"item\":\"https:\\\/\\\/www.sando.com\\\/en\"},{\"@type\":\"ListItem\",\"position\":2,\"name\":\"The Ministry of Transport inaugurates 10 km of the Gallur-Mall\u00e9n section of the A-68 dual carriageway built by Sando\"}]},{\"@type\":\"WebSite\",\"@id\":\"https:\\\/\\\/www.sando.com\\\/en#website\",\"url\":\"https:\\\/\\\/www.sando.com\\\/en\",\"name\":\"Sando\",\"description\":\"\",\"publisher\":{\"@id\":\"https:\\\/\\\/www.sando.com\\\/en#organization\"},\"potentialAction\":[{\"@type\":\"SearchAction\",\"target\":{\"@type\":\"EntryPoint\",\"urlTemplate\":\"https:\\\/\\\/www.sando.com\\\/en?s={search_term_string}\"},\"query-input\":{\"@type\":\"PropertyValueSpecification\",\"valueRequired\":true,\"valueName\":\"search_term_string\"}}],\"inLanguage\":\"en-US\"},{\"@type\":\"Organization\",\"@id\":\"https:\\\/\\\/www.sando.com\\\/en#organization\",\"name\":\"Sando\",\"url\":\"https:\\\/\\\/www.sando.com\\\/en\",\"logo\":{\"@type\":\"ImageObject\",\"inLanguage\":\"en-US\",\"@id\":\"https:\\\/\\\/www.sando.com\\\/en#\\\/schema\\\/logo\\\/image\\\/\",\"url\":\"\",\"contentUrl\":\"\",\"caption\":\"Sando\"},\"image\":{\"@id\":\"https:\\\/\\\/www.sando.com\\\/en#\\\/schema\\\/logo\\\/image\\\/\"}},{\"@type\":\"Person\",\"@id\":\"https:\\\/\\\/www.sando.com\\\/en#\\\/schema\\\/person\\\/632d5c2fe5027989411732e84a37e6c1\",\"name\":\"Juanje Juanje\",\"image\":{\"@type\":\"ImageObject\",\"inLanguage\":\"en-US\",\"@id\":\"https:\\\/\\\/secure.gravatar.com\\\/avatar\\\/c3e6022bd9f917c76ed8e8b6871d1ffbb4e91e491e7ef61fe483473b62660729?s=96&d=mm&r=g\",\"url\":\"https:\\\/\\\/secure.gravatar.com\\\/avatar\\\/c3e6022bd9f917c76ed8e8b6871d1ffbb4e91e491e7ef61fe483473b62660729?s=96&d=mm&r=g\",\"contentUrl\":\"https:\\\/\\\/secure.gravatar.com\\\/avatar\\\/c3e6022bd9f917c76ed8e8b6871d1ffbb4e91e491e7ef61fe483473b62660729?s=96&d=mm&r=g\",\"caption\":\"Juanje Juanje\"}}]}<\/script>\n<!-- \/ Yoast SEO plugin. -->","yoast_head_json":{"title":"Inauguraci\u00f3n del tramo Gallur-Mall\u00e9n de la A-68 por Sando","description":"Descubre la inauguraci\u00f3n del tramo Gallur-Mall\u00e9n de la A-68, una obra clave de Sando que mejora la conectividad y el transporte en la regi\u00f3n.","robots":{"index":"index","follow":"follow","max-snippet":"max-snippet:-1","max-image-preview":"max-image-preview:large","max-video-preview":"max-video-preview:-1"},"canonical":"https:\/\/www.sando.com\/en\/actualidad\/sando-a-68-gallur-mallen","og_locale":"en_US","og_type":"article","og_title":"Inauguraci\u00f3n del tramo Gallur-Mall\u00e9n de la A-68 por Sando","og_description":"Descubre la inauguraci\u00f3n del tramo Gallur-Mall\u00e9n de la A-68, una obra clave de Sando que mejora la conectividad y el transporte en la regi\u00f3n.","og_url":"https:\/\/www.sando.com\/en\/actualidad\/sando-a-68-gallur-mallen","og_site_name":"Sando","article_published_time":"2022-10-07T12:17:58+00:00","article_modified_time":"2024-10-29T10:39:24+00:00","og_image":[{"width":1200,"height":800,"url":"https:\/\/www.sando.com\/contenido\/subidas\/2022\/10\/gallur-mallen.jpg","type":"image\/jpeg"}],"author":"Juanje Juanje","twitter_card":"summary_large_image","twitter_misc":{"Written by":"Juanje Juanje","Est. reading time":"2 minutes"},"schema":{"@context":"https:\/\/schema.org","@graph":[{"@type":"Article","@id":"https:\/\/www.sando.com\/en\/actualidad\/sando-a-68-gallur-mallen#article","isPartOf":{"@id":"https:\/\/www.sando.com\/en\/actualidad\/sando-a-68-gallur-mallen"},"author":{"name":"Juanje Juanje","@id":"https:\/\/www.sando.com\/en#\/schema\/person\/632d5c2fe5027989411732e84a37e6c1"},"headline":"The Ministry of Transport inaugurates 10 km of the Gallur-Mall\u00e9n section of the A-68 dual carriageway built by Sando","datePublished":"2022-10-07T12:17:58+00:00","dateModified":"2024-10-29T10:39:24+00:00","mainEntityOfPage":{"@id":"https:\/\/www.sando.com\/en\/actualidad\/sando-a-68-gallur-mallen"},"wordCount":230,"publisher":{"@id":"https:\/\/www.sando.com\/en#organization"},"image":{"@id":"https:\/\/www.sando.com\/en\/actualidad\/sando-a-68-gallur-mallen#primaryimage"},"thumbnailUrl":"https:\/\/www.sando.com\/contenido\/subidas\/2022\/10\/gallur-mallen.jpg","keywords":["carretera","construcci\u00f3n sostenible","Infrastructures","Obra Civil"],"articleSection":["Blog-EN","Communication"],"inLanguage":"en-US"},{"@type":"WebPage","@id":"https:\/\/www.sando.com\/en\/actualidad\/sando-a-68-gallur-mallen","url":"https:\/\/www.sando.com\/en\/actualidad\/sando-a-68-gallur-mallen","name":"Inauguraci\u00f3n del tramo Gallur-Mall\u00e9n de la A-68 por Sando","isPartOf":{"@id":"https:\/\/www.sando.com\/en#website"},"primaryImageOfPage":{"@id":"https:\/\/www.sando.com\/en\/actualidad\/sando-a-68-gallur-mallen#primaryimage"},"image":{"@id":"https:\/\/www.sando.com\/en\/actualidad\/sando-a-68-gallur-mallen#primaryimage"},"thumbnailUrl":"https:\/\/www.sando.com\/contenido\/subidas\/2022\/10\/gallur-mallen.jpg","datePublished":"2022-10-07T12:17:58+00:00","dateModified":"2024-10-29T10:39:24+00:00","description":"Descubre la inauguraci\u00f3n del tramo Gallur-Mall\u00e9n de la A-68, una obra clave de Sando que mejora la conectividad y el transporte en la regi\u00f3n.","breadcrumb":{"@id":"https:\/\/www.sando.com\/en\/actualidad\/sando-a-68-gallur-mallen#breadcrumb"},"inLanguage":"en-US","potentialAction":[{"@type":"ReadAction","target":["https:\/\/www.sando.com\/en\/actualidad\/sando-a-68-gallur-mallen"]}]},{"@type":"ImageObject","inLanguage":"en-US","@id":"https:\/\/www.sando.com\/en\/actualidad\/sando-a-68-gallur-mallen#primaryimage","url":"https:\/\/www.sando.com\/contenido\/subidas\/2022\/10\/gallur-mallen.jpg","contentUrl":"https:\/\/www.sando.com\/contenido\/subidas\/2022\/10\/gallur-mallen.jpg","width":1200,"height":800,"caption":"El Ministerio de Transportes, Movilidad y Agenda Urbana (Mitma) ha puesto en servicio 10 kil\u00f3metros del tramo Gallur-Mall\u00e9n de la autov\u00eda A-68, en la provincia de Zaragoza. Un proyecto adjudicado a Sando en UTE.\u00a0\u00a0"},{"@type":"BreadcrumbList","@id":"https:\/\/www.sando.com\/en\/actualidad\/sando-a-68-gallur-mallen#breadcrumb","itemListElement":[{"@type":"ListItem","position":1,"name":"Portada","item":"https:\/\/www.sando.com\/en"},{"@type":"ListItem","position":2,"name":"The Ministry of Transport inaugurates 10 km of the Gallur-Mall\u00e9n section of the A-68 dual carriageway built by Sando"}]},{"@type":"WebSite","@id":"https:\/\/www.sando.com\/en#website","url":"https:\/\/www.sando.com\/en","name":"Sando","description":"","publisher":{"@id":"https:\/\/www.sando.com\/en#organization"},"potentialAction":[{"@type":"SearchAction","target":{"@type":"EntryPoint","urlTemplate":"https:\/\/www.sando.com\/en?s={search_term_string}"},"query-input":{"@type":"PropertyValueSpecification","valueRequired":true,"valueName":"search_term_string"}}],"inLanguage":"en-US"},{"@type":"Organization","@id":"https:\/\/www.sando.com\/en#organization","name":"Sando","url":"https:\/\/www.sando.com\/en","logo":{"@type":"ImageObject","inLanguage":"en-US","@id":"https:\/\/www.sando.com\/en#\/schema\/logo\/image\/","url":"","contentUrl":"","caption":"Sando"},"image":{"@id":"https:\/\/www.sando.com\/en#\/schema\/logo\/image\/"}},{"@type":"Person","@id":"https:\/\/www.sando.com\/en#\/schema\/person\/632d5c2fe5027989411732e84a37e6c1","name":"Juanje Juanje","image":{"@type":"ImageObject","inLanguage":"en-US","@id":"https:\/\/secure.gravatar.com\/avatar\/c3e6022bd9f917c76ed8e8b6871d1ffbb4e91e491e7ef61fe483473b62660729?s=96&d=mm&r=g","url":"https:\/\/secure.gravatar.com\/avatar\/c3e6022bd9f917c76ed8e8b6871d1ffbb4e91e491e7ef61fe483473b62660729?s=96&d=mm&r=g","contentUrl":"https:\/\/secure.gravatar.com\/avatar\/c3e6022bd9f917c76ed8e8b6871d1ffbb4e91e491e7ef61fe483473b62660729?s=96&d=mm&r=g","caption":"Juanje Juanje"}}]}},"_links":{"self":[{"href":"https:\/\/www.sando.com\/en\/wp-json\/wp\/v2\/posts\/21250","targetHints":{"allow":["GET"]}}],"collection":[{"href":"https:\/\/www.sando.com\/en\/wp-json\/wp\/v2\/posts"}],"about":[{"href":"https:\/\/www.sando.com\/en\/wp-json\/wp\/v2\/types\/post"}],"author":[{"embeddable":true,"href":"https:\/\/www.sando.com\/en\/wp-json\/wp\/v2\/users\/2"}],"replies":[{"embeddable":true,"href":"https:\/\/www.sando.com\/en\/wp-json\/wp\/v2\/comments?post=21250"}],"version-history":[{"count":0,"href":"https:\/\/www.sando.com\/en\/wp-json\/wp\/v2\/posts\/21250\/revisions"}],"wp:featuredmedia":[{"embeddable":true,"href":"https:\/\/www.sando.com\/en\/wp-json\/wp\/v2\/media\/21574"}],"wp:attachment":[{"href":"https:\/\/www.sando.com\/en\/wp-json\/wp\/v2\/media?parent=21250"}],"wp:term":[{"taxonomy":"category","embeddable":true,"href":"https:\/\/www.sando.com\/en\/wp-json\/wp\/v2\/categories?post=21250"},{"taxonomy":"post_tag","embeddable":true,"href":"https:\/\/www.sando.com\/en\/wp-json\/wp\/v2\/tags?post=21250"},{"taxonomy":"tax_brand","embeddable":true,"href":"https:\/\/www.sando.com\/en\/wp-json\/wp\/v2\/tax_brand?post=21250"},{"taxonomy":"tax_services","embeddable":true,"href":"https:\/\/www.sando.com\/en\/wp-json\/wp\/v2\/tax_services?post=21250"},{"taxonomy":"tax_location","embeddable":true,"href":"https:\/\/www.sando.com\/en\/wp-json\/wp\/v2\/tax_location?post=21250"}],"curies":[{"name":"wp","href":"https:\/\/api.w.org\/{rel}","templated":true}]}}