{"id":38465,"date":"2024-02-16T14:01:28","date_gmt":"2024-02-16T14:01:28","guid":{"rendered":"https:\/\/www.sando.com\/actualidad\/sando-foundation-for-the-protection-of-culture-trustees-of-the-malaga-foundation"},"modified":"2024-10-29T10:40:13","modified_gmt":"2024-10-29T10:40:13","slug":"fundacion-sando-for-the-protection-of-culture-trustees-of-the-malaga-foundation","status":"publish","type":"post","link":"https:\/\/www.sando.com\/en\/actualidad\/fundacion-sando-for-the-protection-of-culture-trustees-of-the-malaga-foundation","title":{"rendered":"Sando Fundaci\u00f3n for the protection of culture: trustees of the Malaga Foundation"},"content":{"rendered":"\n<p>At the Sando Fundaci\u00f3n, we face new challenges annually to continue maximising our contribution to society and establish strategic alliances with different public and private institutions offering social value proposals<\/p>\n\n<p>Our long-standing links with the <a href=\"https:\/\/fundacionmalaga.com\/\" target=\"_blank\" rel=\"noreferrer noopener\">Malaga Foundation<\/a> are worth highlighting among these synergies. For more than 22 years, a private non-profit institution has been dedicated to promoting research, social, environmental, heritage promotion, and cultural protection initiatives in the province of Malaga.<\/p>\n\n<p>The Sando Fundaci\u00f3n is the promoter of this foundation, following its commitment to contribute to Malaga\u2019s cultural development and the United Nations Sustainable Development Goal (SDG) 11 \u201cSustainable Cities and Communities\u201d. This commitment is part of the foundation\u2019s <a href=\"\/en\/sustainability\" title=\"Sustainable and efficient environmental solutions\" target=\"_blank\">Sustainability<\/a> strategy and other lines of action, such as developing projects to support research, social projects with vulnerable groups, and promoting social integration.<\/p>\n\n<p>The collaboration between the two entities allows the Sando Fundaci\u00f3n to put its knowledge at the service of the Fundaci\u00f3n M\u00e1laga and to support its management in favour of promoting and disseminating culture.<\/p>\n\n<h4 class=\"wp-block-heading\" id=\"h-la-fundacion-malaga-y-la-creacion-de-valor-para-la-poblacion-malaguena\"><strong>Fundaci\u00f3n M\u00e1laga and the creation of value for the people of Malaga<\/strong><\/h4>\n\n<p>The significant work carried out by the Malaga Foundation and its social impact in the province has been legitimised by the various awards granted by recognised organisations. These recognitions include: the <strong>Medal of Honour of the Royal Academy of Fine Arts<\/strong> of San Telmo in 2007, in \u201crecognition of his long career in benefit of the promotion of culture in Malaga\u201d; the <strong>Honourable Mention<\/strong> and public recognition by the Government Subdelegation in Malaga, during the celebration of the XXXIII anniversary of the Constitution; the <strong>Award of the Association of Andalusian Foundations (AFA)<\/strong> in the category of Culture in 2014; or the Phenik\u00e9 <strong>Star Award for Heritage Conservation Culture<\/strong> of the Zegr\u00ed Cultural Association in 2018.<\/p>\n\n<p>Likewise, in 2004, the <strong>Assembly of Andalusian Foundations<\/strong> appointed the Fundaci\u00f3n M\u00e1laga as a member of the Board of Directors, confirming its role as a culture promoter in the province of M\u00e1laga.<\/p>\n","protected":false},"excerpt":{"rendered":"At the Sando Fundaci\u00f3n, we face new challenges annually to continue maximising our contribution to society and establish strategic alliances with different public and private institutions offering social value proposals Our long-standing links with the Malaga Foundation are worth highlighting among these synergies. For more than 22 years, a private non-profit institution has been dedicated&#8230; <a class=\"view-article\" href=\"https:\/\/www.sando.com\/en\/reemplazos\/conacon-sando\">View Article<\/a>","protected":false},"author":10,"featured_media":33633,"comment_status":"closed","ping_status":"closed","sticky":false,"template":"","format":"standard","meta":{"_acf_changed":false,"footnotes":""},"categories":[980,1523,1522],"tags":[1516,1518,1517],"tax_brand":[],"tax_services":[],"tax_location":[],"class_list":["post-38465","post","type-post","status-publish","format-standard","has-post-thumbnail","hentry","category-comunicacion-comunicacion-en","category-corporate-social-responsibility","category-rse-en","tag-rsc-en-2","tag-rse-en-2","tag-social-responsibility"],"acf":[],"yoast_head":"<!-- This site is optimized with the Yoast SEO plugin v27.4 - https:\/\/yoast.com\/product\/yoast-seo-wordpress\/ -->\n<title>Sando Foundation: Protecting Culture in Malaga<\/title>\n<meta name=\"description\" content=\"Discover how the Sando Foundation safeguards cultural heritage in Malaga, promoting art, history, and community engagement for future generations.\" \/>\n<meta name=\"robots\" content=\"index, follow, max-snippet:-1, max-image-preview:large, max-video-preview:-1\" \/>\n<link rel=\"canonical\" href=\"https:\/\/www.sando.com\/en\/actualidad\/fundacion-sando-for-the-protection-of-culture-trustees-of-the-malaga-foundation\" \/>\n<meta property=\"og:locale\" content=\"en_US\" \/>\n<meta property=\"og:type\" content=\"article\" \/>\n<meta property=\"og:title\" content=\"Sando Foundation: Protecting Culture in Malaga\" \/>\n<meta property=\"og:description\" content=\"Discover how the Sando Foundation safeguards cultural heritage in Malaga, promoting art, history, and community engagement for future generations.\" \/>\n<meta property=\"og:url\" content=\"https:\/\/www.sando.com\/en\/actualidad\/fundacion-sando-for-the-protection-of-culture-trustees-of-the-malaga-foundation\" \/>\n<meta property=\"og:site_name\" content=\"Sando\" \/>\n<meta property=\"article:published_time\" content=\"2024-02-16T14:01:28+00:00\" \/>\n<meta property=\"article:modified_time\" content=\"2024-10-29T10:40:13+00:00\" \/>\n<meta property=\"og:image\" content=\"https:\/\/www.sando.com\/contenido\/subidas\/2024\/02\/fundacionmalaga2024.jpg\" \/>\n\t<meta property=\"og:image:width\" content=\"2200\" \/>\n\t<meta property=\"og:image:height\" content=\"1467\" \/>\n\t<meta property=\"og:image:type\" content=\"image\/jpeg\" \/>\n<meta name=\"author\" content=\"comunicacion\" \/>\n<meta name=\"twitter:card\" content=\"summary_large_image\" \/>\n<meta name=\"twitter:label1\" content=\"Written by\" \/>\n\t<meta name=\"twitter:data1\" content=\"comunicacion\" \/>\n\t<meta name=\"twitter:label2\" content=\"Est. reading time\" \/>\n\t<meta name=\"twitter:data2\" content=\"2 minutes\" \/>\n<script type=\"application\/ld+json\" class=\"yoast-schema-graph\">{\"@context\":\"https:\\\/\\\/schema.org\",\"@graph\":[{\"@type\":\"Article\",\"@id\":\"https:\\\/\\\/www.sando.com\\\/en\\\/actualidad\\\/fundacion-sando-for-the-protection-of-culture-trustees-of-the-malaga-foundation#article\",\"isPartOf\":{\"@id\":\"https:\\\/\\\/www.sando.com\\\/en\\\/actualidad\\\/fundacion-sando-for-the-protection-of-culture-trustees-of-the-malaga-foundation\"},\"author\":{\"name\":\"comunicacion\",\"@id\":\"https:\\\/\\\/www.sando.com\\\/en#\\\/schema\\\/person\\\/0b86ea22efc494c31456ec41062e4494\"},\"headline\":\"Sando Fundaci\u00f3n for the protection of culture: trustees of the Malaga Foundation\",\"datePublished\":\"2024-02-16T14:01:28+00:00\",\"dateModified\":\"2024-10-29T10:40:13+00:00\",\"mainEntityOfPage\":{\"@id\":\"https:\\\/\\\/www.sando.com\\\/en\\\/actualidad\\\/fundacion-sando-for-the-protection-of-culture-trustees-of-the-malaga-foundation\"},\"wordCount\":343,\"publisher\":{\"@id\":\"https:\\\/\\\/www.sando.com\\\/en#organization\"},\"image\":{\"@id\":\"https:\\\/\\\/www.sando.com\\\/en\\\/actualidad\\\/fundacion-sando-for-the-protection-of-culture-trustees-of-the-malaga-foundation#primaryimage\"},\"thumbnailUrl\":\"https:\\\/\\\/www.sando.com\\\/contenido\\\/subidas\\\/2024\\\/02\\\/fundacionmalaga2024.jpg\",\"keywords\":[\"CSR\",\"RSE\",\"Social Responsibility\"],\"articleSection\":[\"Blog-EN\",\"Corporate Social Responsibility\",\"RSE\"],\"inLanguage\":\"en-US\"},{\"@type\":\"WebPage\",\"@id\":\"https:\\\/\\\/www.sando.com\\\/en\\\/actualidad\\\/fundacion-sando-for-the-protection-of-culture-trustees-of-the-malaga-foundation\",\"url\":\"https:\\\/\\\/www.sando.com\\\/en\\\/actualidad\\\/fundacion-sando-for-the-protection-of-culture-trustees-of-the-malaga-foundation\",\"name\":\"Sando Foundation: Protecting Culture in Malaga\",\"isPartOf\":{\"@id\":\"https:\\\/\\\/www.sando.com\\\/en#website\"},\"primaryImageOfPage\":{\"@id\":\"https:\\\/\\\/www.sando.com\\\/en\\\/actualidad\\\/fundacion-sando-for-the-protection-of-culture-trustees-of-the-malaga-foundation#primaryimage\"},\"image\":{\"@id\":\"https:\\\/\\\/www.sando.com\\\/en\\\/actualidad\\\/fundacion-sando-for-the-protection-of-culture-trustees-of-the-malaga-foundation#primaryimage\"},\"thumbnailUrl\":\"https:\\\/\\\/www.sando.com\\\/contenido\\\/subidas\\\/2024\\\/02\\\/fundacionmalaga2024.jpg\",\"datePublished\":\"2024-02-16T14:01:28+00:00\",\"dateModified\":\"2024-10-29T10:40:13+00:00\",\"description\":\"Discover how the Sando Foundation safeguards cultural heritage in Malaga, promoting art, history, and community engagement for future generations.\",\"breadcrumb\":{\"@id\":\"https:\\\/\\\/www.sando.com\\\/en\\\/actualidad\\\/fundacion-sando-for-the-protection-of-culture-trustees-of-the-malaga-foundation#breadcrumb\"},\"inLanguage\":\"en-US\",\"potentialAction\":[{\"@type\":\"ReadAction\",\"target\":[\"https:\\\/\\\/www.sando.com\\\/en\\\/actualidad\\\/fundacion-sando-for-the-protection-of-culture-trustees-of-the-malaga-foundation\"]}]},{\"@type\":\"ImageObject\",\"inLanguage\":\"en-US\",\"@id\":\"https:\\\/\\\/www.sando.com\\\/en\\\/actualidad\\\/fundacion-sando-for-the-protection-of-culture-trustees-of-the-malaga-foundation#primaryimage\",\"url\":\"https:\\\/\\\/www.sando.com\\\/contenido\\\/subidas\\\/2024\\\/02\\\/fundacionmalaga2024.jpg\",\"contentUrl\":\"https:\\\/\\\/www.sando.com\\\/contenido\\\/subidas\\\/2024\\\/02\\\/fundacionmalaga2024.jpg\",\"width\":2200,\"height\":1467,\"caption\":\"La Fundaci\u00f3n Sando es promotora de la Fundaci\u00f3n M\u00e1laga en l\u00ednea con su estrategia de sostenibilidad para el desarrollo local.\"},{\"@type\":\"BreadcrumbList\",\"@id\":\"https:\\\/\\\/www.sando.com\\\/en\\\/actualidad\\\/fundacion-sando-for-the-protection-of-culture-trustees-of-the-malaga-foundation#breadcrumb\",\"itemListElement\":[{\"@type\":\"ListItem\",\"position\":1,\"name\":\"Portada\",\"item\":\"https:\\\/\\\/www.sando.com\\\/en\"},{\"@type\":\"ListItem\",\"position\":2,\"name\":\"Sando Fundaci\u00f3n for the protection of culture: trustees of the Malaga Foundation\"}]},{\"@type\":\"WebSite\",\"@id\":\"https:\\\/\\\/www.sando.com\\\/en#website\",\"url\":\"https:\\\/\\\/www.sando.com\\\/en\",\"name\":\"Sando\",\"description\":\"\",\"publisher\":{\"@id\":\"https:\\\/\\\/www.sando.com\\\/en#organization\"},\"potentialAction\":[{\"@type\":\"SearchAction\",\"target\":{\"@type\":\"EntryPoint\",\"urlTemplate\":\"https:\\\/\\\/www.sando.com\\\/en?s={search_term_string}\"},\"query-input\":{\"@type\":\"PropertyValueSpecification\",\"valueRequired\":true,\"valueName\":\"search_term_string\"}}],\"inLanguage\":\"en-US\"},{\"@type\":\"Organization\",\"@id\":\"https:\\\/\\\/www.sando.com\\\/en#organization\",\"name\":\"Sando\",\"url\":\"https:\\\/\\\/www.sando.com\\\/en\",\"logo\":{\"@type\":\"ImageObject\",\"inLanguage\":\"en-US\",\"@id\":\"https:\\\/\\\/www.sando.com\\\/en#\\\/schema\\\/logo\\\/image\\\/\",\"url\":\"\",\"contentUrl\":\"\",\"caption\":\"Sando\"},\"image\":{\"@id\":\"https:\\\/\\\/www.sando.com\\\/en#\\\/schema\\\/logo\\\/image\\\/\"}},{\"@type\":\"Person\",\"@id\":\"https:\\\/\\\/www.sando.com\\\/en#\\\/schema\\\/person\\\/0b86ea22efc494c31456ec41062e4494\",\"name\":\"comunicacion\",\"image\":{\"@type\":\"ImageObject\",\"inLanguage\":\"en-US\",\"@id\":\"https:\\\/\\\/secure.gravatar.com\\\/avatar\\\/6f5b529334b3e339acaa13871e661b7245eccc61793c76b1f30a540d50deab4e?s=96&d=mm&r=g\",\"url\":\"https:\\\/\\\/secure.gravatar.com\\\/avatar\\\/6f5b529334b3e339acaa13871e661b7245eccc61793c76b1f30a540d50deab4e?s=96&d=mm&r=g\",\"contentUrl\":\"https:\\\/\\\/secure.gravatar.com\\\/avatar\\\/6f5b529334b3e339acaa13871e661b7245eccc61793c76b1f30a540d50deab4e?s=96&d=mm&r=g\",\"caption\":\"comunicacion\"}}]}<\/script>\n<!-- \/ Yoast SEO plugin. -->","yoast_head_json":{"title":"Sando Foundation: Protecting Culture in Malaga","description":"Discover how the Sando Foundation safeguards cultural heritage in Malaga, promoting art, history, and community engagement for future generations.","robots":{"index":"index","follow":"follow","max-snippet":"max-snippet:-1","max-image-preview":"max-image-preview:large","max-video-preview":"max-video-preview:-1"},"canonical":"https:\/\/www.sando.com\/en\/actualidad\/fundacion-sando-for-the-protection-of-culture-trustees-of-the-malaga-foundation","og_locale":"en_US","og_type":"article","og_title":"Sando Foundation: Protecting Culture in Malaga","og_description":"Discover how the Sando Foundation safeguards cultural heritage in Malaga, promoting art, history, and community engagement for future generations.","og_url":"https:\/\/www.sando.com\/en\/actualidad\/fundacion-sando-for-the-protection-of-culture-trustees-of-the-malaga-foundation","og_site_name":"Sando","article_published_time":"2024-02-16T14:01:28+00:00","article_modified_time":"2024-10-29T10:40:13+00:00","og_image":[{"width":2200,"height":1467,"url":"https:\/\/www.sando.com\/contenido\/subidas\/2024\/02\/fundacionmalaga2024.jpg","type":"image\/jpeg"}],"author":"comunicacion","twitter_card":"summary_large_image","twitter_misc":{"Written by":"comunicacion","Est. reading time":"2 minutes"},"schema":{"@context":"https:\/\/schema.org","@graph":[{"@type":"Article","@id":"https:\/\/www.sando.com\/en\/actualidad\/fundacion-sando-for-the-protection-of-culture-trustees-of-the-malaga-foundation#article","isPartOf":{"@id":"https:\/\/www.sando.com\/en\/actualidad\/fundacion-sando-for-the-protection-of-culture-trustees-of-the-malaga-foundation"},"author":{"name":"comunicacion","@id":"https:\/\/www.sando.com\/en#\/schema\/person\/0b86ea22efc494c31456ec41062e4494"},"headline":"Sando Fundaci\u00f3n for the protection of culture: trustees of the Malaga Foundation","datePublished":"2024-02-16T14:01:28+00:00","dateModified":"2024-10-29T10:40:13+00:00","mainEntityOfPage":{"@id":"https:\/\/www.sando.com\/en\/actualidad\/fundacion-sando-for-the-protection-of-culture-trustees-of-the-malaga-foundation"},"wordCount":343,"publisher":{"@id":"https:\/\/www.sando.com\/en#organization"},"image":{"@id":"https:\/\/www.sando.com\/en\/actualidad\/fundacion-sando-for-the-protection-of-culture-trustees-of-the-malaga-foundation#primaryimage"},"thumbnailUrl":"https:\/\/www.sando.com\/contenido\/subidas\/2024\/02\/fundacionmalaga2024.jpg","keywords":["CSR","RSE","Social Responsibility"],"articleSection":["Blog-EN","Corporate Social Responsibility","RSE"],"inLanguage":"en-US"},{"@type":"WebPage","@id":"https:\/\/www.sando.com\/en\/actualidad\/fundacion-sando-for-the-protection-of-culture-trustees-of-the-malaga-foundation","url":"https:\/\/www.sando.com\/en\/actualidad\/fundacion-sando-for-the-protection-of-culture-trustees-of-the-malaga-foundation","name":"Sando Foundation: Protecting Culture in Malaga","isPartOf":{"@id":"https:\/\/www.sando.com\/en#website"},"primaryImageOfPage":{"@id":"https:\/\/www.sando.com\/en\/actualidad\/fundacion-sando-for-the-protection-of-culture-trustees-of-the-malaga-foundation#primaryimage"},"image":{"@id":"https:\/\/www.sando.com\/en\/actualidad\/fundacion-sando-for-the-protection-of-culture-trustees-of-the-malaga-foundation#primaryimage"},"thumbnailUrl":"https:\/\/www.sando.com\/contenido\/subidas\/2024\/02\/fundacionmalaga2024.jpg","datePublished":"2024-02-16T14:01:28+00:00","dateModified":"2024-10-29T10:40:13+00:00","description":"Discover how the Sando Foundation safeguards cultural heritage in Malaga, promoting art, history, and community engagement for future generations.","breadcrumb":{"@id":"https:\/\/www.sando.com\/en\/actualidad\/fundacion-sando-for-the-protection-of-culture-trustees-of-the-malaga-foundation#breadcrumb"},"inLanguage":"en-US","potentialAction":[{"@type":"ReadAction","target":["https:\/\/www.sando.com\/en\/actualidad\/fundacion-sando-for-the-protection-of-culture-trustees-of-the-malaga-foundation"]}]},{"@type":"ImageObject","inLanguage":"en-US","@id":"https:\/\/www.sando.com\/en\/actualidad\/fundacion-sando-for-the-protection-of-culture-trustees-of-the-malaga-foundation#primaryimage","url":"https:\/\/www.sando.com\/contenido\/subidas\/2024\/02\/fundacionmalaga2024.jpg","contentUrl":"https:\/\/www.sando.com\/contenido\/subidas\/2024\/02\/fundacionmalaga2024.jpg","width":2200,"height":1467,"caption":"La Fundaci\u00f3n Sando es promotora de la Fundaci\u00f3n M\u00e1laga en l\u00ednea con su estrategia de sostenibilidad para el desarrollo local."},{"@type":"BreadcrumbList","@id":"https:\/\/www.sando.com\/en\/actualidad\/fundacion-sando-for-the-protection-of-culture-trustees-of-the-malaga-foundation#breadcrumb","itemListElement":[{"@type":"ListItem","position":1,"name":"Portada","item":"https:\/\/www.sando.com\/en"},{"@type":"ListItem","position":2,"name":"Sando Fundaci\u00f3n for the protection of culture: trustees of the Malaga Foundation"}]},{"@type":"WebSite","@id":"https:\/\/www.sando.com\/en#website","url":"https:\/\/www.sando.com\/en","name":"Sando","description":"","publisher":{"@id":"https:\/\/www.sando.com\/en#organization"},"potentialAction":[{"@type":"SearchAction","target":{"@type":"EntryPoint","urlTemplate":"https:\/\/www.sando.com\/en?s={search_term_string}"},"query-input":{"@type":"PropertyValueSpecification","valueRequired":true,"valueName":"search_term_string"}}],"inLanguage":"en-US"},{"@type":"Organization","@id":"https:\/\/www.sando.com\/en#organization","name":"Sando","url":"https:\/\/www.sando.com\/en","logo":{"@type":"ImageObject","inLanguage":"en-US","@id":"https:\/\/www.sando.com\/en#\/schema\/logo\/image\/","url":"","contentUrl":"","caption":"Sando"},"image":{"@id":"https:\/\/www.sando.com\/en#\/schema\/logo\/image\/"}},{"@type":"Person","@id":"https:\/\/www.sando.com\/en#\/schema\/person\/0b86ea22efc494c31456ec41062e4494","name":"comunicacion","image":{"@type":"ImageObject","inLanguage":"en-US","@id":"https:\/\/secure.gravatar.com\/avatar\/6f5b529334b3e339acaa13871e661b7245eccc61793c76b1f30a540d50deab4e?s=96&d=mm&r=g","url":"https:\/\/secure.gravatar.com\/avatar\/6f5b529334b3e339acaa13871e661b7245eccc61793c76b1f30a540d50deab4e?s=96&d=mm&r=g","contentUrl":"https:\/\/secure.gravatar.com\/avatar\/6f5b529334b3e339acaa13871e661b7245eccc61793c76b1f30a540d50deab4e?s=96&d=mm&r=g","caption":"comunicacion"}}]}},"_links":{"self":[{"href":"https:\/\/www.sando.com\/en\/wp-json\/wp\/v2\/posts\/38465","targetHints":{"allow":["GET"]}}],"collection":[{"href":"https:\/\/www.sando.com\/en\/wp-json\/wp\/v2\/posts"}],"about":[{"href":"https:\/\/www.sando.com\/en\/wp-json\/wp\/v2\/types\/post"}],"author":[{"embeddable":true,"href":"https:\/\/www.sando.com\/en\/wp-json\/wp\/v2\/users\/10"}],"replies":[{"embeddable":true,"href":"https:\/\/www.sando.com\/en\/wp-json\/wp\/v2\/comments?post=38465"}],"version-history":[{"count":0,"href":"https:\/\/www.sando.com\/en\/wp-json\/wp\/v2\/posts\/38465\/revisions"}],"wp:featuredmedia":[{"embeddable":true,"href":"https:\/\/www.sando.com\/en\/wp-json\/wp\/v2\/media\/33633"}],"wp:attachment":[{"href":"https:\/\/www.sando.com\/en\/wp-json\/wp\/v2\/media?parent=38465"}],"wp:term":[{"taxonomy":"category","embeddable":true,"href":"https:\/\/www.sando.com\/en\/wp-json\/wp\/v2\/categories?post=38465"},{"taxonomy":"post_tag","embeddable":true,"href":"https:\/\/www.sando.com\/en\/wp-json\/wp\/v2\/tags?post=38465"},{"taxonomy":"tax_brand","embeddable":true,"href":"https:\/\/www.sando.com\/en\/wp-json\/wp\/v2\/tax_brand?post=38465"},{"taxonomy":"tax_services","embeddable":true,"href":"https:\/\/www.sando.com\/en\/wp-json\/wp\/v2\/tax_services?post=38465"},{"taxonomy":"tax_location","embeddable":true,"href":"https:\/\/www.sando.com\/en\/wp-json\/wp\/v2\/tax_location?post=38465"}],"curies":[{"name":"wp","href":"https:\/\/api.w.org\/{rel}","templated":true}]}}