{"id":38539,"date":"2024-02-29T08:34:00","date_gmt":"2024-02-29T08:34:00","guid":{"rendered":"https:\/\/www.sando.com\/actualidad\/the-andalusian-regional-government-awards-the-andalusian-medal-of-economy-and-business-to-sandos-founder-jose-luis-sanchez-dominguez"},"modified":"2025-10-07T14:39:55","modified_gmt":"2025-10-07T14:39:55","slug":"the-andalusian-regional-government-awards-the-andalusian-medal-of-economy-and-business-to-sandos-founder-jose-luis-sanchez-dominguez","status":"publish","type":"post","link":"https:\/\/www.sando.com\/en\/actualidad\/the-andalusian-regional-government-awards-the-andalusian-medal-of-economy-and-business-to-sandos-founder-jose-luis-sanchez-dominguez","title":{"rendered":"The Andalusian Regional Government awards the Andalusian Medal of Economy and Business to Sando\u2019s founder, Jos\u00e9 Luis S\u00e1nchez Dom\u00ednguez"},"content":{"rendered":"\n<p>The Governing Council of the <a href=\"https:\/\/www.juntadeandalucia.es\/\" target=\"_blank\" rel=\"noreferrer noopener\">Andalusian Regional Government<\/a>, chaired by Juanma Moreno, has awarded Jos\u00e9 Luis S\u00e1nchez Dom\u00ednguez, Honorary President and founder of Sando, the Andalusian Medal of Economy and Enterprise. <\/p>\n\n<p>The award was collected at the <a href=\"https:\/\/youtu.be\/kJ22QN9DH9A?list=PLlHRX2pVCKjFrx_PMemAwok1-VGbiOKYX\" target=\"_blank\" rel=\"noreferrer noopener\">official Andalusia Day ceremony<\/a>, which took place at the Teatro de la Maestranza in Seville, along with other personalities such as Mar\u00eda P\u00e9rez Garc\u00eda and Sarah Almagro (Andalusia Medals for Sport); the Andalusian Platform for Volunteers Juan y Medio (Andalusia Medals for Solidarity and Concord) and the National Police Force and the Andalusia Red Cross (Andalusia Medals for Human Values), among others. <\/p>\n\n<p>This medal recognizes the professional career of Sando&#8217;s founder and is awarded in the year that marks the 50th anniversary of its creation. <\/p>\n\n<h2 class=\"wp-block-heading\" id=\"h-el-proyecto-de-sando-nbsp\"><strong>The Sando project<\/strong> <\/h2>\n\n<p>Jos\u00e9 Luis S\u00e1nchez Dom\u00ednguez (Malaga, 1938) embarked on his entrepreneurial journey in 1974 with the founding of Construcciones S\u00e1nchez Dom\u00ednguez, the first company of the Sando Group. Over the course of half a century, this company has evolved into one of Spain\u2019s most important construction companies, setting the standard for executing sustainable infrastructures and specialised conservation and environmental services. With a dedicated team of over 2,300 people and an annual turnover of approximately 300 million euros, Sando is a testament to the power of vision and perseverance. <\/p>\n\n<p>Upon receiving this prestigious recognition, Jos\u00e9 Luis S\u00e1nchez Dom\u00ednguez expressed his gratitude to the Andalusian Government, saying, <em>\u201cIf you have an entrepreneurial mindset, you aspire to build a company of significant impact. As I reflect on my career, I am filled with a sense of contentment and gratitude for what I have achieved. This recognition is one of the greatest honours of my life.\u201d <\/em> <\/p>\n\n<p>The award of the Andalusian Medal for the Economy and Business to Sando\u2019s founder endorses the value creation that the company is achieving for society. Implementing strategic projects has driven the country\u2019s economic and social growth and development over the last 50 years, as well as significant infrastructures and services. These actions have been developed under the highest standards of <a href=\"\/en\/sustainability\" title=\"Sustainable and efficient environmental solutions\" target=\"_blank\">Sustainability<\/a> and excellence, under Sando\u2019s commitment to sustainable development and the United Nations 2030 Agenda. <\/p>\n\n<p><\/p>\n","protected":false},"excerpt":{"rendered":"The Governing Council of the Andalusian Regional Government, chaired by Juanma Moreno, has awarded Jos\u00e9 Luis S\u00e1nchez Dom\u00ednguez, Honorary President and founder of Sando, the Andalusian Medal of Economy and Enterprise. The award was collected at the official Andalusia Day ceremony, which took place at the Teatro de la Maestranza in Seville, along with other&#8230; <a class=\"view-article\" href=\"https:\/\/www.sando.com\/en\/reemplazos\/conacon-sando\">View Article<\/a>","protected":false},"author":10,"featured_media":35876,"comment_status":"closed","ping_status":"closed","sticky":false,"template":"","format":"standard","meta":{"_acf_changed":false,"footnotes":""},"categories":[980,1523,1522],"tags":[1516,1807,1518,1517],"tax_brand":[],"tax_services":[],"tax_location":[],"class_list":["post-38539","post","type-post","status-publish","format-standard","has-post-thumbnail","hentry","category-comunicacion-comunicacion-en","category-corporate-social-responsibility","category-rse-en","tag-rsc-en-2","tag-good-practices-en","tag-rse-en-2","tag-social-responsibility"],"acf":[],"yoast_head":"<!-- This site is optimized with the Yoast SEO plugin v27.4 - https:\/\/yoast.com\/product\/yoast-seo-wordpress\/ -->\n<title>Sando Founder Jos\u00e9 Luis S\u00e1nchez Receives Andalusian Medal<\/title>\n<meta name=\"description\" content=\"Discover how Sando&#039;s founder, Jos\u00e9 Luis S\u00e1nchez Dom\u00ednguez, was honored with the Andalusian Medal of Economy and Business for his contributions.\" \/>\n<meta name=\"robots\" content=\"index, follow, max-snippet:-1, max-image-preview:large, max-video-preview:-1\" \/>\n<link rel=\"canonical\" href=\"https:\/\/www.sando.com\/en\/actualidad\/the-andalusian-regional-government-awards-the-andalusian-medal-of-economy-and-business-to-sandos-founder-jose-luis-sanchez-dominguez\" \/>\n<meta property=\"og:locale\" content=\"en_US\" \/>\n<meta property=\"og:type\" content=\"article\" \/>\n<meta property=\"og:title\" content=\"Sando Founder Jos\u00e9 Luis S\u00e1nchez Receives Andalusian Medal\" \/>\n<meta property=\"og:description\" content=\"Discover how Sando&#039;s founder, Jos\u00e9 Luis S\u00e1nchez Dom\u00ednguez, was honored with the Andalusian Medal of Economy and Business for his contributions.\" \/>\n<meta property=\"og:url\" content=\"https:\/\/www.sando.com\/en\/actualidad\/the-andalusian-regional-government-awards-the-andalusian-medal-of-economy-and-business-to-sandos-founder-jose-luis-sanchez-dominguez\" \/>\n<meta property=\"og:site_name\" content=\"Sando\" \/>\n<meta property=\"article:published_time\" content=\"2024-02-29T08:34:00+00:00\" \/>\n<meta property=\"article:modified_time\" content=\"2025-10-07T14:39:55+00:00\" \/>\n<meta property=\"og:image\" content=\"https:\/\/www.sando.com\/contenido\/subidas\/2024\/04\/medalla-andalucia-jose-luis.jpg\" \/>\n\t<meta property=\"og:image:width\" content=\"1200\" \/>\n\t<meta property=\"og:image:height\" content=\"800\" \/>\n\t<meta property=\"og:image:type\" content=\"image\/jpeg\" \/>\n<meta name=\"author\" content=\"comunicacion\" \/>\n<meta name=\"twitter:card\" content=\"summary_large_image\" \/>\n<meta name=\"twitter:label1\" content=\"Written by\" \/>\n\t<meta name=\"twitter:data1\" content=\"comunicacion\" \/>\n\t<meta name=\"twitter:label2\" content=\"Est. reading time\" \/>\n\t<meta name=\"twitter:data2\" content=\"2 minutes\" \/>\n<script type=\"application\/ld+json\" class=\"yoast-schema-graph\">{\"@context\":\"https:\\\/\\\/schema.org\",\"@graph\":[{\"@type\":\"Article\",\"@id\":\"https:\\\/\\\/www.sando.com\\\/en\\\/actualidad\\\/the-andalusian-regional-government-awards-the-andalusian-medal-of-economy-and-business-to-sandos-founder-jose-luis-sanchez-dominguez#article\",\"isPartOf\":{\"@id\":\"https:\\\/\\\/www.sando.com\\\/en\\\/actualidad\\\/the-andalusian-regional-government-awards-the-andalusian-medal-of-economy-and-business-to-sandos-founder-jose-luis-sanchez-dominguez\"},\"author\":{\"name\":\"comunicacion\",\"@id\":\"https:\\\/\\\/www.sando.com\\\/en#\\\/schema\\\/person\\\/0b86ea22efc494c31456ec41062e4494\"},\"headline\":\"The Andalusian Regional Government awards the Andalusian Medal of Economy and Business to Sando\u2019s founder, Jos\u00e9 Luis S\u00e1nchez Dom\u00ednguez\",\"datePublished\":\"2024-02-29T08:34:00+00:00\",\"dateModified\":\"2025-10-07T14:39:55+00:00\",\"mainEntityOfPage\":{\"@id\":\"https:\\\/\\\/www.sando.com\\\/en\\\/actualidad\\\/the-andalusian-regional-government-awards-the-andalusian-medal-of-economy-and-business-to-sandos-founder-jose-luis-sanchez-dominguez\"},\"wordCount\":383,\"publisher\":{\"@id\":\"https:\\\/\\\/www.sando.com\\\/en#organization\"},\"image\":{\"@id\":\"https:\\\/\\\/www.sando.com\\\/en\\\/actualidad\\\/the-andalusian-regional-government-awards-the-andalusian-medal-of-economy-and-business-to-sandos-founder-jose-luis-sanchez-dominguez#primaryimage\"},\"thumbnailUrl\":\"https:\\\/\\\/www.sando.com\\\/contenido\\\/subidas\\\/2024\\\/04\\\/medalla-andalucia-jose-luis.jpg\",\"keywords\":[\"CSR\",\"good practices\",\"RSE\",\"Social Responsibility\"],\"articleSection\":[\"Blog-EN\",\"Corporate Social Responsibility\",\"RSE\"],\"inLanguage\":\"en-US\"},{\"@type\":\"WebPage\",\"@id\":\"https:\\\/\\\/www.sando.com\\\/en\\\/actualidad\\\/the-andalusian-regional-government-awards-the-andalusian-medal-of-economy-and-business-to-sandos-founder-jose-luis-sanchez-dominguez\",\"url\":\"https:\\\/\\\/www.sando.com\\\/en\\\/actualidad\\\/the-andalusian-regional-government-awards-the-andalusian-medal-of-economy-and-business-to-sandos-founder-jose-luis-sanchez-dominguez\",\"name\":\"Sando Founder Jos\u00e9 Luis S\u00e1nchez Receives Andalusian Medal\",\"isPartOf\":{\"@id\":\"https:\\\/\\\/www.sando.com\\\/en#website\"},\"primaryImageOfPage\":{\"@id\":\"https:\\\/\\\/www.sando.com\\\/en\\\/actualidad\\\/the-andalusian-regional-government-awards-the-andalusian-medal-of-economy-and-business-to-sandos-founder-jose-luis-sanchez-dominguez#primaryimage\"},\"image\":{\"@id\":\"https:\\\/\\\/www.sando.com\\\/en\\\/actualidad\\\/the-andalusian-regional-government-awards-the-andalusian-medal-of-economy-and-business-to-sandos-founder-jose-luis-sanchez-dominguez#primaryimage\"},\"thumbnailUrl\":\"https:\\\/\\\/www.sando.com\\\/contenido\\\/subidas\\\/2024\\\/04\\\/medalla-andalucia-jose-luis.jpg\",\"datePublished\":\"2024-02-29T08:34:00+00:00\",\"dateModified\":\"2025-10-07T14:39:55+00:00\",\"description\":\"Discover how Sando's founder, Jos\u00e9 Luis S\u00e1nchez Dom\u00ednguez, was honored with the Andalusian Medal of Economy and Business for his contributions.\",\"breadcrumb\":{\"@id\":\"https:\\\/\\\/www.sando.com\\\/en\\\/actualidad\\\/the-andalusian-regional-government-awards-the-andalusian-medal-of-economy-and-business-to-sandos-founder-jose-luis-sanchez-dominguez#breadcrumb\"},\"inLanguage\":\"en-US\",\"potentialAction\":[{\"@type\":\"ReadAction\",\"target\":[\"https:\\\/\\\/www.sando.com\\\/en\\\/actualidad\\\/the-andalusian-regional-government-awards-the-andalusian-medal-of-economy-and-business-to-sandos-founder-jose-luis-sanchez-dominguez\"]}]},{\"@type\":\"ImageObject\",\"inLanguage\":\"en-US\",\"@id\":\"https:\\\/\\\/www.sando.com\\\/en\\\/actualidad\\\/the-andalusian-regional-government-awards-the-andalusian-medal-of-economy-and-business-to-sandos-founder-jose-luis-sanchez-dominguez#primaryimage\",\"url\":\"https:\\\/\\\/www.sando.com\\\/contenido\\\/subidas\\\/2024\\\/04\\\/medalla-andalucia-jose-luis.jpg\",\"contentUrl\":\"https:\\\/\\\/www.sando.com\\\/contenido\\\/subidas\\\/2024\\\/04\\\/medalla-andalucia-jose-luis.jpg\",\"width\":1200,\"height\":800,\"caption\":\"La Junta de Andaluc\u00eda le ha otorgado a Jos\u00e9 Luis S\u00e1nchez Dom\u00ednguez, fundador de Sando, la Medalla de Andaluc\u00eda de la Econom\u00eda y la Empresa.\u00a0\"},{\"@type\":\"BreadcrumbList\",\"@id\":\"https:\\\/\\\/www.sando.com\\\/en\\\/actualidad\\\/the-andalusian-regional-government-awards-the-andalusian-medal-of-economy-and-business-to-sandos-founder-jose-luis-sanchez-dominguez#breadcrumb\",\"itemListElement\":[{\"@type\":\"ListItem\",\"position\":1,\"name\":\"Portada\",\"item\":\"https:\\\/\\\/www.sando.com\\\/en\"},{\"@type\":\"ListItem\",\"position\":2,\"name\":\"The Andalusian Regional Government awards the Andalusian Medal of Economy and Business to Sando\u2019s founder, Jos\u00e9 Luis S\u00e1nchez Dom\u00ednguez\"}]},{\"@type\":\"WebSite\",\"@id\":\"https:\\\/\\\/www.sando.com\\\/en#website\",\"url\":\"https:\\\/\\\/www.sando.com\\\/en\",\"name\":\"Sando\",\"description\":\"\",\"publisher\":{\"@id\":\"https:\\\/\\\/www.sando.com\\\/en#organization\"},\"potentialAction\":[{\"@type\":\"SearchAction\",\"target\":{\"@type\":\"EntryPoint\",\"urlTemplate\":\"https:\\\/\\\/www.sando.com\\\/en?s={search_term_string}\"},\"query-input\":{\"@type\":\"PropertyValueSpecification\",\"valueRequired\":true,\"valueName\":\"search_term_string\"}}],\"inLanguage\":\"en-US\"},{\"@type\":\"Organization\",\"@id\":\"https:\\\/\\\/www.sando.com\\\/en#organization\",\"name\":\"Sando\",\"url\":\"https:\\\/\\\/www.sando.com\\\/en\",\"logo\":{\"@type\":\"ImageObject\",\"inLanguage\":\"en-US\",\"@id\":\"https:\\\/\\\/www.sando.com\\\/en#\\\/schema\\\/logo\\\/image\\\/\",\"url\":\"\",\"contentUrl\":\"\",\"caption\":\"Sando\"},\"image\":{\"@id\":\"https:\\\/\\\/www.sando.com\\\/en#\\\/schema\\\/logo\\\/image\\\/\"}},{\"@type\":\"Person\",\"@id\":\"https:\\\/\\\/www.sando.com\\\/en#\\\/schema\\\/person\\\/0b86ea22efc494c31456ec41062e4494\",\"name\":\"comunicacion\",\"image\":{\"@type\":\"ImageObject\",\"inLanguage\":\"en-US\",\"@id\":\"https:\\\/\\\/secure.gravatar.com\\\/avatar\\\/6f5b529334b3e339acaa13871e661b7245eccc61793c76b1f30a540d50deab4e?s=96&d=mm&r=g\",\"url\":\"https:\\\/\\\/secure.gravatar.com\\\/avatar\\\/6f5b529334b3e339acaa13871e661b7245eccc61793c76b1f30a540d50deab4e?s=96&d=mm&r=g\",\"contentUrl\":\"https:\\\/\\\/secure.gravatar.com\\\/avatar\\\/6f5b529334b3e339acaa13871e661b7245eccc61793c76b1f30a540d50deab4e?s=96&d=mm&r=g\",\"caption\":\"comunicacion\"}}]}<\/script>\n<!-- \/ Yoast SEO plugin. -->","yoast_head_json":{"title":"Sando Founder Jos\u00e9 Luis S\u00e1nchez Receives Andalusian Medal","description":"Discover how Sando's founder, Jos\u00e9 Luis S\u00e1nchez Dom\u00ednguez, was honored with the Andalusian Medal of Economy and Business for his contributions.","robots":{"index":"index","follow":"follow","max-snippet":"max-snippet:-1","max-image-preview":"max-image-preview:large","max-video-preview":"max-video-preview:-1"},"canonical":"https:\/\/www.sando.com\/en\/actualidad\/the-andalusian-regional-government-awards-the-andalusian-medal-of-economy-and-business-to-sandos-founder-jose-luis-sanchez-dominguez","og_locale":"en_US","og_type":"article","og_title":"Sando Founder Jos\u00e9 Luis S\u00e1nchez Receives Andalusian Medal","og_description":"Discover how Sando's founder, Jos\u00e9 Luis S\u00e1nchez Dom\u00ednguez, was honored with the Andalusian Medal of Economy and Business for his contributions.","og_url":"https:\/\/www.sando.com\/en\/actualidad\/the-andalusian-regional-government-awards-the-andalusian-medal-of-economy-and-business-to-sandos-founder-jose-luis-sanchez-dominguez","og_site_name":"Sando","article_published_time":"2024-02-29T08:34:00+00:00","article_modified_time":"2025-10-07T14:39:55+00:00","og_image":[{"width":1200,"height":800,"url":"https:\/\/www.sando.com\/contenido\/subidas\/2024\/04\/medalla-andalucia-jose-luis.jpg","type":"image\/jpeg"}],"author":"comunicacion","twitter_card":"summary_large_image","twitter_misc":{"Written by":"comunicacion","Est. reading time":"2 minutes"},"schema":{"@context":"https:\/\/schema.org","@graph":[{"@type":"Article","@id":"https:\/\/www.sando.com\/en\/actualidad\/the-andalusian-regional-government-awards-the-andalusian-medal-of-economy-and-business-to-sandos-founder-jose-luis-sanchez-dominguez#article","isPartOf":{"@id":"https:\/\/www.sando.com\/en\/actualidad\/the-andalusian-regional-government-awards-the-andalusian-medal-of-economy-and-business-to-sandos-founder-jose-luis-sanchez-dominguez"},"author":{"name":"comunicacion","@id":"https:\/\/www.sando.com\/en#\/schema\/person\/0b86ea22efc494c31456ec41062e4494"},"headline":"The Andalusian Regional Government awards the Andalusian Medal of Economy and Business to Sando\u2019s founder, Jos\u00e9 Luis S\u00e1nchez Dom\u00ednguez","datePublished":"2024-02-29T08:34:00+00:00","dateModified":"2025-10-07T14:39:55+00:00","mainEntityOfPage":{"@id":"https:\/\/www.sando.com\/en\/actualidad\/the-andalusian-regional-government-awards-the-andalusian-medal-of-economy-and-business-to-sandos-founder-jose-luis-sanchez-dominguez"},"wordCount":383,"publisher":{"@id":"https:\/\/www.sando.com\/en#organization"},"image":{"@id":"https:\/\/www.sando.com\/en\/actualidad\/the-andalusian-regional-government-awards-the-andalusian-medal-of-economy-and-business-to-sandos-founder-jose-luis-sanchez-dominguez#primaryimage"},"thumbnailUrl":"https:\/\/www.sando.com\/contenido\/subidas\/2024\/04\/medalla-andalucia-jose-luis.jpg","keywords":["CSR","good practices","RSE","Social Responsibility"],"articleSection":["Blog-EN","Corporate Social Responsibility","RSE"],"inLanguage":"en-US"},{"@type":"WebPage","@id":"https:\/\/www.sando.com\/en\/actualidad\/the-andalusian-regional-government-awards-the-andalusian-medal-of-economy-and-business-to-sandos-founder-jose-luis-sanchez-dominguez","url":"https:\/\/www.sando.com\/en\/actualidad\/the-andalusian-regional-government-awards-the-andalusian-medal-of-economy-and-business-to-sandos-founder-jose-luis-sanchez-dominguez","name":"Sando Founder Jos\u00e9 Luis S\u00e1nchez Receives Andalusian Medal","isPartOf":{"@id":"https:\/\/www.sando.com\/en#website"},"primaryImageOfPage":{"@id":"https:\/\/www.sando.com\/en\/actualidad\/the-andalusian-regional-government-awards-the-andalusian-medal-of-economy-and-business-to-sandos-founder-jose-luis-sanchez-dominguez#primaryimage"},"image":{"@id":"https:\/\/www.sando.com\/en\/actualidad\/the-andalusian-regional-government-awards-the-andalusian-medal-of-economy-and-business-to-sandos-founder-jose-luis-sanchez-dominguez#primaryimage"},"thumbnailUrl":"https:\/\/www.sando.com\/contenido\/subidas\/2024\/04\/medalla-andalucia-jose-luis.jpg","datePublished":"2024-02-29T08:34:00+00:00","dateModified":"2025-10-07T14:39:55+00:00","description":"Discover how Sando's founder, Jos\u00e9 Luis S\u00e1nchez Dom\u00ednguez, was honored with the Andalusian Medal of Economy and Business for his contributions.","breadcrumb":{"@id":"https:\/\/www.sando.com\/en\/actualidad\/the-andalusian-regional-government-awards-the-andalusian-medal-of-economy-and-business-to-sandos-founder-jose-luis-sanchez-dominguez#breadcrumb"},"inLanguage":"en-US","potentialAction":[{"@type":"ReadAction","target":["https:\/\/www.sando.com\/en\/actualidad\/the-andalusian-regional-government-awards-the-andalusian-medal-of-economy-and-business-to-sandos-founder-jose-luis-sanchez-dominguez"]}]},{"@type":"ImageObject","inLanguage":"en-US","@id":"https:\/\/www.sando.com\/en\/actualidad\/the-andalusian-regional-government-awards-the-andalusian-medal-of-economy-and-business-to-sandos-founder-jose-luis-sanchez-dominguez#primaryimage","url":"https:\/\/www.sando.com\/contenido\/subidas\/2024\/04\/medalla-andalucia-jose-luis.jpg","contentUrl":"https:\/\/www.sando.com\/contenido\/subidas\/2024\/04\/medalla-andalucia-jose-luis.jpg","width":1200,"height":800,"caption":"La Junta de Andaluc\u00eda le ha otorgado a Jos\u00e9 Luis S\u00e1nchez Dom\u00ednguez, fundador de Sando, la Medalla de Andaluc\u00eda de la Econom\u00eda y la Empresa.\u00a0"},{"@type":"BreadcrumbList","@id":"https:\/\/www.sando.com\/en\/actualidad\/the-andalusian-regional-government-awards-the-andalusian-medal-of-economy-and-business-to-sandos-founder-jose-luis-sanchez-dominguez#breadcrumb","itemListElement":[{"@type":"ListItem","position":1,"name":"Portada","item":"https:\/\/www.sando.com\/en"},{"@type":"ListItem","position":2,"name":"The Andalusian Regional Government awards the Andalusian Medal of Economy and Business to Sando\u2019s founder, Jos\u00e9 Luis S\u00e1nchez Dom\u00ednguez"}]},{"@type":"WebSite","@id":"https:\/\/www.sando.com\/en#website","url":"https:\/\/www.sando.com\/en","name":"Sando","description":"","publisher":{"@id":"https:\/\/www.sando.com\/en#organization"},"potentialAction":[{"@type":"SearchAction","target":{"@type":"EntryPoint","urlTemplate":"https:\/\/www.sando.com\/en?s={search_term_string}"},"query-input":{"@type":"PropertyValueSpecification","valueRequired":true,"valueName":"search_term_string"}}],"inLanguage":"en-US"},{"@type":"Organization","@id":"https:\/\/www.sando.com\/en#organization","name":"Sando","url":"https:\/\/www.sando.com\/en","logo":{"@type":"ImageObject","inLanguage":"en-US","@id":"https:\/\/www.sando.com\/en#\/schema\/logo\/image\/","url":"","contentUrl":"","caption":"Sando"},"image":{"@id":"https:\/\/www.sando.com\/en#\/schema\/logo\/image\/"}},{"@type":"Person","@id":"https:\/\/www.sando.com\/en#\/schema\/person\/0b86ea22efc494c31456ec41062e4494","name":"comunicacion","image":{"@type":"ImageObject","inLanguage":"en-US","@id":"https:\/\/secure.gravatar.com\/avatar\/6f5b529334b3e339acaa13871e661b7245eccc61793c76b1f30a540d50deab4e?s=96&d=mm&r=g","url":"https:\/\/secure.gravatar.com\/avatar\/6f5b529334b3e339acaa13871e661b7245eccc61793c76b1f30a540d50deab4e?s=96&d=mm&r=g","contentUrl":"https:\/\/secure.gravatar.com\/avatar\/6f5b529334b3e339acaa13871e661b7245eccc61793c76b1f30a540d50deab4e?s=96&d=mm&r=g","caption":"comunicacion"}}]}},"_links":{"self":[{"href":"https:\/\/www.sando.com\/en\/wp-json\/wp\/v2\/posts\/38539","targetHints":{"allow":["GET"]}}],"collection":[{"href":"https:\/\/www.sando.com\/en\/wp-json\/wp\/v2\/posts"}],"about":[{"href":"https:\/\/www.sando.com\/en\/wp-json\/wp\/v2\/types\/post"}],"author":[{"embeddable":true,"href":"https:\/\/www.sando.com\/en\/wp-json\/wp\/v2\/users\/10"}],"replies":[{"embeddable":true,"href":"https:\/\/www.sando.com\/en\/wp-json\/wp\/v2\/comments?post=38539"}],"version-history":[{"count":0,"href":"https:\/\/www.sando.com\/en\/wp-json\/wp\/v2\/posts\/38539\/revisions"}],"wp:featuredmedia":[{"embeddable":true,"href":"https:\/\/www.sando.com\/en\/wp-json\/wp\/v2\/media\/35876"}],"wp:attachment":[{"href":"https:\/\/www.sando.com\/en\/wp-json\/wp\/v2\/media?parent=38539"}],"wp:term":[{"taxonomy":"category","embeddable":true,"href":"https:\/\/www.sando.com\/en\/wp-json\/wp\/v2\/categories?post=38539"},{"taxonomy":"post_tag","embeddable":true,"href":"https:\/\/www.sando.com\/en\/wp-json\/wp\/v2\/tags?post=38539"},{"taxonomy":"tax_brand","embeddable":true,"href":"https:\/\/www.sando.com\/en\/wp-json\/wp\/v2\/tax_brand?post=38539"},{"taxonomy":"tax_services","embeddable":true,"href":"https:\/\/www.sando.com\/en\/wp-json\/wp\/v2\/tax_services?post=38539"},{"taxonomy":"tax_location","embeddable":true,"href":"https:\/\/www.sando.com\/en\/wp-json\/wp\/v2\/tax_location?post=38539"}],"curies":[{"name":"wp","href":"https:\/\/api.w.org\/{rel}","templated":true}]}}