{"id":42078,"date":"2024-10-02T07:43:38","date_gmt":"2024-10-02T07:43:38","guid":{"rendered":"https:\/\/www.sando.com\/actualidad\/althenia-sando-will-carry-out-preventive-forestry-treatments-in-the-sierra-nevada"},"modified":"2024-10-24T08:10:26","modified_gmt":"2024-10-24T08:10:26","slug":"althenia-sando-will-carry-out-preventive-forestry-treatments-in-the-sierra-nevada","status":"publish","type":"post","link":"https:\/\/www.sando.com\/en\/actualidad\/althenia-sando-will-carry-out-preventive-forestry-treatments-in-the-sierra-nevada","title":{"rendered":"Althenia Sando will carry out preventive forestry treatments in the Sierra Nevada"},"content":{"rendered":"\n<p>The <a href=\"https:\/\/www.juntadeandalucia.es\/organismos\/sostenibilidadymedioambiente.html\" target=\"_blank\" rel=\"noreferrer noopener\">Directorate General for Forestry Policy and Biodiversity of the Regional Ministry for Sustainability, Environment and Blue Economy<\/a> has awarded <a href=\"\/en\/althenia-sando\" title=\"Althenia Sando. Integral environmental services\" target=\"_blank\">Althenia Sando<\/a> a new contract to carry out preventive and improvement forestry treatments in the forests of the <a href=\"https:\/\/www.juntadeandalucia.es\/medioambiente\/portal\/landing-page-%C3%ADndice\/-\/asset_publisher\/zX2ouZa4r1Rf\/content\/espacio-natural-de-sierra-nevada-1\/20151\" target=\"_blank\" rel=\"noreferrer noopener\">Sierra Nevada Natural Area<\/a> in Granada.<\/p>\n\n<p>This forestry service to be provided by <a href=\"\/en\/althenia-sando\" title=\"Integral environmental services\" target=\"_blank\">Althenia<\/a> Sando, as part of its specialised line, is part of a project by the Andalusian Regional Government to cover all the forests managed by the Regional Government of Andalusia, which lots have separated. It is a project financed by the European Fund for Rural Development, EAFRD.  <\/p>\n\n<p>The planned works have the common objective of adopting actions aimed at breaking the continuity of both horizontal and vertical vegetation and unloading fuels from the forest, thus transforming the existing vegetation mass into one of greater resistance. <\/p>\n\n<p>Althenia Sando will use its technical and human resources to carry out a series of specific preventive forestry treatments throughout the affected forest. These include scrub clearance, tree felling and timber preparation, stump removal and clearing trees, coppicing, trimming and pruning, <a href=\"https:\/\/www.sando.com\/en\/specialisations\/cleaning-and-waste-management\" title=\"Waste management\" target=\"_blank\">Waste<\/a> collection and stacking or disposal of debris. <\/p>\n\n<h3 class=\"wp-block-heading\"><strong>Experience in forestry treatments<\/strong><\/h3>\n\n<p><a href=\"https:\/\/www.sando.com\/althenia-sando\">Althenia Sando<\/a> is Sando\u2019s company, specialising in integrated environmental services with a focus on <a href=\"\/en\/sustainability\" title=\"Sustainable and efficient environmental solutions\" target=\"_blank\">Sustainability<\/a>. In the forestry field, it has provided its services in the country\u2019s main natural environments, contributing experience, quality and technology.  <\/p>\n\n<p><\/p>\n","protected":false},"excerpt":{"rendered":"The Directorate General for Forestry Policy and Biodiversity of the Regional Ministry for Sustainability, Environment and Blue Economy has awarded Althenia Sando a new contract to carry out preventive and improvement forestry treatments in the forests of the Sierra Nevada Natural Area in Granada. This forestry service to be provided by Althenia Sando, as part&#8230; <a class=\"view-article\" href=\"https:\/\/www.sando.com\/en\/reemplazos\/conacon-sando\">View Article<\/a>","protected":false},"author":6,"featured_media":41679,"comment_status":"closed","ping_status":"closed","sticky":false,"template":"","format":"standard","meta":{"_acf_changed":false,"footnotes":""},"categories":[980,979],"tags":[1531,1508,1787],"tax_brand":[1762],"tax_services":[],"tax_location":[],"class_list":["post-42078","post","type-post","status-publish","format-standard","has-post-thumbnail","hentry","category-comunicacion-comunicacion-en","category-communication","tag-environment","tag-service","tag-sustainability-en","tax_brand-althenia-en"],"acf":[],"yoast_head":"<!-- This site is optimized with the Yoast SEO plugin v27.4 - https:\/\/yoast.com\/product\/yoast-seo-wordpress\/ -->\n<title>Althenia Sando will carry out preventive forestry treatments in the Sierra Nevada<\/title>\n<meta name=\"description\" content=\"Althenia Sando a new contract to carry out preventive and improvement forestry treatments in the forests of the Sierra Nevada Natural Area in Granada.\" \/>\n<meta name=\"robots\" content=\"index, follow, max-snippet:-1, max-image-preview:large, max-video-preview:-1\" \/>\n<link rel=\"canonical\" href=\"https:\/\/www.sando.com\/en\/actualidad\/althenia-sando-will-carry-out-preventive-forestry-treatments-in-the-sierra-nevada\" \/>\n<meta property=\"og:locale\" content=\"en_US\" \/>\n<meta property=\"og:type\" content=\"article\" \/>\n<meta property=\"og:title\" content=\"Althenia Sando will carry out preventive forestry treatments in the Sierra Nevada\" \/>\n<meta property=\"og:description\" content=\"Althenia Sando a new contract to carry out preventive and improvement forestry treatments in the forests of the Sierra Nevada Natural Area in Granada.\" \/>\n<meta property=\"og:url\" content=\"https:\/\/www.sando.com\/en\/actualidad\/althenia-sando-will-carry-out-preventive-forestry-treatments-in-the-sierra-nevada\" \/>\n<meta property=\"og:site_name\" content=\"Sando\" \/>\n<meta property=\"article:published_time\" content=\"2024-10-02T07:43:38+00:00\" \/>\n<meta property=\"article:modified_time\" content=\"2024-10-24T08:10:26+00:00\" \/>\n<meta property=\"og:image\" content=\"https:\/\/www.sando.com\/contenido\/subidas\/2024\/10\/NevadaNoroeste2-foto-junta-scaled.jpg\" \/>\n\t<meta property=\"og:image:width\" content=\"2560\" \/>\n\t<meta property=\"og:image:height\" content=\"1433\" \/>\n\t<meta property=\"og:image:type\" content=\"image\/jpeg\" \/>\n<meta name=\"author\" content=\"Ignacio Miranda\" \/>\n<meta name=\"twitter:card\" content=\"summary_large_image\" \/>\n<meta name=\"twitter:label1\" content=\"Written by\" \/>\n\t<meta name=\"twitter:data1\" content=\"Ignacio Miranda\" \/>\n\t<meta name=\"twitter:label2\" content=\"Est. reading time\" \/>\n\t<meta name=\"twitter:data2\" content=\"1 minute\" \/>\n<script type=\"application\/ld+json\" class=\"yoast-schema-graph\">{\"@context\":\"https:\\\/\\\/schema.org\",\"@graph\":[{\"@type\":\"Article\",\"@id\":\"https:\\\/\\\/www.sando.com\\\/en\\\/actualidad\\\/althenia-sando-will-carry-out-preventive-forestry-treatments-in-the-sierra-nevada#article\",\"isPartOf\":{\"@id\":\"https:\\\/\\\/www.sando.com\\\/en\\\/actualidad\\\/althenia-sando-will-carry-out-preventive-forestry-treatments-in-the-sierra-nevada\"},\"author\":{\"name\":\"Ignacio Miranda\",\"@id\":\"https:\\\/\\\/www.sando.com\\\/en#\\\/schema\\\/person\\\/de9e7d8314e1c13302097b9d7abd6f62\"},\"headline\":\"Althenia Sando will carry out preventive forestry treatments in the Sierra Nevada\",\"datePublished\":\"2024-10-02T07:43:38+00:00\",\"dateModified\":\"2024-10-24T08:10:26+00:00\",\"mainEntityOfPage\":{\"@id\":\"https:\\\/\\\/www.sando.com\\\/en\\\/actualidad\\\/althenia-sando-will-carry-out-preventive-forestry-treatments-in-the-sierra-nevada\"},\"wordCount\":238,\"publisher\":{\"@id\":\"https:\\\/\\\/www.sando.com\\\/en#organization\"},\"image\":{\"@id\":\"https:\\\/\\\/www.sando.com\\\/en\\\/actualidad\\\/althenia-sando-will-carry-out-preventive-forestry-treatments-in-the-sierra-nevada#primaryimage\"},\"thumbnailUrl\":\"https:\\\/\\\/www.sando.com\\\/contenido\\\/subidas\\\/2024\\\/10\\\/NevadaNoroeste2-foto-junta-scaled.jpg\",\"keywords\":[\"environment\",\"Service\",\"Sustainability\"],\"articleSection\":[\"Blog-EN\",\"Communication\"],\"inLanguage\":\"en-US\"},{\"@type\":\"WebPage\",\"@id\":\"https:\\\/\\\/www.sando.com\\\/en\\\/actualidad\\\/althenia-sando-will-carry-out-preventive-forestry-treatments-in-the-sierra-nevada\",\"url\":\"https:\\\/\\\/www.sando.com\\\/en\\\/actualidad\\\/althenia-sando-will-carry-out-preventive-forestry-treatments-in-the-sierra-nevada\",\"name\":\"Althenia Sando will carry out preventive forestry treatments in the Sierra Nevada\",\"isPartOf\":{\"@id\":\"https:\\\/\\\/www.sando.com\\\/en#website\"},\"primaryImageOfPage\":{\"@id\":\"https:\\\/\\\/www.sando.com\\\/en\\\/actualidad\\\/althenia-sando-will-carry-out-preventive-forestry-treatments-in-the-sierra-nevada#primaryimage\"},\"image\":{\"@id\":\"https:\\\/\\\/www.sando.com\\\/en\\\/actualidad\\\/althenia-sando-will-carry-out-preventive-forestry-treatments-in-the-sierra-nevada#primaryimage\"},\"thumbnailUrl\":\"https:\\\/\\\/www.sando.com\\\/contenido\\\/subidas\\\/2024\\\/10\\\/NevadaNoroeste2-foto-junta-scaled.jpg\",\"datePublished\":\"2024-10-02T07:43:38+00:00\",\"dateModified\":\"2024-10-24T08:10:26+00:00\",\"description\":\"Althenia Sando a new contract to carry out preventive and improvement forestry treatments in the forests of the Sierra Nevada Natural Area in Granada.\",\"breadcrumb\":{\"@id\":\"https:\\\/\\\/www.sando.com\\\/en\\\/actualidad\\\/althenia-sando-will-carry-out-preventive-forestry-treatments-in-the-sierra-nevada#breadcrumb\"},\"inLanguage\":\"en-US\",\"potentialAction\":[{\"@type\":\"ReadAction\",\"target\":[\"https:\\\/\\\/www.sando.com\\\/en\\\/actualidad\\\/althenia-sando-will-carry-out-preventive-forestry-treatments-in-the-sierra-nevada\"]}]},{\"@type\":\"ImageObject\",\"inLanguage\":\"en-US\",\"@id\":\"https:\\\/\\\/www.sando.com\\\/en\\\/actualidad\\\/althenia-sando-will-carry-out-preventive-forestry-treatments-in-the-sierra-nevada#primaryimage\",\"url\":\"https:\\\/\\\/www.sando.com\\\/contenido\\\/subidas\\\/2024\\\/10\\\/NevadaNoroeste2-foto-junta-scaled.jpg\",\"contentUrl\":\"https:\\\/\\\/www.sando.com\\\/contenido\\\/subidas\\\/2024\\\/10\\\/NevadaNoroeste2-foto-junta-scaled.jpg\",\"width\":2560,\"height\":1433,\"caption\":\"La Direcci\u00f3n General de pol\u00edtica Forestal y Biodiversidad de la Consejer\u00eda de Sostenibilidad, Medio Ambiente y Econom\u00eda Azul ha adjudicado a Althenia Sando un nuevo contrato por el que llevar\u00e1 a cabo tratamientos selv\u00edcolas preventivos y de mejora en los montes del Espacio Natural de Sierra Nevada, en Granada.\"},{\"@type\":\"BreadcrumbList\",\"@id\":\"https:\\\/\\\/www.sando.com\\\/en\\\/actualidad\\\/althenia-sando-will-carry-out-preventive-forestry-treatments-in-the-sierra-nevada#breadcrumb\",\"itemListElement\":[{\"@type\":\"ListItem\",\"position\":1,\"name\":\"Portada\",\"item\":\"https:\\\/\\\/www.sando.com\\\/en\"},{\"@type\":\"ListItem\",\"position\":2,\"name\":\"Althenia Sando will carry out preventive forestry treatments in the Sierra Nevada\"}]},{\"@type\":\"WebSite\",\"@id\":\"https:\\\/\\\/www.sando.com\\\/en#website\",\"url\":\"https:\\\/\\\/www.sando.com\\\/en\",\"name\":\"Sando\",\"description\":\"\",\"publisher\":{\"@id\":\"https:\\\/\\\/www.sando.com\\\/en#organization\"},\"potentialAction\":[{\"@type\":\"SearchAction\",\"target\":{\"@type\":\"EntryPoint\",\"urlTemplate\":\"https:\\\/\\\/www.sando.com\\\/en?s={search_term_string}\"},\"query-input\":{\"@type\":\"PropertyValueSpecification\",\"valueRequired\":true,\"valueName\":\"search_term_string\"}}],\"inLanguage\":\"en-US\"},{\"@type\":\"Organization\",\"@id\":\"https:\\\/\\\/www.sando.com\\\/en#organization\",\"name\":\"Sando\",\"url\":\"https:\\\/\\\/www.sando.com\\\/en\",\"logo\":{\"@type\":\"ImageObject\",\"inLanguage\":\"en-US\",\"@id\":\"https:\\\/\\\/www.sando.com\\\/en#\\\/schema\\\/logo\\\/image\\\/\",\"url\":\"\",\"contentUrl\":\"\",\"caption\":\"Sando\"},\"image\":{\"@id\":\"https:\\\/\\\/www.sando.com\\\/en#\\\/schema\\\/logo\\\/image\\\/\"}},{\"@type\":\"Person\",\"@id\":\"https:\\\/\\\/www.sando.com\\\/en#\\\/schema\\\/person\\\/de9e7d8314e1c13302097b9d7abd6f62\",\"name\":\"Ignacio Miranda\",\"image\":{\"@type\":\"ImageObject\",\"inLanguage\":\"en-US\",\"@id\":\"https:\\\/\\\/secure.gravatar.com\\\/avatar\\\/70b7487f1d3f0535f36d3ce7bc97e9729e4efb96033c2bb2f37aa99d6026879b?s=96&d=mm&r=g\",\"url\":\"https:\\\/\\\/secure.gravatar.com\\\/avatar\\\/70b7487f1d3f0535f36d3ce7bc97e9729e4efb96033c2bb2f37aa99d6026879b?s=96&d=mm&r=g\",\"contentUrl\":\"https:\\\/\\\/secure.gravatar.com\\\/avatar\\\/70b7487f1d3f0535f36d3ce7bc97e9729e4efb96033c2bb2f37aa99d6026879b?s=96&d=mm&r=g\",\"caption\":\"Ignacio Miranda\"}}]}<\/script>\n<!-- \/ Yoast SEO plugin. -->","yoast_head_json":{"title":"Althenia Sando will carry out preventive forestry treatments in the Sierra Nevada","description":"Althenia Sando a new contract to carry out preventive and improvement forestry treatments in the forests of the Sierra Nevada Natural Area in Granada.","robots":{"index":"index","follow":"follow","max-snippet":"max-snippet:-1","max-image-preview":"max-image-preview:large","max-video-preview":"max-video-preview:-1"},"canonical":"https:\/\/www.sando.com\/en\/actualidad\/althenia-sando-will-carry-out-preventive-forestry-treatments-in-the-sierra-nevada","og_locale":"en_US","og_type":"article","og_title":"Althenia Sando will carry out preventive forestry treatments in the Sierra Nevada","og_description":"Althenia Sando a new contract to carry out preventive and improvement forestry treatments in the forests of the Sierra Nevada Natural Area in Granada.","og_url":"https:\/\/www.sando.com\/en\/actualidad\/althenia-sando-will-carry-out-preventive-forestry-treatments-in-the-sierra-nevada","og_site_name":"Sando","article_published_time":"2024-10-02T07:43:38+00:00","article_modified_time":"2024-10-24T08:10:26+00:00","og_image":[{"width":2560,"height":1433,"url":"https:\/\/www.sando.com\/contenido\/subidas\/2024\/10\/NevadaNoroeste2-foto-junta-scaled.jpg","type":"image\/jpeg"}],"author":"Ignacio Miranda","twitter_card":"summary_large_image","twitter_misc":{"Written by":"Ignacio Miranda","Est. reading time":"1 minute"},"schema":{"@context":"https:\/\/schema.org","@graph":[{"@type":"Article","@id":"https:\/\/www.sando.com\/en\/actualidad\/althenia-sando-will-carry-out-preventive-forestry-treatments-in-the-sierra-nevada#article","isPartOf":{"@id":"https:\/\/www.sando.com\/en\/actualidad\/althenia-sando-will-carry-out-preventive-forestry-treatments-in-the-sierra-nevada"},"author":{"name":"Ignacio Miranda","@id":"https:\/\/www.sando.com\/en#\/schema\/person\/de9e7d8314e1c13302097b9d7abd6f62"},"headline":"Althenia Sando will carry out preventive forestry treatments in the Sierra Nevada","datePublished":"2024-10-02T07:43:38+00:00","dateModified":"2024-10-24T08:10:26+00:00","mainEntityOfPage":{"@id":"https:\/\/www.sando.com\/en\/actualidad\/althenia-sando-will-carry-out-preventive-forestry-treatments-in-the-sierra-nevada"},"wordCount":238,"publisher":{"@id":"https:\/\/www.sando.com\/en#organization"},"image":{"@id":"https:\/\/www.sando.com\/en\/actualidad\/althenia-sando-will-carry-out-preventive-forestry-treatments-in-the-sierra-nevada#primaryimage"},"thumbnailUrl":"https:\/\/www.sando.com\/contenido\/subidas\/2024\/10\/NevadaNoroeste2-foto-junta-scaled.jpg","keywords":["environment","Service","Sustainability"],"articleSection":["Blog-EN","Communication"],"inLanguage":"en-US"},{"@type":"WebPage","@id":"https:\/\/www.sando.com\/en\/actualidad\/althenia-sando-will-carry-out-preventive-forestry-treatments-in-the-sierra-nevada","url":"https:\/\/www.sando.com\/en\/actualidad\/althenia-sando-will-carry-out-preventive-forestry-treatments-in-the-sierra-nevada","name":"Althenia Sando will carry out preventive forestry treatments in the Sierra Nevada","isPartOf":{"@id":"https:\/\/www.sando.com\/en#website"},"primaryImageOfPage":{"@id":"https:\/\/www.sando.com\/en\/actualidad\/althenia-sando-will-carry-out-preventive-forestry-treatments-in-the-sierra-nevada#primaryimage"},"image":{"@id":"https:\/\/www.sando.com\/en\/actualidad\/althenia-sando-will-carry-out-preventive-forestry-treatments-in-the-sierra-nevada#primaryimage"},"thumbnailUrl":"https:\/\/www.sando.com\/contenido\/subidas\/2024\/10\/NevadaNoroeste2-foto-junta-scaled.jpg","datePublished":"2024-10-02T07:43:38+00:00","dateModified":"2024-10-24T08:10:26+00:00","description":"Althenia Sando a new contract to carry out preventive and improvement forestry treatments in the forests of the Sierra Nevada Natural Area in Granada.","breadcrumb":{"@id":"https:\/\/www.sando.com\/en\/actualidad\/althenia-sando-will-carry-out-preventive-forestry-treatments-in-the-sierra-nevada#breadcrumb"},"inLanguage":"en-US","potentialAction":[{"@type":"ReadAction","target":["https:\/\/www.sando.com\/en\/actualidad\/althenia-sando-will-carry-out-preventive-forestry-treatments-in-the-sierra-nevada"]}]},{"@type":"ImageObject","inLanguage":"en-US","@id":"https:\/\/www.sando.com\/en\/actualidad\/althenia-sando-will-carry-out-preventive-forestry-treatments-in-the-sierra-nevada#primaryimage","url":"https:\/\/www.sando.com\/contenido\/subidas\/2024\/10\/NevadaNoroeste2-foto-junta-scaled.jpg","contentUrl":"https:\/\/www.sando.com\/contenido\/subidas\/2024\/10\/NevadaNoroeste2-foto-junta-scaled.jpg","width":2560,"height":1433,"caption":"La Direcci\u00f3n General de pol\u00edtica Forestal y Biodiversidad de la Consejer\u00eda de Sostenibilidad, Medio Ambiente y Econom\u00eda Azul ha adjudicado a Althenia Sando un nuevo contrato por el que llevar\u00e1 a cabo tratamientos selv\u00edcolas preventivos y de mejora en los montes del Espacio Natural de Sierra Nevada, en Granada."},{"@type":"BreadcrumbList","@id":"https:\/\/www.sando.com\/en\/actualidad\/althenia-sando-will-carry-out-preventive-forestry-treatments-in-the-sierra-nevada#breadcrumb","itemListElement":[{"@type":"ListItem","position":1,"name":"Portada","item":"https:\/\/www.sando.com\/en"},{"@type":"ListItem","position":2,"name":"Althenia Sando will carry out preventive forestry treatments in the Sierra Nevada"}]},{"@type":"WebSite","@id":"https:\/\/www.sando.com\/en#website","url":"https:\/\/www.sando.com\/en","name":"Sando","description":"","publisher":{"@id":"https:\/\/www.sando.com\/en#organization"},"potentialAction":[{"@type":"SearchAction","target":{"@type":"EntryPoint","urlTemplate":"https:\/\/www.sando.com\/en?s={search_term_string}"},"query-input":{"@type":"PropertyValueSpecification","valueRequired":true,"valueName":"search_term_string"}}],"inLanguage":"en-US"},{"@type":"Organization","@id":"https:\/\/www.sando.com\/en#organization","name":"Sando","url":"https:\/\/www.sando.com\/en","logo":{"@type":"ImageObject","inLanguage":"en-US","@id":"https:\/\/www.sando.com\/en#\/schema\/logo\/image\/","url":"","contentUrl":"","caption":"Sando"},"image":{"@id":"https:\/\/www.sando.com\/en#\/schema\/logo\/image\/"}},{"@type":"Person","@id":"https:\/\/www.sando.com\/en#\/schema\/person\/de9e7d8314e1c13302097b9d7abd6f62","name":"Ignacio Miranda","image":{"@type":"ImageObject","inLanguage":"en-US","@id":"https:\/\/secure.gravatar.com\/avatar\/70b7487f1d3f0535f36d3ce7bc97e9729e4efb96033c2bb2f37aa99d6026879b?s=96&d=mm&r=g","url":"https:\/\/secure.gravatar.com\/avatar\/70b7487f1d3f0535f36d3ce7bc97e9729e4efb96033c2bb2f37aa99d6026879b?s=96&d=mm&r=g","contentUrl":"https:\/\/secure.gravatar.com\/avatar\/70b7487f1d3f0535f36d3ce7bc97e9729e4efb96033c2bb2f37aa99d6026879b?s=96&d=mm&r=g","caption":"Ignacio Miranda"}}]}},"_links":{"self":[{"href":"https:\/\/www.sando.com\/en\/wp-json\/wp\/v2\/posts\/42078","targetHints":{"allow":["GET"]}}],"collection":[{"href":"https:\/\/www.sando.com\/en\/wp-json\/wp\/v2\/posts"}],"about":[{"href":"https:\/\/www.sando.com\/en\/wp-json\/wp\/v2\/types\/post"}],"author":[{"embeddable":true,"href":"https:\/\/www.sando.com\/en\/wp-json\/wp\/v2\/users\/6"}],"replies":[{"embeddable":true,"href":"https:\/\/www.sando.com\/en\/wp-json\/wp\/v2\/comments?post=42078"}],"version-history":[{"count":0,"href":"https:\/\/www.sando.com\/en\/wp-json\/wp\/v2\/posts\/42078\/revisions"}],"wp:featuredmedia":[{"embeddable":true,"href":"https:\/\/www.sando.com\/en\/wp-json\/wp\/v2\/media\/41679"}],"wp:attachment":[{"href":"https:\/\/www.sando.com\/en\/wp-json\/wp\/v2\/media?parent=42078"}],"wp:term":[{"taxonomy":"category","embeddable":true,"href":"https:\/\/www.sando.com\/en\/wp-json\/wp\/v2\/categories?post=42078"},{"taxonomy":"post_tag","embeddable":true,"href":"https:\/\/www.sando.com\/en\/wp-json\/wp\/v2\/tags?post=42078"},{"taxonomy":"tax_brand","embeddable":true,"href":"https:\/\/www.sando.com\/en\/wp-json\/wp\/v2\/tax_brand?post=42078"},{"taxonomy":"tax_services","embeddable":true,"href":"https:\/\/www.sando.com\/en\/wp-json\/wp\/v2\/tax_services?post=42078"},{"taxonomy":"tax_location","embeddable":true,"href":"https:\/\/www.sando.com\/en\/wp-json\/wp\/v2\/tax_location?post=42078"}],"curies":[{"name":"wp","href":"https:\/\/api.w.org\/{rel}","templated":true}]}}