{"id":49922,"date":"2025-02-12T12:29:37","date_gmt":"2025-02-12T12:29:37","guid":{"rendered":"https:\/\/www.sando.com\/actualidad\/sando-receives-the-empresa-malaguena-igualitaria-y-conciliadora-distinction"},"modified":"2025-10-07T16:10:16","modified_gmt":"2025-10-07T16:10:16","slug":"sando-receives-the-empresa-malaguena-igualitaria-y-conciliadora-distinction","status":"publish","type":"post","link":"https:\/\/www.sando.com\/en\/actualidad\/sando-receives-the-empresa-malaguena-igualitaria-y-conciliadora-distinction","title":{"rendered":"Sando Receives the \u201cEmpresa Malague\u00f1a Igualitaria y Conciliadora\u201d Distinction"},"content":{"rendered":"\n<h3 class=\"wp-block-heading\"><em>This recognition adds to Sando&#8217;s entry in the 2024 Ranking of Companies for Equality, where it stands as the only construction company in the country.<\/em><\/h3>\n\n<p>Sando has been awarded the &#8220;Empresa Malague\u00f1a Igualitaria y Conciliadora&#8221; distinction by the Social Rights, Diversity, Equality, and Accessibility Department of the <a href=\"https:\/\/www.malaga.eu\/\" target=\"_blank\" rel=\"noreferrer noopener\">M\u00e1laga City Council<\/a>. This public recognition highlights the company&#8217;s commitment to promoting equal rights and opportunities for both men and women. <\/p>\n\n<p>Esther S\u00e1nchez, Executive Vice President of Sando, accepted the award in the Sal\u00f3n de los Espejos at M\u00e1laga City Hall, accompanied by Nina Tercero, Director of Human Resources, and Cintia Calles, Head of Labour Relations.<\/p>\n\n<p>. The fourth edition of the awards, presented in the \u201cEmpresa Malague\u00f1a Igualitaria y Conciliadora\u201d category, was presided over by M\u00e1laga&#8217;s Mayor, Francisco de la Torre. Other notable attendees included members of the jury and local government, such as Elisa P\u00e9rez de Siles, First Deputy Mayor and Councillor for Commerce, Public Space Management, Promotion of Business Activity, and Strategic Public Procurement, as well as Francisco Cantos, Councillor for Social Rights, Diversity, Equality, and Accessibility. <\/p>\n\n<p>Sando received the distinction alongside four other companies: Talento y Empleo, Fras\u00e1n Servicios Medioambientales, Q-Fenix 25, and Coaching Airlines.<\/p>\n\n<h3 class=\"wp-block-heading\"><strong>Commitment to Equality and Work-Life Balance<\/strong><\/h3>\n\n<p>This award reinforces Sando&#8217;s ongoing efforts in the fight for equality and work-life balance, and adds to other recognitions, such as the one awarded by the <a href=\"https:\/\/www.sando.com\/en\/actualidad\/sando-construccion-enters-the-corporate-equality-index-at-number-29-the-only-construction-company-in-the-country\" target=\"_blank\" rel=\"noreferrer noopener\">Women Forward Foundation<\/a> in 2024. This recognition certifies Sando Construction as the only construction company in the country to be part of the Ranking of Companies for Equality.<\/p>\n\n<p>At Sando, the most valuable asset is its people. As such, the company has made a commitment to its workforce, which consists of more than 2,500 professionals, to ensure that they enjoy equal opportunities.<\/p>\n\n<p>This philosophy is reflected through the company\u2019s Equality Plan and its Diversity, Equity, and Inclusion Policy, which is a cross-cutting document designed to promote an inclusive and equitable work environment where individual differences are valued and respected. Furthermore, Sando has a <a href=\"https:\/\/www.sando.com\/contenido\/subidas\/2024\/10\/Sando_Politica-de-Derechos-Humanos_octubre24-1.pdf\" target=\"_blank\" rel=\"noreferrer noopener\">Human Rights Policy<\/a> in place. <\/p>\n\n<p>The attraction, retention, and development of talent are core pillars of the company, aligning with the ESG (Environmental, Social, and Governance) criteria and the defined <a href=\"https:\/\/www.sando.com\/en\/sustainability\" target=\"_blank\" rel=\"noreferrer noopener\">sustainability <\/a>strategy.<\/p>\n\n<p><\/p>\n","protected":false},"excerpt":{"rendered":"This recognition adds to Sando&#8217;s entry in the 2024 Ranking of Companies for Equality, where it stands as the only construction company in the country. Sando has been awarded the &#8220;Empresa Malague\u00f1a Igualitaria y Conciliadora&#8221; distinction by the Social Rights, Diversity, Equality, and Accessibility Department of the M\u00e1laga City Council. This public recognition highlights the&#8230; <a class=\"view-article\" href=\"https:\/\/www.sando.com\/en\/reemplazos\/conacon-sando\">View Article<\/a>","protected":false},"author":6,"featured_media":46354,"comment_status":"closed","ping_status":"closed","sticky":false,"template":"","format":"standard","meta":{"_acf_changed":false,"footnotes":""},"categories":[980,979,1523],"tags":[1864,1516,1865,1833,1866,1867,1517,1798],"tax_brand":[1767],"tax_services":[],"tax_location":[],"class_list":["post-49922","post","type-post","status-publish","format-standard","has-post-thumbnail","hentry","category-comunicacion-comunicacion-en","category-communication","category-corporate-social-responsibility","tag-conciliation","tag-rsc-en-2","tag-equality-en","tag-esg-en-2","tag-human-resources","tag-people","tag-social-responsibility","tag-sostenibilidad-en-2","tax_brand-sando-en"],"acf":[],"yoast_head":"<!-- This site is optimized with the Yoast SEO plugin v27.4 - https:\/\/yoast.com\/product\/yoast-seo-wordpress\/ -->\n<title>Sando Receives the \u201cEmpresa Igualitaria y Conciliadora\u201d Distinction<\/title>\n<meta name=\"description\" content=\"Malaga City Council has awarded Sando the \u2018Empresa Malague\u00f1a igualitaria y conciliadora\u2019 award for the promotion of equality\" \/>\n<meta name=\"robots\" content=\"index, follow, max-snippet:-1, max-image-preview:large, max-video-preview:-1\" \/>\n<link rel=\"canonical\" href=\"https:\/\/www.sando.com\/en\/actualidad\/sando-receives-the-empresa-malaguena-igualitaria-y-conciliadora-distinction\" \/>\n<meta property=\"og:locale\" content=\"en_US\" \/>\n<meta property=\"og:type\" content=\"article\" \/>\n<meta property=\"og:title\" content=\"Sando Receives the \u201cEmpresa Igualitaria y Conciliadora\u201d Distinction\" \/>\n<meta property=\"og:description\" content=\"Malaga City Council has awarded Sando the \u2018Empresa Malague\u00f1a igualitaria y conciliadora\u2019 award for the promotion of equality\" \/>\n<meta property=\"og:url\" content=\"https:\/\/www.sando.com\/en\/actualidad\/sando-receives-the-empresa-malaguena-igualitaria-y-conciliadora-distinction\" \/>\n<meta property=\"og:site_name\" content=\"Sando\" \/>\n<meta property=\"article:published_time\" content=\"2025-02-12T12:29:37+00:00\" \/>\n<meta property=\"article:modified_time\" content=\"2025-10-07T16:10:16+00:00\" \/>\n<meta property=\"og:image\" content=\"https:\/\/www.sando.com\/contenido\/subidas\/2025\/02\/foto-equipo.jpg\" \/>\n\t<meta property=\"og:image:width\" content=\"1529\" \/>\n\t<meta property=\"og:image:height\" content=\"1022\" \/>\n\t<meta property=\"og:image:type\" content=\"image\/jpeg\" \/>\n<meta name=\"author\" content=\"Ignacio Miranda\" \/>\n<meta name=\"twitter:card\" content=\"summary_large_image\" \/>\n<meta name=\"twitter:label1\" content=\"Written by\" \/>\n\t<meta name=\"twitter:data1\" content=\"Ignacio Miranda\" \/>\n\t<meta name=\"twitter:label2\" content=\"Est. reading time\" \/>\n\t<meta name=\"twitter:data2\" content=\"2 minutes\" \/>\n<script type=\"application\/ld+json\" class=\"yoast-schema-graph\">{\"@context\":\"https:\\\/\\\/schema.org\",\"@graph\":[{\"@type\":\"Article\",\"@id\":\"https:\\\/\\\/www.sando.com\\\/en\\\/actualidad\\\/sando-receives-the-empresa-malaguena-igualitaria-y-conciliadora-distinction#article\",\"isPartOf\":{\"@id\":\"https:\\\/\\\/www.sando.com\\\/en\\\/actualidad\\\/sando-receives-the-empresa-malaguena-igualitaria-y-conciliadora-distinction\"},\"author\":{\"name\":\"Ignacio Miranda\",\"@id\":\"https:\\\/\\\/www.sando.com\\\/en#\\\/schema\\\/person\\\/de9e7d8314e1c13302097b9d7abd6f62\"},\"headline\":\"Sando Receives the \u201cEmpresa Malague\u00f1a Igualitaria y Conciliadora\u201d Distinction\",\"datePublished\":\"2025-02-12T12:29:37+00:00\",\"dateModified\":\"2025-10-07T16:10:16+00:00\",\"mainEntityOfPage\":{\"@id\":\"https:\\\/\\\/www.sando.com\\\/en\\\/actualidad\\\/sando-receives-the-empresa-malaguena-igualitaria-y-conciliadora-distinction\"},\"wordCount\":382,\"publisher\":{\"@id\":\"https:\\\/\\\/www.sando.com\\\/en#organization\"},\"image\":{\"@id\":\"https:\\\/\\\/www.sando.com\\\/en\\\/actualidad\\\/sando-receives-the-empresa-malaguena-igualitaria-y-conciliadora-distinction#primaryimage\"},\"thumbnailUrl\":\"https:\\\/\\\/www.sando.com\\\/contenido\\\/subidas\\\/2025\\\/02\\\/foto-equipo.jpg\",\"keywords\":[\"conciliation\",\"CSR\",\"equality\",\"esg\",\"Human Resources\",\"people\",\"Social Responsibility\",\"Sustainability\"],\"articleSection\":[\"Blog-EN\",\"Communication\",\"Corporate Social Responsibility\"],\"inLanguage\":\"en-US\"},{\"@type\":\"WebPage\",\"@id\":\"https:\\\/\\\/www.sando.com\\\/en\\\/actualidad\\\/sando-receives-the-empresa-malaguena-igualitaria-y-conciliadora-distinction\",\"url\":\"https:\\\/\\\/www.sando.com\\\/en\\\/actualidad\\\/sando-receives-the-empresa-malaguena-igualitaria-y-conciliadora-distinction\",\"name\":\"Sando Receives the \u201cEmpresa Igualitaria y Conciliadora\u201d Distinction\",\"isPartOf\":{\"@id\":\"https:\\\/\\\/www.sando.com\\\/en#website\"},\"primaryImageOfPage\":{\"@id\":\"https:\\\/\\\/www.sando.com\\\/en\\\/actualidad\\\/sando-receives-the-empresa-malaguena-igualitaria-y-conciliadora-distinction#primaryimage\"},\"image\":{\"@id\":\"https:\\\/\\\/www.sando.com\\\/en\\\/actualidad\\\/sando-receives-the-empresa-malaguena-igualitaria-y-conciliadora-distinction#primaryimage\"},\"thumbnailUrl\":\"https:\\\/\\\/www.sando.com\\\/contenido\\\/subidas\\\/2025\\\/02\\\/foto-equipo.jpg\",\"datePublished\":\"2025-02-12T12:29:37+00:00\",\"dateModified\":\"2025-10-07T16:10:16+00:00\",\"description\":\"Malaga City Council has awarded Sando the \u2018Empresa Malague\u00f1a igualitaria y conciliadora\u2019 award for the promotion of equality\",\"breadcrumb\":{\"@id\":\"https:\\\/\\\/www.sando.com\\\/en\\\/actualidad\\\/sando-receives-the-empresa-malaguena-igualitaria-y-conciliadora-distinction#breadcrumb\"},\"inLanguage\":\"en-US\",\"potentialAction\":[{\"@type\":\"ReadAction\",\"target\":[\"https:\\\/\\\/www.sando.com\\\/en\\\/actualidad\\\/sando-receives-the-empresa-malaguena-igualitaria-y-conciliadora-distinction\"]}]},{\"@type\":\"ImageObject\",\"inLanguage\":\"en-US\",\"@id\":\"https:\\\/\\\/www.sando.com\\\/en\\\/actualidad\\\/sando-receives-the-empresa-malaguena-igualitaria-y-conciliadora-distinction#primaryimage\",\"url\":\"https:\\\/\\\/www.sando.com\\\/contenido\\\/subidas\\\/2025\\\/02\\\/foto-equipo.jpg\",\"contentUrl\":\"https:\\\/\\\/www.sando.com\\\/contenido\\\/subidas\\\/2025\\\/02\\\/foto-equipo.jpg\",\"width\":1529,\"height\":1022,\"caption\":\"l Ayuntamiento de M\u00e1laga ha concedido a Sando el distintivo Empresa Malague\u00f1a Igualitaria y conciliadora. Un reconocimiento p\u00fablico a la labor de la compa\u00f1\u00eda en la promoci\u00f3n de la igualdad de derechos y oportunidades entre hombres y mujeres.\"},{\"@type\":\"BreadcrumbList\",\"@id\":\"https:\\\/\\\/www.sando.com\\\/en\\\/actualidad\\\/sando-receives-the-empresa-malaguena-igualitaria-y-conciliadora-distinction#breadcrumb\",\"itemListElement\":[{\"@type\":\"ListItem\",\"position\":1,\"name\":\"Portada\",\"item\":\"https:\\\/\\\/www.sando.com\\\/en\"},{\"@type\":\"ListItem\",\"position\":2,\"name\":\"Sando Receives the \u201cEmpresa Malague\u00f1a Igualitaria y Conciliadora\u201d Distinction\"}]},{\"@type\":\"WebSite\",\"@id\":\"https:\\\/\\\/www.sando.com\\\/en#website\",\"url\":\"https:\\\/\\\/www.sando.com\\\/en\",\"name\":\"Sando\",\"description\":\"\",\"publisher\":{\"@id\":\"https:\\\/\\\/www.sando.com\\\/en#organization\"},\"potentialAction\":[{\"@type\":\"SearchAction\",\"target\":{\"@type\":\"EntryPoint\",\"urlTemplate\":\"https:\\\/\\\/www.sando.com\\\/en?s={search_term_string}\"},\"query-input\":{\"@type\":\"PropertyValueSpecification\",\"valueRequired\":true,\"valueName\":\"search_term_string\"}}],\"inLanguage\":\"en-US\"},{\"@type\":\"Organization\",\"@id\":\"https:\\\/\\\/www.sando.com\\\/en#organization\",\"name\":\"Sando\",\"url\":\"https:\\\/\\\/www.sando.com\\\/en\",\"logo\":{\"@type\":\"ImageObject\",\"inLanguage\":\"en-US\",\"@id\":\"https:\\\/\\\/www.sando.com\\\/en#\\\/schema\\\/logo\\\/image\\\/\",\"url\":\"\",\"contentUrl\":\"\",\"caption\":\"Sando\"},\"image\":{\"@id\":\"https:\\\/\\\/www.sando.com\\\/en#\\\/schema\\\/logo\\\/image\\\/\"}},{\"@type\":\"Person\",\"@id\":\"https:\\\/\\\/www.sando.com\\\/en#\\\/schema\\\/person\\\/de9e7d8314e1c13302097b9d7abd6f62\",\"name\":\"Ignacio Miranda\",\"image\":{\"@type\":\"ImageObject\",\"inLanguage\":\"en-US\",\"@id\":\"https:\\\/\\\/secure.gravatar.com\\\/avatar\\\/70b7487f1d3f0535f36d3ce7bc97e9729e4efb96033c2bb2f37aa99d6026879b?s=96&d=mm&r=g\",\"url\":\"https:\\\/\\\/secure.gravatar.com\\\/avatar\\\/70b7487f1d3f0535f36d3ce7bc97e9729e4efb96033c2bb2f37aa99d6026879b?s=96&d=mm&r=g\",\"contentUrl\":\"https:\\\/\\\/secure.gravatar.com\\\/avatar\\\/70b7487f1d3f0535f36d3ce7bc97e9729e4efb96033c2bb2f37aa99d6026879b?s=96&d=mm&r=g\",\"caption\":\"Ignacio Miranda\"}}]}<\/script>\n<!-- \/ Yoast SEO plugin. -->","yoast_head_json":{"title":"Sando Receives the \u201cEmpresa Igualitaria y Conciliadora\u201d Distinction","description":"Malaga City Council has awarded Sando the \u2018Empresa Malague\u00f1a igualitaria y conciliadora\u2019 award for the promotion of equality","robots":{"index":"index","follow":"follow","max-snippet":"max-snippet:-1","max-image-preview":"max-image-preview:large","max-video-preview":"max-video-preview:-1"},"canonical":"https:\/\/www.sando.com\/en\/actualidad\/sando-receives-the-empresa-malaguena-igualitaria-y-conciliadora-distinction","og_locale":"en_US","og_type":"article","og_title":"Sando Receives the \u201cEmpresa Igualitaria y Conciliadora\u201d Distinction","og_description":"Malaga City Council has awarded Sando the \u2018Empresa Malague\u00f1a igualitaria y conciliadora\u2019 award for the promotion of equality","og_url":"https:\/\/www.sando.com\/en\/actualidad\/sando-receives-the-empresa-malaguena-igualitaria-y-conciliadora-distinction","og_site_name":"Sando","article_published_time":"2025-02-12T12:29:37+00:00","article_modified_time":"2025-10-07T16:10:16+00:00","og_image":[{"width":1529,"height":1022,"url":"https:\/\/www.sando.com\/contenido\/subidas\/2025\/02\/foto-equipo.jpg","type":"image\/jpeg"}],"author":"Ignacio Miranda","twitter_card":"summary_large_image","twitter_misc":{"Written by":"Ignacio Miranda","Est. reading time":"2 minutes"},"schema":{"@context":"https:\/\/schema.org","@graph":[{"@type":"Article","@id":"https:\/\/www.sando.com\/en\/actualidad\/sando-receives-the-empresa-malaguena-igualitaria-y-conciliadora-distinction#article","isPartOf":{"@id":"https:\/\/www.sando.com\/en\/actualidad\/sando-receives-the-empresa-malaguena-igualitaria-y-conciliadora-distinction"},"author":{"name":"Ignacio Miranda","@id":"https:\/\/www.sando.com\/en#\/schema\/person\/de9e7d8314e1c13302097b9d7abd6f62"},"headline":"Sando Receives the \u201cEmpresa Malague\u00f1a Igualitaria y Conciliadora\u201d Distinction","datePublished":"2025-02-12T12:29:37+00:00","dateModified":"2025-10-07T16:10:16+00:00","mainEntityOfPage":{"@id":"https:\/\/www.sando.com\/en\/actualidad\/sando-receives-the-empresa-malaguena-igualitaria-y-conciliadora-distinction"},"wordCount":382,"publisher":{"@id":"https:\/\/www.sando.com\/en#organization"},"image":{"@id":"https:\/\/www.sando.com\/en\/actualidad\/sando-receives-the-empresa-malaguena-igualitaria-y-conciliadora-distinction#primaryimage"},"thumbnailUrl":"https:\/\/www.sando.com\/contenido\/subidas\/2025\/02\/foto-equipo.jpg","keywords":["conciliation","CSR","equality","esg","Human Resources","people","Social Responsibility","Sustainability"],"articleSection":["Blog-EN","Communication","Corporate Social Responsibility"],"inLanguage":"en-US"},{"@type":"WebPage","@id":"https:\/\/www.sando.com\/en\/actualidad\/sando-receives-the-empresa-malaguena-igualitaria-y-conciliadora-distinction","url":"https:\/\/www.sando.com\/en\/actualidad\/sando-receives-the-empresa-malaguena-igualitaria-y-conciliadora-distinction","name":"Sando Receives the \u201cEmpresa Igualitaria y Conciliadora\u201d Distinction","isPartOf":{"@id":"https:\/\/www.sando.com\/en#website"},"primaryImageOfPage":{"@id":"https:\/\/www.sando.com\/en\/actualidad\/sando-receives-the-empresa-malaguena-igualitaria-y-conciliadora-distinction#primaryimage"},"image":{"@id":"https:\/\/www.sando.com\/en\/actualidad\/sando-receives-the-empresa-malaguena-igualitaria-y-conciliadora-distinction#primaryimage"},"thumbnailUrl":"https:\/\/www.sando.com\/contenido\/subidas\/2025\/02\/foto-equipo.jpg","datePublished":"2025-02-12T12:29:37+00:00","dateModified":"2025-10-07T16:10:16+00:00","description":"Malaga City Council has awarded Sando the \u2018Empresa Malague\u00f1a igualitaria y conciliadora\u2019 award for the promotion of equality","breadcrumb":{"@id":"https:\/\/www.sando.com\/en\/actualidad\/sando-receives-the-empresa-malaguena-igualitaria-y-conciliadora-distinction#breadcrumb"},"inLanguage":"en-US","potentialAction":[{"@type":"ReadAction","target":["https:\/\/www.sando.com\/en\/actualidad\/sando-receives-the-empresa-malaguena-igualitaria-y-conciliadora-distinction"]}]},{"@type":"ImageObject","inLanguage":"en-US","@id":"https:\/\/www.sando.com\/en\/actualidad\/sando-receives-the-empresa-malaguena-igualitaria-y-conciliadora-distinction#primaryimage","url":"https:\/\/www.sando.com\/contenido\/subidas\/2025\/02\/foto-equipo.jpg","contentUrl":"https:\/\/www.sando.com\/contenido\/subidas\/2025\/02\/foto-equipo.jpg","width":1529,"height":1022,"caption":"l Ayuntamiento de M\u00e1laga ha concedido a Sando el distintivo Empresa Malague\u00f1a Igualitaria y conciliadora. Un reconocimiento p\u00fablico a la labor de la compa\u00f1\u00eda en la promoci\u00f3n de la igualdad de derechos y oportunidades entre hombres y mujeres."},{"@type":"BreadcrumbList","@id":"https:\/\/www.sando.com\/en\/actualidad\/sando-receives-the-empresa-malaguena-igualitaria-y-conciliadora-distinction#breadcrumb","itemListElement":[{"@type":"ListItem","position":1,"name":"Portada","item":"https:\/\/www.sando.com\/en"},{"@type":"ListItem","position":2,"name":"Sando Receives the \u201cEmpresa Malague\u00f1a Igualitaria y Conciliadora\u201d Distinction"}]},{"@type":"WebSite","@id":"https:\/\/www.sando.com\/en#website","url":"https:\/\/www.sando.com\/en","name":"Sando","description":"","publisher":{"@id":"https:\/\/www.sando.com\/en#organization"},"potentialAction":[{"@type":"SearchAction","target":{"@type":"EntryPoint","urlTemplate":"https:\/\/www.sando.com\/en?s={search_term_string}"},"query-input":{"@type":"PropertyValueSpecification","valueRequired":true,"valueName":"search_term_string"}}],"inLanguage":"en-US"},{"@type":"Organization","@id":"https:\/\/www.sando.com\/en#organization","name":"Sando","url":"https:\/\/www.sando.com\/en","logo":{"@type":"ImageObject","inLanguage":"en-US","@id":"https:\/\/www.sando.com\/en#\/schema\/logo\/image\/","url":"","contentUrl":"","caption":"Sando"},"image":{"@id":"https:\/\/www.sando.com\/en#\/schema\/logo\/image\/"}},{"@type":"Person","@id":"https:\/\/www.sando.com\/en#\/schema\/person\/de9e7d8314e1c13302097b9d7abd6f62","name":"Ignacio Miranda","image":{"@type":"ImageObject","inLanguage":"en-US","@id":"https:\/\/secure.gravatar.com\/avatar\/70b7487f1d3f0535f36d3ce7bc97e9729e4efb96033c2bb2f37aa99d6026879b?s=96&d=mm&r=g","url":"https:\/\/secure.gravatar.com\/avatar\/70b7487f1d3f0535f36d3ce7bc97e9729e4efb96033c2bb2f37aa99d6026879b?s=96&d=mm&r=g","contentUrl":"https:\/\/secure.gravatar.com\/avatar\/70b7487f1d3f0535f36d3ce7bc97e9729e4efb96033c2bb2f37aa99d6026879b?s=96&d=mm&r=g","caption":"Ignacio Miranda"}}]}},"_links":{"self":[{"href":"https:\/\/www.sando.com\/en\/wp-json\/wp\/v2\/posts\/49922","targetHints":{"allow":["GET"]}}],"collection":[{"href":"https:\/\/www.sando.com\/en\/wp-json\/wp\/v2\/posts"}],"about":[{"href":"https:\/\/www.sando.com\/en\/wp-json\/wp\/v2\/types\/post"}],"author":[{"embeddable":true,"href":"https:\/\/www.sando.com\/en\/wp-json\/wp\/v2\/users\/6"}],"replies":[{"embeddable":true,"href":"https:\/\/www.sando.com\/en\/wp-json\/wp\/v2\/comments?post=49922"}],"version-history":[{"count":0,"href":"https:\/\/www.sando.com\/en\/wp-json\/wp\/v2\/posts\/49922\/revisions"}],"wp:featuredmedia":[{"embeddable":true,"href":"https:\/\/www.sando.com\/en\/wp-json\/wp\/v2\/media\/46354"}],"wp:attachment":[{"href":"https:\/\/www.sando.com\/en\/wp-json\/wp\/v2\/media?parent=49922"}],"wp:term":[{"taxonomy":"category","embeddable":true,"href":"https:\/\/www.sando.com\/en\/wp-json\/wp\/v2\/categories?post=49922"},{"taxonomy":"post_tag","embeddable":true,"href":"https:\/\/www.sando.com\/en\/wp-json\/wp\/v2\/tags?post=49922"},{"taxonomy":"tax_brand","embeddable":true,"href":"https:\/\/www.sando.com\/en\/wp-json\/wp\/v2\/tax_brand?post=49922"},{"taxonomy":"tax_services","embeddable":true,"href":"https:\/\/www.sando.com\/en\/wp-json\/wp\/v2\/tax_services?post=49922"},{"taxonomy":"tax_location","embeddable":true,"href":"https:\/\/www.sando.com\/en\/wp-json\/wp\/v2\/tax_location?post=49922"}],"curies":[{"name":"wp","href":"https:\/\/api.w.org\/{rel}","templated":true}]}}