{"id":54462,"date":"2025-06-05T11:12:42","date_gmt":"2025-06-05T11:12:42","guid":{"rendered":"https:\/\/www.sando.com\/actualidad\/acp-malaga-honours-jose-luis-sanchez-dominguez"},"modified":"2025-10-07T16:07:00","modified_gmt":"2025-10-07T16:07:00","slug":"acp-malaga-honours-jose-luis-sanchez-dominguez","status":"publish","type":"post","link":"https:\/\/www.sando.com\/en\/actualidad\/acp-malaga-honours-jose-luis-sanchez-dominguez","title":{"rendered":"ACP M\u00e1laga Honours Jos\u00e9 Luis S\u00e1nchez Dom\u00ednguez"},"content":{"rendered":"\n<p>This week, our Honorary Chairman, <strong>Jos\u00e9 Luis S\u00e1nchez Dom\u00ednguez<\/strong>, was honoured by the <strong>Provincial Association of Builders and Property Developers of M\u00e1laga (<a href=\"https:\/\/acpmalaga.com\/\" target=\"_blank\" rel=\"noreferrer noopener\">ACP M\u00e1laga<\/a>)<\/strong> as part of its 50th anniversary celebrations. The tribute recognised his role as <strong>founder of the Association <\/strong>y su contribuci\u00f3n al desarrollo del sector en la provincia. <\/p>\n\n<p>Sando was one of the pioneering companies that helped lay the foundations of the ACP. Over the past five decades, ACP M\u00e1laga has grown and established a legacy that we at Sando are proud to share. <\/p>\n\n<p>During the commemorative event, the <strong><a href=\"https:\/\/www.juntadeandalucia.es\/organismos\/fomentoarticulaciondelterritorioyvivienda.html\" target=\"_blank\" rel=\"noreferrer noopener\">Regional Minister for Development, Territorial Planning and Housing of the Andalusian Government<\/a><\/strong> presented the award to Jos\u00e9 Luis S\u00e1nchez Dom\u00ednguez, highlighting his determination, vision, and perseverance as an entrepreneur.<\/p>\n\n<p>He was honoured alongside other prominent business figures, including Felipe Acha, Carlos Guti\u00e9rrez-Maturana, Jos\u00e9 Antonio Lozano, Crist\u00f3bal Pe\u00f1arroya, Francisco Porras, Francisco Reina, Miguel Rodr\u00edguez, and Francisco Vera.<\/p>\n\n<p>This kind of recognition reminds us of the enduring value of <a href=\"https:\/\/www.sando.com\/en\/actualidad\/50-years-building-the-future-through-major-projects\" target=\"_blank\" rel=\"noreferrer noopener\">experiencia <\/a> and dedication, and reinforces our ongoing commitment to the future at Sando.<\/p>\n\n<p><\/p>\n","protected":false},"excerpt":{"rendered":"This week, our Honorary Chairman, Jos\u00e9 Luis S\u00e1nchez Dom\u00ednguez, was honoured by the Provincial Association of Builders and Property Developers of M\u00e1laga (ACP M\u00e1laga) as part of its 50th anniversary celebrations. The tribute recognised his role as founder of the Association y su contribuci\u00f3n al desarrollo del sector en la provincia. Sando was one of&#8230; <a class=\"view-article\" href=\"https:\/\/www.sando.com\/en\/reemplazos\/conacon-sando\">View Article<\/a>","protected":false},"author":6,"featured_media":51972,"comment_status":"closed","ping_status":"closed","sticky":false,"template":"","format":"standard","meta":{"_acf_changed":false,"footnotes":""},"categories":[980,979,1523,1478],"tags":[1838,1513,1833,1417,1509,1517,1798],"tax_brand":[1763,1767,1765],"tax_services":[],"tax_location":[],"class_list":["post-54462","post","type-post","status-publish","format-standard","has-post-thumbnail","hentry","category-comunicacion-comunicacion-en","category-communication","category-corporate-social-responsibility","category-responsabilidad-social-corporativa","tag-50th-anniversary","tag-construction","tag-esg-en-2","tag-esg-en","tag-infrastructure","tag-social-responsibility","tag-sostenibilidad-en-2","tax_brand-conacon-en","tax_brand-sando-en","tax_brand-sando-construccion-en"],"acf":[],"yoast_head":"<!-- This site is optimized with the Yoast SEO plugin v27.4 - https:\/\/yoast.com\/product\/yoast-seo-wordpress\/ -->\n<title>ACP M\u00e1laga Honours Jos\u00e9 Luis S\u00e1nchez Dom\u00ednguez<\/title>\n<meta name=\"description\" content=\"The Provincial Association of Builders and Developers of Malaga has recognised the work of the honorary president, Jos\u00e9 Luis S\u00e1nchez Dom\u00ednguez.\" \/>\n<meta name=\"robots\" content=\"index, follow, max-snippet:-1, max-image-preview:large, max-video-preview:-1\" \/>\n<link rel=\"canonical\" href=\"https:\/\/www.sando.com\/en\/actualidad\/acp-malaga-honours-jose-luis-sanchez-dominguez\" \/>\n<meta property=\"og:locale\" content=\"en_US\" \/>\n<meta property=\"og:type\" content=\"article\" \/>\n<meta property=\"og:title\" content=\"ACP M\u00e1laga Honours Jos\u00e9 Luis S\u00e1nchez Dom\u00ednguez\" \/>\n<meta property=\"og:description\" content=\"The Provincial Association of Builders and Developers of Malaga has recognised the work of the honorary president, Jos\u00e9 Luis S\u00e1nchez Dom\u00ednguez.\" \/>\n<meta property=\"og:url\" content=\"https:\/\/www.sando.com\/en\/actualidad\/acp-malaga-honours-jose-luis-sanchez-dominguez\" \/>\n<meta property=\"og:site_name\" content=\"Sando\" \/>\n<meta property=\"article:published_time\" content=\"2025-06-05T11:12:42+00:00\" \/>\n<meta property=\"article:modified_time\" content=\"2025-10-07T16:07:00+00:00\" \/>\n<meta property=\"og:image\" content=\"https:\/\/www.sando.com\/contenido\/subidas\/2025\/06\/J81A1419-ft.jpg\" \/>\n\t<meta property=\"og:image:width\" content=\"1627\" \/>\n\t<meta property=\"og:image:height\" content=\"2270\" \/>\n\t<meta property=\"og:image:type\" content=\"image\/jpeg\" \/>\n<meta name=\"author\" content=\"Ignacio Miranda\" \/>\n<meta name=\"twitter:card\" content=\"summary_large_image\" \/>\n<meta name=\"twitter:label1\" content=\"Written by\" \/>\n\t<meta name=\"twitter:data1\" content=\"Ignacio Miranda\" \/>\n\t<meta name=\"twitter:label2\" content=\"Est. reading time\" \/>\n\t<meta name=\"twitter:data2\" content=\"1 minute\" \/>\n<script type=\"application\/ld+json\" class=\"yoast-schema-graph\">{\"@context\":\"https:\\\/\\\/schema.org\",\"@graph\":[{\"@type\":\"Article\",\"@id\":\"https:\\\/\\\/www.sando.com\\\/en\\\/actualidad\\\/acp-malaga-honours-jose-luis-sanchez-dominguez#article\",\"isPartOf\":{\"@id\":\"https:\\\/\\\/www.sando.com\\\/en\\\/actualidad\\\/acp-malaga-honours-jose-luis-sanchez-dominguez\"},\"author\":{\"name\":\"Ignacio Miranda\",\"@id\":\"https:\\\/\\\/www.sando.com\\\/en#\\\/schema\\\/person\\\/de9e7d8314e1c13302097b9d7abd6f62\"},\"headline\":\"ACP M\u00e1laga Honours Jos\u00e9 Luis S\u00e1nchez Dom\u00ednguez\",\"datePublished\":\"2025-06-05T11:12:42+00:00\",\"dateModified\":\"2025-10-07T16:07:00+00:00\",\"mainEntityOfPage\":{\"@id\":\"https:\\\/\\\/www.sando.com\\\/en\\\/actualidad\\\/acp-malaga-honours-jose-luis-sanchez-dominguez\"},\"wordCount\":194,\"publisher\":{\"@id\":\"https:\\\/\\\/www.sando.com\\\/en#organization\"},\"image\":{\"@id\":\"https:\\\/\\\/www.sando.com\\\/en\\\/actualidad\\\/acp-malaga-honours-jose-luis-sanchez-dominguez#primaryimage\"},\"thumbnailUrl\":\"https:\\\/\\\/www.sando.com\\\/contenido\\\/subidas\\\/2025\\\/06\\\/J81A1419-ft.jpg\",\"keywords\":[\"50th Anniversary\",\"Construction\",\"esg\",\"esg\",\"Infrastructure\",\"Social Responsibility\",\"Sustainability\"],\"articleSection\":[\"Blog-EN\",\"Communication\",\"Corporate Social Responsibility\",\"Responsabilidad Social Corporativa\"],\"inLanguage\":\"en-US\"},{\"@type\":\"WebPage\",\"@id\":\"https:\\\/\\\/www.sando.com\\\/en\\\/actualidad\\\/acp-malaga-honours-jose-luis-sanchez-dominguez\",\"url\":\"https:\\\/\\\/www.sando.com\\\/en\\\/actualidad\\\/acp-malaga-honours-jose-luis-sanchez-dominguez\",\"name\":\"ACP M\u00e1laga Honours Jos\u00e9 Luis S\u00e1nchez Dom\u00ednguez\",\"isPartOf\":{\"@id\":\"https:\\\/\\\/www.sando.com\\\/en#website\"},\"primaryImageOfPage\":{\"@id\":\"https:\\\/\\\/www.sando.com\\\/en\\\/actualidad\\\/acp-malaga-honours-jose-luis-sanchez-dominguez#primaryimage\"},\"image\":{\"@id\":\"https:\\\/\\\/www.sando.com\\\/en\\\/actualidad\\\/acp-malaga-honours-jose-luis-sanchez-dominguez#primaryimage\"},\"thumbnailUrl\":\"https:\\\/\\\/www.sando.com\\\/contenido\\\/subidas\\\/2025\\\/06\\\/J81A1419-ft.jpg\",\"datePublished\":\"2025-06-05T11:12:42+00:00\",\"dateModified\":\"2025-10-07T16:07:00+00:00\",\"description\":\"The Provincial Association of Builders and Developers of Malaga has recognised the work of the honorary president, Jos\u00e9 Luis S\u00e1nchez Dom\u00ednguez.\",\"breadcrumb\":{\"@id\":\"https:\\\/\\\/www.sando.com\\\/en\\\/actualidad\\\/acp-malaga-honours-jose-luis-sanchez-dominguez#breadcrumb\"},\"inLanguage\":\"en-US\",\"potentialAction\":[{\"@type\":\"ReadAction\",\"target\":[\"https:\\\/\\\/www.sando.com\\\/en\\\/actualidad\\\/acp-malaga-honours-jose-luis-sanchez-dominguez\"]}]},{\"@type\":\"ImageObject\",\"inLanguage\":\"en-US\",\"@id\":\"https:\\\/\\\/www.sando.com\\\/en\\\/actualidad\\\/acp-malaga-honours-jose-luis-sanchez-dominguez#primaryimage\",\"url\":\"https:\\\/\\\/www.sando.com\\\/contenido\\\/subidas\\\/2025\\\/06\\\/J81A1419-ft.jpg\",\"contentUrl\":\"https:\\\/\\\/www.sando.com\\\/contenido\\\/subidas\\\/2025\\\/06\\\/J81A1419-ft.jpg\",\"width\":1627,\"height\":2270,\"caption\":\"Esta \u00faltima semana, nuestro presidente de honor,\u00a0Jos\u00e9 Luis S\u00e1nchez Dom\u00ednguez, ha sido reconocido por la\u00a0Asociaci\u00f3n Provincial de Constructores y Promotores de M\u00e1laga (ACP M\u00e1laga)\u00a0con motivo de su 50 aniversario. Un homenaje que pone en valor su papel como\u00a0fundador de la entidad\u00a0y su contribuci\u00f3n al desarrollo del sector en la provincia.\"},{\"@type\":\"BreadcrumbList\",\"@id\":\"https:\\\/\\\/www.sando.com\\\/en\\\/actualidad\\\/acp-malaga-honours-jose-luis-sanchez-dominguez#breadcrumb\",\"itemListElement\":[{\"@type\":\"ListItem\",\"position\":1,\"name\":\"Portada\",\"item\":\"https:\\\/\\\/www.sando.com\\\/en\"},{\"@type\":\"ListItem\",\"position\":2,\"name\":\"ACP M\u00e1laga Honours Jos\u00e9 Luis S\u00e1nchez Dom\u00ednguez\"}]},{\"@type\":\"WebSite\",\"@id\":\"https:\\\/\\\/www.sando.com\\\/en#website\",\"url\":\"https:\\\/\\\/www.sando.com\\\/en\",\"name\":\"Sando\",\"description\":\"\",\"publisher\":{\"@id\":\"https:\\\/\\\/www.sando.com\\\/en#organization\"},\"potentialAction\":[{\"@type\":\"SearchAction\",\"target\":{\"@type\":\"EntryPoint\",\"urlTemplate\":\"https:\\\/\\\/www.sando.com\\\/en?s={search_term_string}\"},\"query-input\":{\"@type\":\"PropertyValueSpecification\",\"valueRequired\":true,\"valueName\":\"search_term_string\"}}],\"inLanguage\":\"en-US\"},{\"@type\":\"Organization\",\"@id\":\"https:\\\/\\\/www.sando.com\\\/en#organization\",\"name\":\"Sando\",\"url\":\"https:\\\/\\\/www.sando.com\\\/en\",\"logo\":{\"@type\":\"ImageObject\",\"inLanguage\":\"en-US\",\"@id\":\"https:\\\/\\\/www.sando.com\\\/en#\\\/schema\\\/logo\\\/image\\\/\",\"url\":\"\",\"contentUrl\":\"\",\"caption\":\"Sando\"},\"image\":{\"@id\":\"https:\\\/\\\/www.sando.com\\\/en#\\\/schema\\\/logo\\\/image\\\/\"}},{\"@type\":\"Person\",\"@id\":\"https:\\\/\\\/www.sando.com\\\/en#\\\/schema\\\/person\\\/de9e7d8314e1c13302097b9d7abd6f62\",\"name\":\"Ignacio Miranda\",\"image\":{\"@type\":\"ImageObject\",\"inLanguage\":\"en-US\",\"@id\":\"https:\\\/\\\/secure.gravatar.com\\\/avatar\\\/70b7487f1d3f0535f36d3ce7bc97e9729e4efb96033c2bb2f37aa99d6026879b?s=96&d=mm&r=g\",\"url\":\"https:\\\/\\\/secure.gravatar.com\\\/avatar\\\/70b7487f1d3f0535f36d3ce7bc97e9729e4efb96033c2bb2f37aa99d6026879b?s=96&d=mm&r=g\",\"contentUrl\":\"https:\\\/\\\/secure.gravatar.com\\\/avatar\\\/70b7487f1d3f0535f36d3ce7bc97e9729e4efb96033c2bb2f37aa99d6026879b?s=96&d=mm&r=g\",\"caption\":\"Ignacio Miranda\"}}]}<\/script>\n<!-- \/ Yoast SEO plugin. -->","yoast_head_json":{"title":"ACP M\u00e1laga Honours Jos\u00e9 Luis S\u00e1nchez Dom\u00ednguez","description":"The Provincial Association of Builders and Developers of Malaga has recognised the work of the honorary president, Jos\u00e9 Luis S\u00e1nchez Dom\u00ednguez.","robots":{"index":"index","follow":"follow","max-snippet":"max-snippet:-1","max-image-preview":"max-image-preview:large","max-video-preview":"max-video-preview:-1"},"canonical":"https:\/\/www.sando.com\/en\/actualidad\/acp-malaga-honours-jose-luis-sanchez-dominguez","og_locale":"en_US","og_type":"article","og_title":"ACP M\u00e1laga Honours Jos\u00e9 Luis S\u00e1nchez Dom\u00ednguez","og_description":"The Provincial Association of Builders and Developers of Malaga has recognised the work of the honorary president, Jos\u00e9 Luis S\u00e1nchez Dom\u00ednguez.","og_url":"https:\/\/www.sando.com\/en\/actualidad\/acp-malaga-honours-jose-luis-sanchez-dominguez","og_site_name":"Sando","article_published_time":"2025-06-05T11:12:42+00:00","article_modified_time":"2025-10-07T16:07:00+00:00","og_image":[{"width":1627,"height":2270,"url":"https:\/\/www.sando.com\/contenido\/subidas\/2025\/06\/J81A1419-ft.jpg","type":"image\/jpeg"}],"author":"Ignacio Miranda","twitter_card":"summary_large_image","twitter_misc":{"Written by":"Ignacio Miranda","Est. reading time":"1 minute"},"schema":{"@context":"https:\/\/schema.org","@graph":[{"@type":"Article","@id":"https:\/\/www.sando.com\/en\/actualidad\/acp-malaga-honours-jose-luis-sanchez-dominguez#article","isPartOf":{"@id":"https:\/\/www.sando.com\/en\/actualidad\/acp-malaga-honours-jose-luis-sanchez-dominguez"},"author":{"name":"Ignacio Miranda","@id":"https:\/\/www.sando.com\/en#\/schema\/person\/de9e7d8314e1c13302097b9d7abd6f62"},"headline":"ACP M\u00e1laga Honours Jos\u00e9 Luis S\u00e1nchez Dom\u00ednguez","datePublished":"2025-06-05T11:12:42+00:00","dateModified":"2025-10-07T16:07:00+00:00","mainEntityOfPage":{"@id":"https:\/\/www.sando.com\/en\/actualidad\/acp-malaga-honours-jose-luis-sanchez-dominguez"},"wordCount":194,"publisher":{"@id":"https:\/\/www.sando.com\/en#organization"},"image":{"@id":"https:\/\/www.sando.com\/en\/actualidad\/acp-malaga-honours-jose-luis-sanchez-dominguez#primaryimage"},"thumbnailUrl":"https:\/\/www.sando.com\/contenido\/subidas\/2025\/06\/J81A1419-ft.jpg","keywords":["50th Anniversary","Construction","esg","esg","Infrastructure","Social Responsibility","Sustainability"],"articleSection":["Blog-EN","Communication","Corporate Social Responsibility","Responsabilidad Social Corporativa"],"inLanguage":"en-US"},{"@type":"WebPage","@id":"https:\/\/www.sando.com\/en\/actualidad\/acp-malaga-honours-jose-luis-sanchez-dominguez","url":"https:\/\/www.sando.com\/en\/actualidad\/acp-malaga-honours-jose-luis-sanchez-dominguez","name":"ACP M\u00e1laga Honours Jos\u00e9 Luis S\u00e1nchez Dom\u00ednguez","isPartOf":{"@id":"https:\/\/www.sando.com\/en#website"},"primaryImageOfPage":{"@id":"https:\/\/www.sando.com\/en\/actualidad\/acp-malaga-honours-jose-luis-sanchez-dominguez#primaryimage"},"image":{"@id":"https:\/\/www.sando.com\/en\/actualidad\/acp-malaga-honours-jose-luis-sanchez-dominguez#primaryimage"},"thumbnailUrl":"https:\/\/www.sando.com\/contenido\/subidas\/2025\/06\/J81A1419-ft.jpg","datePublished":"2025-06-05T11:12:42+00:00","dateModified":"2025-10-07T16:07:00+00:00","description":"The Provincial Association of Builders and Developers of Malaga has recognised the work of the honorary president, Jos\u00e9 Luis S\u00e1nchez Dom\u00ednguez.","breadcrumb":{"@id":"https:\/\/www.sando.com\/en\/actualidad\/acp-malaga-honours-jose-luis-sanchez-dominguez#breadcrumb"},"inLanguage":"en-US","potentialAction":[{"@type":"ReadAction","target":["https:\/\/www.sando.com\/en\/actualidad\/acp-malaga-honours-jose-luis-sanchez-dominguez"]}]},{"@type":"ImageObject","inLanguage":"en-US","@id":"https:\/\/www.sando.com\/en\/actualidad\/acp-malaga-honours-jose-luis-sanchez-dominguez#primaryimage","url":"https:\/\/www.sando.com\/contenido\/subidas\/2025\/06\/J81A1419-ft.jpg","contentUrl":"https:\/\/www.sando.com\/contenido\/subidas\/2025\/06\/J81A1419-ft.jpg","width":1627,"height":2270,"caption":"Esta \u00faltima semana, nuestro presidente de honor,\u00a0Jos\u00e9 Luis S\u00e1nchez Dom\u00ednguez, ha sido reconocido por la\u00a0Asociaci\u00f3n Provincial de Constructores y Promotores de M\u00e1laga (ACP M\u00e1laga)\u00a0con motivo de su 50 aniversario. Un homenaje que pone en valor su papel como\u00a0fundador de la entidad\u00a0y su contribuci\u00f3n al desarrollo del sector en la provincia."},{"@type":"BreadcrumbList","@id":"https:\/\/www.sando.com\/en\/actualidad\/acp-malaga-honours-jose-luis-sanchez-dominguez#breadcrumb","itemListElement":[{"@type":"ListItem","position":1,"name":"Portada","item":"https:\/\/www.sando.com\/en"},{"@type":"ListItem","position":2,"name":"ACP M\u00e1laga Honours Jos\u00e9 Luis S\u00e1nchez Dom\u00ednguez"}]},{"@type":"WebSite","@id":"https:\/\/www.sando.com\/en#website","url":"https:\/\/www.sando.com\/en","name":"Sando","description":"","publisher":{"@id":"https:\/\/www.sando.com\/en#organization"},"potentialAction":[{"@type":"SearchAction","target":{"@type":"EntryPoint","urlTemplate":"https:\/\/www.sando.com\/en?s={search_term_string}"},"query-input":{"@type":"PropertyValueSpecification","valueRequired":true,"valueName":"search_term_string"}}],"inLanguage":"en-US"},{"@type":"Organization","@id":"https:\/\/www.sando.com\/en#organization","name":"Sando","url":"https:\/\/www.sando.com\/en","logo":{"@type":"ImageObject","inLanguage":"en-US","@id":"https:\/\/www.sando.com\/en#\/schema\/logo\/image\/","url":"","contentUrl":"","caption":"Sando"},"image":{"@id":"https:\/\/www.sando.com\/en#\/schema\/logo\/image\/"}},{"@type":"Person","@id":"https:\/\/www.sando.com\/en#\/schema\/person\/de9e7d8314e1c13302097b9d7abd6f62","name":"Ignacio Miranda","image":{"@type":"ImageObject","inLanguage":"en-US","@id":"https:\/\/secure.gravatar.com\/avatar\/70b7487f1d3f0535f36d3ce7bc97e9729e4efb96033c2bb2f37aa99d6026879b?s=96&d=mm&r=g","url":"https:\/\/secure.gravatar.com\/avatar\/70b7487f1d3f0535f36d3ce7bc97e9729e4efb96033c2bb2f37aa99d6026879b?s=96&d=mm&r=g","contentUrl":"https:\/\/secure.gravatar.com\/avatar\/70b7487f1d3f0535f36d3ce7bc97e9729e4efb96033c2bb2f37aa99d6026879b?s=96&d=mm&r=g","caption":"Ignacio Miranda"}}]}},"_links":{"self":[{"href":"https:\/\/www.sando.com\/en\/wp-json\/wp\/v2\/posts\/54462","targetHints":{"allow":["GET"]}}],"collection":[{"href":"https:\/\/www.sando.com\/en\/wp-json\/wp\/v2\/posts"}],"about":[{"href":"https:\/\/www.sando.com\/en\/wp-json\/wp\/v2\/types\/post"}],"author":[{"embeddable":true,"href":"https:\/\/www.sando.com\/en\/wp-json\/wp\/v2\/users\/6"}],"replies":[{"embeddable":true,"href":"https:\/\/www.sando.com\/en\/wp-json\/wp\/v2\/comments?post=54462"}],"version-history":[{"count":0,"href":"https:\/\/www.sando.com\/en\/wp-json\/wp\/v2\/posts\/54462\/revisions"}],"wp:featuredmedia":[{"embeddable":true,"href":"https:\/\/www.sando.com\/en\/wp-json\/wp\/v2\/media\/51972"}],"wp:attachment":[{"href":"https:\/\/www.sando.com\/en\/wp-json\/wp\/v2\/media?parent=54462"}],"wp:term":[{"taxonomy":"category","embeddable":true,"href":"https:\/\/www.sando.com\/en\/wp-json\/wp\/v2\/categories?post=54462"},{"taxonomy":"post_tag","embeddable":true,"href":"https:\/\/www.sando.com\/en\/wp-json\/wp\/v2\/tags?post=54462"},{"taxonomy":"tax_brand","embeddable":true,"href":"https:\/\/www.sando.com\/en\/wp-json\/wp\/v2\/tax_brand?post=54462"},{"taxonomy":"tax_services","embeddable":true,"href":"https:\/\/www.sando.com\/en\/wp-json\/wp\/v2\/tax_services?post=54462"},{"taxonomy":"tax_location","embeddable":true,"href":"https:\/\/www.sando.com\/en\/wp-json\/wp\/v2\/tax_location?post=54462"}],"curies":[{"name":"wp","href":"https:\/\/api.w.org\/{rel}","templated":true}]}}