{"id":54464,"date":"2025-04-29T12:36:12","date_gmt":"2025-04-29T12:36:12","guid":{"rendered":"https:\/\/www.sando.com\/actualidad\/the-government-of-andalusia-recognises-sando-for-its-commitment-to-workplace-health-and-safety"},"modified":"2025-10-07T16:10:45","modified_gmt":"2025-10-07T16:10:45","slug":"the-government-of-andalusia-recognises-sando-for-its-commitment-to-workplace-health-and-safety","status":"publish","type":"post","link":"https:\/\/www.sando.com\/en\/actualidad\/the-government-of-andalusia-recognises-sando-for-its-commitment-to-workplace-health-and-safety","title":{"rendered":"The Government of Andalusia Recognises Sando for Its Commitment to Workplace Health and Safety"},"content":{"rendered":"\n<p>The Government of Andalusia has awarded Sando for its longstanding commitment to promoting health and safety in the workplace. The recognition took place at the Government Delegation in Malaga on the occasion of the <a href=\"https:\/\/www.un.org\/es\/observances\/work-safety-day\" target=\"_blank\" rel=\"noreferrer noopener\">World Day for Safety and Health at Work<\/a>, in a ceremony presided over by Carmen S\u00e1nchez Sierra, Territorial Delegate for <a href=\"https:\/\/www.juntadeandalucia.es\/organismos\/empleoempresaytrabajoautonomo.html\" target=\"_blank\" rel=\"noreferrer noopener\">Employment, Enterprise and Self-Employment<\/a> in Malaga. <\/p>\n\n<p>&#8220;In 2024, Sando celebrated its 50th anniversary, and throughout this time it has upheld a strong commitment to the health and safety of its more than 2,400 employees, ensuring a <a href=\"https:\/\/www.sando.com\/en\/people\/health-and-safety\" target=\"_blank\" rel=\"noreferrer noopener\">safe and healthy<\/a> working environment,&#8221; stated Carmen S\u00e1nchez Sierra as she opened her speech, highlighting the company&#8217;s major milestones that earned it the award. <\/p>\n\n<p>The Delegate stressed that Sando was a pioneer in obtaining international certifications in occupational health and safety, starting with OHSAS 18001, and was one of the first companies in Spain to certify its Health and Safety Management System under ISO 45001 in 2019.<\/p>\n\n<p>She also reviewed some of the company\u2019s awards over the past five decades, including the European Union&#8217;s SAFE Award, and emphasised Sando\u2019s ongoing collaboration with public authorities on training and awareness campaigns aligned with its competitive <a href=\"\/en\/sustainability\" title=\"Sustainable and efficient environmental solutions\" target=\"_blank\">Sustainability<\/a> policy: She also reviewed some of the company\u2019s awards over the past five decades, including the European Union&#8217;s SAFE Award, and emphasised Sando\u2019s ongoing collaboration with public authorities on training and awareness campaigns aligned with its competitive sustainability policy:<\/p>\n\n<h3 class=\"wp-block-heading\"><strong>Health and Safety<\/strong> <strong>Accolades <\/strong><\/h3>\n\n<p>Sando&#8217;s Director General of Construction, Jaime Rodr\u00edguez Donnelly, and Head of Prevention, Federico Artola K\u00fcstner, received the award from Violeta Arag\u00f3n Correa, Secretary General of the Malaga <a href=\"https:\/\/acpmalaga.com\/\" target=\"_blank\" rel=\"noreferrer noopener\">Association of Builders and Developers<\/a>.<\/p>\n\n<p>In his acceptance speech, Rodr\u00edguez Donnelly underscored Sando\u2019s long-standing philosophy: &#8220;We have maintained this commitment since the company\u2019s founding more than 50 years ago, and today it remains a strategic pillar within Sando&#8217;s Sustainability Master Plan.&#8221;<\/p>\n\n<p>Other award recipients included the company <a href=\"https:\/\/faccsa.com\/es\/\" target=\"_blank\" rel=\"noreferrer noopener\">Facsa-Prolongo<\/a>, the Andalusian Government\u2019s Tobacco Cessation Table programme at the Malaga Centre for the Prevention of Occupational Risks, and the Territorial Delegation for Education, Vocational Training, Universities, Research and Innovation in Malaga.<\/p>\n\n<p>The ceremony was attended by a wide range of institutional representatives, including Antonio Jes\u00fas Garc\u00eda Acedo, Territorial Delegate for Economy, Finance, European Funds, and Industry, Energy and Mines in Malaga; Miguel Briones Artacho, Territorial Delegate for Education and Universities; Mar\u00eda Teresa Pardo, Territorial Delegate for Justice, Local Administration and Public Service; and Natalia S\u00e1nchez Romero, Executive Vice-President and Secretary General of the Malaga Business Confederation, among others.<\/p>\n","protected":false},"excerpt":{"rendered":"The Government of Andalusia has awarded Sando for its longstanding commitment to promoting health and safety in the workplace. The recognition took place at the Government Delegation in Malaga on the occasion of the World Day for Safety and Health at Work, in a ceremony presided over by Carmen S\u00e1nchez Sierra, Territorial Delegate for Employment,&#8230; <a class=\"view-article\" href=\"https:\/\/www.sando.com\/en\/reemplazos\/conacon-sando\">View Article<\/a>","protected":false},"author":6,"featured_media":49574,"comment_status":"closed","ping_status":"closed","sticky":false,"template":"","format":"standard","meta":{"_acf_changed":false,"footnotes":""},"categories":[980,979,1523],"tags":[1880,1786,1513,1516,1833,1790,1876,1879,1877,1878,1517,1798],"tax_brand":[1767,1765],"tax_services":[],"tax_location":[],"class_list":["post-54464","post","type-post","status-publish","format-standard","has-post-thumbnail","hentry","category-comunicacion-comunicacion-en","category-communication","category-corporate-social-responsibility","tag-award","tag-conservation-en","tag-construction","tag-rsc-en-2","tag-esg-en-2","tag-buenas-practicas-en-2","tag-prevention-of-risks-at-work","tag-preventive-culture","tag-prl-en","tag-health-and-safety","tag-social-responsibility","tag-sostenibilidad-en-2","tax_brand-sando-en","tax_brand-sando-construccion-en"],"acf":[],"yoast_head":"<!-- This site is optimized with the Yoast SEO plugin v27.4 - https:\/\/yoast.com\/product\/yoast-seo-wordpress\/ -->\n<title>The Regional Government of Andalusia awards health and safety at Sando<\/title>\n<meta name=\"description\" content=\"The Andalusian Regional Government recognises Sando&#039;s track record in promoting health and safety in the workplace with an award\" \/>\n<meta name=\"robots\" content=\"index, follow, max-snippet:-1, max-image-preview:large, max-video-preview:-1\" \/>\n<link rel=\"canonical\" href=\"https:\/\/www.sando.com\/en\/actualidad\/the-government-of-andalusia-recognises-sando-for-its-commitment-to-workplace-health-and-safety\" \/>\n<meta property=\"og:locale\" content=\"en_US\" \/>\n<meta property=\"og:type\" content=\"article\" \/>\n<meta property=\"og:title\" content=\"The Regional Government of Andalusia awards health and safety at Sando\" \/>\n<meta property=\"og:description\" content=\"The Andalusian Regional Government recognises Sando&#039;s track record in promoting health and safety in the workplace with an award\" \/>\n<meta property=\"og:url\" content=\"https:\/\/www.sando.com\/en\/actualidad\/the-government-of-andalusia-recognises-sando-for-its-commitment-to-workplace-health-and-safety\" \/>\n<meta property=\"og:site_name\" content=\"Sando\" \/>\n<meta property=\"article:published_time\" content=\"2025-04-29T12:36:12+00:00\" \/>\n<meta property=\"article:modified_time\" content=\"2025-10-07T16:10:45+00:00\" \/>\n<meta property=\"og:image\" content=\"https:\/\/www.sando.com\/contenido\/subidas\/2025\/04\/Foto-Sando-scaled.jpg\" \/>\n\t<meta property=\"og:image:width\" content=\"2560\" \/>\n\t<meta property=\"og:image:height\" content=\"1792\" \/>\n\t<meta property=\"og:image:type\" content=\"image\/jpeg\" \/>\n<meta name=\"author\" content=\"Ignacio Miranda\" \/>\n<meta name=\"twitter:card\" content=\"summary_large_image\" \/>\n<meta name=\"twitter:label1\" content=\"Written by\" \/>\n\t<meta name=\"twitter:data1\" content=\"Ignacio Miranda\" \/>\n\t<meta name=\"twitter:label2\" content=\"Est. reading time\" \/>\n\t<meta name=\"twitter:data2\" content=\"3 minutes\" \/>\n<script type=\"application\/ld+json\" class=\"yoast-schema-graph\">{\"@context\":\"https:\\\/\\\/schema.org\",\"@graph\":[{\"@type\":\"Article\",\"@id\":\"https:\\\/\\\/www.sando.com\\\/en\\\/actualidad\\\/the-government-of-andalusia-recognises-sando-for-its-commitment-to-workplace-health-and-safety#article\",\"isPartOf\":{\"@id\":\"https:\\\/\\\/www.sando.com\\\/en\\\/actualidad\\\/the-government-of-andalusia-recognises-sando-for-its-commitment-to-workplace-health-and-safety\"},\"author\":{\"name\":\"Ignacio Miranda\",\"@id\":\"https:\\\/\\\/www.sando.com\\\/en#\\\/schema\\\/person\\\/de9e7d8314e1c13302097b9d7abd6f62\"},\"headline\":\"The Government of Andalusia Recognises Sando for Its Commitment to Workplace Health and Safety\",\"datePublished\":\"2025-04-29T12:36:12+00:00\",\"dateModified\":\"2025-10-07T16:10:45+00:00\",\"mainEntityOfPage\":{\"@id\":\"https:\\\/\\\/www.sando.com\\\/en\\\/actualidad\\\/the-government-of-andalusia-recognises-sando-for-its-commitment-to-workplace-health-and-safety\"},\"wordCount\":440,\"publisher\":{\"@id\":\"https:\\\/\\\/www.sando.com\\\/en#organization\"},\"image\":{\"@id\":\"https:\\\/\\\/www.sando.com\\\/en\\\/actualidad\\\/the-government-of-andalusia-recognises-sando-for-its-commitment-to-workplace-health-and-safety#primaryimage\"},\"thumbnailUrl\":\"https:\\\/\\\/www.sando.com\\\/contenido\\\/subidas\\\/2025\\\/04\\\/Foto-Sando-scaled.jpg\",\"keywords\":[\"award\",\"conservation\",\"Construction\",\"CSR\",\"esg\",\"good practices\",\"prevention of risks at work\",\"preventive culture\",\"prl\",\"seguridad y salud\",\"Social Responsibility\",\"Sustainability\"],\"articleSection\":[\"Blog-EN\",\"Communication\",\"Corporate Social Responsibility\"],\"inLanguage\":\"en-US\"},{\"@type\":\"WebPage\",\"@id\":\"https:\\\/\\\/www.sando.com\\\/en\\\/actualidad\\\/the-government-of-andalusia-recognises-sando-for-its-commitment-to-workplace-health-and-safety\",\"url\":\"https:\\\/\\\/www.sando.com\\\/en\\\/actualidad\\\/the-government-of-andalusia-recognises-sando-for-its-commitment-to-workplace-health-and-safety\",\"name\":\"The Regional Government of Andalusia awards health and safety at Sando\",\"isPartOf\":{\"@id\":\"https:\\\/\\\/www.sando.com\\\/en#website\"},\"primaryImageOfPage\":{\"@id\":\"https:\\\/\\\/www.sando.com\\\/en\\\/actualidad\\\/the-government-of-andalusia-recognises-sando-for-its-commitment-to-workplace-health-and-safety#primaryimage\"},\"image\":{\"@id\":\"https:\\\/\\\/www.sando.com\\\/en\\\/actualidad\\\/the-government-of-andalusia-recognises-sando-for-its-commitment-to-workplace-health-and-safety#primaryimage\"},\"thumbnailUrl\":\"https:\\\/\\\/www.sando.com\\\/contenido\\\/subidas\\\/2025\\\/04\\\/Foto-Sando-scaled.jpg\",\"datePublished\":\"2025-04-29T12:36:12+00:00\",\"dateModified\":\"2025-10-07T16:10:45+00:00\",\"description\":\"The Andalusian Regional Government recognises Sando's track record in promoting health and safety in the workplace with an award\",\"breadcrumb\":{\"@id\":\"https:\\\/\\\/www.sando.com\\\/en\\\/actualidad\\\/the-government-of-andalusia-recognises-sando-for-its-commitment-to-workplace-health-and-safety#breadcrumb\"},\"inLanguage\":\"en-US\",\"potentialAction\":[{\"@type\":\"ReadAction\",\"target\":[\"https:\\\/\\\/www.sando.com\\\/en\\\/actualidad\\\/the-government-of-andalusia-recognises-sando-for-its-commitment-to-workplace-health-and-safety\"]}]},{\"@type\":\"ImageObject\",\"inLanguage\":\"en-US\",\"@id\":\"https:\\\/\\\/www.sando.com\\\/en\\\/actualidad\\\/the-government-of-andalusia-recognises-sando-for-its-commitment-to-workplace-health-and-safety#primaryimage\",\"url\":\"https:\\\/\\\/www.sando.com\\\/contenido\\\/subidas\\\/2025\\\/04\\\/Foto-Sando-scaled.jpg\",\"contentUrl\":\"https:\\\/\\\/www.sando.com\\\/contenido\\\/subidas\\\/2025\\\/04\\\/Foto-Sando-scaled.jpg\",\"width\":2560,\"height\":1792,\"caption\":\"La Junta de Andaluc\u00eda reconoce la trayectoria de Sando en la promoci\u00f3n de la seguridad y salud en el trabajo\"},{\"@type\":\"BreadcrumbList\",\"@id\":\"https:\\\/\\\/www.sando.com\\\/en\\\/actualidad\\\/the-government-of-andalusia-recognises-sando-for-its-commitment-to-workplace-health-and-safety#breadcrumb\",\"itemListElement\":[{\"@type\":\"ListItem\",\"position\":1,\"name\":\"Portada\",\"item\":\"https:\\\/\\\/www.sando.com\\\/en\"},{\"@type\":\"ListItem\",\"position\":2,\"name\":\"The Government of Andalusia Recognises Sando for Its Commitment to Workplace Health and Safety\"}]},{\"@type\":\"WebSite\",\"@id\":\"https:\\\/\\\/www.sando.com\\\/en#website\",\"url\":\"https:\\\/\\\/www.sando.com\\\/en\",\"name\":\"Sando\",\"description\":\"\",\"publisher\":{\"@id\":\"https:\\\/\\\/www.sando.com\\\/en#organization\"},\"potentialAction\":[{\"@type\":\"SearchAction\",\"target\":{\"@type\":\"EntryPoint\",\"urlTemplate\":\"https:\\\/\\\/www.sando.com\\\/en?s={search_term_string}\"},\"query-input\":{\"@type\":\"PropertyValueSpecification\",\"valueRequired\":true,\"valueName\":\"search_term_string\"}}],\"inLanguage\":\"en-US\"},{\"@type\":\"Organization\",\"@id\":\"https:\\\/\\\/www.sando.com\\\/en#organization\",\"name\":\"Sando\",\"url\":\"https:\\\/\\\/www.sando.com\\\/en\",\"logo\":{\"@type\":\"ImageObject\",\"inLanguage\":\"en-US\",\"@id\":\"https:\\\/\\\/www.sando.com\\\/en#\\\/schema\\\/logo\\\/image\\\/\",\"url\":\"\",\"contentUrl\":\"\",\"caption\":\"Sando\"},\"image\":{\"@id\":\"https:\\\/\\\/www.sando.com\\\/en#\\\/schema\\\/logo\\\/image\\\/\"}},{\"@type\":\"Person\",\"@id\":\"https:\\\/\\\/www.sando.com\\\/en#\\\/schema\\\/person\\\/de9e7d8314e1c13302097b9d7abd6f62\",\"name\":\"Ignacio Miranda\",\"image\":{\"@type\":\"ImageObject\",\"inLanguage\":\"en-US\",\"@id\":\"https:\\\/\\\/secure.gravatar.com\\\/avatar\\\/70b7487f1d3f0535f36d3ce7bc97e9729e4efb96033c2bb2f37aa99d6026879b?s=96&d=mm&r=g\",\"url\":\"https:\\\/\\\/secure.gravatar.com\\\/avatar\\\/70b7487f1d3f0535f36d3ce7bc97e9729e4efb96033c2bb2f37aa99d6026879b?s=96&d=mm&r=g\",\"contentUrl\":\"https:\\\/\\\/secure.gravatar.com\\\/avatar\\\/70b7487f1d3f0535f36d3ce7bc97e9729e4efb96033c2bb2f37aa99d6026879b?s=96&d=mm&r=g\",\"caption\":\"Ignacio Miranda\"}}]}<\/script>\n<!-- \/ Yoast SEO plugin. -->","yoast_head_json":{"title":"The Regional Government of Andalusia awards health and safety at Sando","description":"The Andalusian Regional Government recognises Sando's track record in promoting health and safety in the workplace with an award","robots":{"index":"index","follow":"follow","max-snippet":"max-snippet:-1","max-image-preview":"max-image-preview:large","max-video-preview":"max-video-preview:-1"},"canonical":"https:\/\/www.sando.com\/en\/actualidad\/the-government-of-andalusia-recognises-sando-for-its-commitment-to-workplace-health-and-safety","og_locale":"en_US","og_type":"article","og_title":"The Regional Government of Andalusia awards health and safety at Sando","og_description":"The Andalusian Regional Government recognises Sando's track record in promoting health and safety in the workplace with an award","og_url":"https:\/\/www.sando.com\/en\/actualidad\/the-government-of-andalusia-recognises-sando-for-its-commitment-to-workplace-health-and-safety","og_site_name":"Sando","article_published_time":"2025-04-29T12:36:12+00:00","article_modified_time":"2025-10-07T16:10:45+00:00","og_image":[{"width":2560,"height":1792,"url":"https:\/\/www.sando.com\/contenido\/subidas\/2025\/04\/Foto-Sando-scaled.jpg","type":"image\/jpeg"}],"author":"Ignacio Miranda","twitter_card":"summary_large_image","twitter_misc":{"Written by":"Ignacio Miranda","Est. reading time":"3 minutes"},"schema":{"@context":"https:\/\/schema.org","@graph":[{"@type":"Article","@id":"https:\/\/www.sando.com\/en\/actualidad\/the-government-of-andalusia-recognises-sando-for-its-commitment-to-workplace-health-and-safety#article","isPartOf":{"@id":"https:\/\/www.sando.com\/en\/actualidad\/the-government-of-andalusia-recognises-sando-for-its-commitment-to-workplace-health-and-safety"},"author":{"name":"Ignacio Miranda","@id":"https:\/\/www.sando.com\/en#\/schema\/person\/de9e7d8314e1c13302097b9d7abd6f62"},"headline":"The Government of Andalusia Recognises Sando for Its Commitment to Workplace Health and Safety","datePublished":"2025-04-29T12:36:12+00:00","dateModified":"2025-10-07T16:10:45+00:00","mainEntityOfPage":{"@id":"https:\/\/www.sando.com\/en\/actualidad\/the-government-of-andalusia-recognises-sando-for-its-commitment-to-workplace-health-and-safety"},"wordCount":440,"publisher":{"@id":"https:\/\/www.sando.com\/en#organization"},"image":{"@id":"https:\/\/www.sando.com\/en\/actualidad\/the-government-of-andalusia-recognises-sando-for-its-commitment-to-workplace-health-and-safety#primaryimage"},"thumbnailUrl":"https:\/\/www.sando.com\/contenido\/subidas\/2025\/04\/Foto-Sando-scaled.jpg","keywords":["award","conservation","Construction","CSR","esg","good practices","prevention of risks at work","preventive culture","prl","seguridad y salud","Social Responsibility","Sustainability"],"articleSection":["Blog-EN","Communication","Corporate Social Responsibility"],"inLanguage":"en-US"},{"@type":"WebPage","@id":"https:\/\/www.sando.com\/en\/actualidad\/the-government-of-andalusia-recognises-sando-for-its-commitment-to-workplace-health-and-safety","url":"https:\/\/www.sando.com\/en\/actualidad\/the-government-of-andalusia-recognises-sando-for-its-commitment-to-workplace-health-and-safety","name":"The Regional Government of Andalusia awards health and safety at Sando","isPartOf":{"@id":"https:\/\/www.sando.com\/en#website"},"primaryImageOfPage":{"@id":"https:\/\/www.sando.com\/en\/actualidad\/the-government-of-andalusia-recognises-sando-for-its-commitment-to-workplace-health-and-safety#primaryimage"},"image":{"@id":"https:\/\/www.sando.com\/en\/actualidad\/the-government-of-andalusia-recognises-sando-for-its-commitment-to-workplace-health-and-safety#primaryimage"},"thumbnailUrl":"https:\/\/www.sando.com\/contenido\/subidas\/2025\/04\/Foto-Sando-scaled.jpg","datePublished":"2025-04-29T12:36:12+00:00","dateModified":"2025-10-07T16:10:45+00:00","description":"The Andalusian Regional Government recognises Sando's track record in promoting health and safety in the workplace with an award","breadcrumb":{"@id":"https:\/\/www.sando.com\/en\/actualidad\/the-government-of-andalusia-recognises-sando-for-its-commitment-to-workplace-health-and-safety#breadcrumb"},"inLanguage":"en-US","potentialAction":[{"@type":"ReadAction","target":["https:\/\/www.sando.com\/en\/actualidad\/the-government-of-andalusia-recognises-sando-for-its-commitment-to-workplace-health-and-safety"]}]},{"@type":"ImageObject","inLanguage":"en-US","@id":"https:\/\/www.sando.com\/en\/actualidad\/the-government-of-andalusia-recognises-sando-for-its-commitment-to-workplace-health-and-safety#primaryimage","url":"https:\/\/www.sando.com\/contenido\/subidas\/2025\/04\/Foto-Sando-scaled.jpg","contentUrl":"https:\/\/www.sando.com\/contenido\/subidas\/2025\/04\/Foto-Sando-scaled.jpg","width":2560,"height":1792,"caption":"La Junta de Andaluc\u00eda reconoce la trayectoria de Sando en la promoci\u00f3n de la seguridad y salud en el trabajo"},{"@type":"BreadcrumbList","@id":"https:\/\/www.sando.com\/en\/actualidad\/the-government-of-andalusia-recognises-sando-for-its-commitment-to-workplace-health-and-safety#breadcrumb","itemListElement":[{"@type":"ListItem","position":1,"name":"Portada","item":"https:\/\/www.sando.com\/en"},{"@type":"ListItem","position":2,"name":"The Government of Andalusia Recognises Sando for Its Commitment to Workplace Health and Safety"}]},{"@type":"WebSite","@id":"https:\/\/www.sando.com\/en#website","url":"https:\/\/www.sando.com\/en","name":"Sando","description":"","publisher":{"@id":"https:\/\/www.sando.com\/en#organization"},"potentialAction":[{"@type":"SearchAction","target":{"@type":"EntryPoint","urlTemplate":"https:\/\/www.sando.com\/en?s={search_term_string}"},"query-input":{"@type":"PropertyValueSpecification","valueRequired":true,"valueName":"search_term_string"}}],"inLanguage":"en-US"},{"@type":"Organization","@id":"https:\/\/www.sando.com\/en#organization","name":"Sando","url":"https:\/\/www.sando.com\/en","logo":{"@type":"ImageObject","inLanguage":"en-US","@id":"https:\/\/www.sando.com\/en#\/schema\/logo\/image\/","url":"","contentUrl":"","caption":"Sando"},"image":{"@id":"https:\/\/www.sando.com\/en#\/schema\/logo\/image\/"}},{"@type":"Person","@id":"https:\/\/www.sando.com\/en#\/schema\/person\/de9e7d8314e1c13302097b9d7abd6f62","name":"Ignacio Miranda","image":{"@type":"ImageObject","inLanguage":"en-US","@id":"https:\/\/secure.gravatar.com\/avatar\/70b7487f1d3f0535f36d3ce7bc97e9729e4efb96033c2bb2f37aa99d6026879b?s=96&d=mm&r=g","url":"https:\/\/secure.gravatar.com\/avatar\/70b7487f1d3f0535f36d3ce7bc97e9729e4efb96033c2bb2f37aa99d6026879b?s=96&d=mm&r=g","contentUrl":"https:\/\/secure.gravatar.com\/avatar\/70b7487f1d3f0535f36d3ce7bc97e9729e4efb96033c2bb2f37aa99d6026879b?s=96&d=mm&r=g","caption":"Ignacio Miranda"}}]}},"_links":{"self":[{"href":"https:\/\/www.sando.com\/en\/wp-json\/wp\/v2\/posts\/54464","targetHints":{"allow":["GET"]}}],"collection":[{"href":"https:\/\/www.sando.com\/en\/wp-json\/wp\/v2\/posts"}],"about":[{"href":"https:\/\/www.sando.com\/en\/wp-json\/wp\/v2\/types\/post"}],"author":[{"embeddable":true,"href":"https:\/\/www.sando.com\/en\/wp-json\/wp\/v2\/users\/6"}],"replies":[{"embeddable":true,"href":"https:\/\/www.sando.com\/en\/wp-json\/wp\/v2\/comments?post=54464"}],"version-history":[{"count":0,"href":"https:\/\/www.sando.com\/en\/wp-json\/wp\/v2\/posts\/54464\/revisions"}],"wp:featuredmedia":[{"embeddable":true,"href":"https:\/\/www.sando.com\/en\/wp-json\/wp\/v2\/media\/49574"}],"wp:attachment":[{"href":"https:\/\/www.sando.com\/en\/wp-json\/wp\/v2\/media?parent=54464"}],"wp:term":[{"taxonomy":"category","embeddable":true,"href":"https:\/\/www.sando.com\/en\/wp-json\/wp\/v2\/categories?post=54464"},{"taxonomy":"post_tag","embeddable":true,"href":"https:\/\/www.sando.com\/en\/wp-json\/wp\/v2\/tags?post=54464"},{"taxonomy":"tax_brand","embeddable":true,"href":"https:\/\/www.sando.com\/en\/wp-json\/wp\/v2\/tax_brand?post=54464"},{"taxonomy":"tax_services","embeddable":true,"href":"https:\/\/www.sando.com\/en\/wp-json\/wp\/v2\/tax_services?post=54464"},{"taxonomy":"tax_location","embeddable":true,"href":"https:\/\/www.sando.com\/en\/wp-json\/wp\/v2\/tax_location?post=54464"}],"curies":[{"name":"wp","href":"https:\/\/api.w.org\/{rel}","templated":true}]}}