{"id":54483,"date":"2025-06-27T12:52:58","date_gmt":"2025-06-27T12:52:58","guid":{"rendered":"https:\/\/www.sando.com\/actualidad\/fundacion-sando-fosters-young-talent-through-the-fundacion-malaga-talento-scholarships"},"modified":"2025-10-07T16:01:32","modified_gmt":"2025-10-07T16:01:32","slug":"fundacion-sando-fosters-young-talent-through-the-fundacion-malaga-talento-scholarships","status":"publish","type":"post","link":"https:\/\/www.sando.com\/en\/actualidad\/fundacion-sando-fosters-young-talent-through-the-fundacion-malaga-talento-scholarships","title":{"rendered":"Fundaci\u00f3n Sando fosters young talent through the Fundaci\u00f3n M\u00e1laga Talento Scholarships"},"content":{"rendered":"\n<p>Culture as a driver of social transformation, and public-private collaboration as a vehicle to support emerging artists. Guided by these two principles, <a href=\"https:\/\/fundacionmalaga.com\/\" target=\"_blank\" rel=\"noreferrer noopener\">Fundaci\u00f3n M\u00e1laga<\/a> recently hosted the 5th Gala Ceremony for the 2025\u20132026 Becas Talento (Talent Scholarships), an event that recognised 18 outstanding young performing arts students who will continue their training at prestigious institutions in Spain and abroad. <\/p>\n\n<p>As a founding patron of Fundaci\u00f3n M\u00e1laga, Fundaci\u00f3n Sando reaffirms its commitment to cultural development, equal opportunities, and support for the next generation of artists through its involvement in this programme. This commitment was also embodied in the presence of Esther S\u00e1nchez Manzano, General Director of Fundaci\u00f3n Sando and President of Fundaci\u00f3n M\u00e1laga, who opened the event with a powerful message: <\/p>\n\n<p>\u201cSupporting culture means supporting a freer, more critical, and better-prepared society. And if there is one thing that defines the Fundaci\u00f3n M\u00e1laga model, it is public-private collaboration. This alliance between institutions, businesses and civil society is what makes initiatives like these scholarships possible.\u201d<\/p>\n\n<h3 class=\"wp-block-heading\"><strong>Rising talents with international reach<\/strong><\/h3>\n\n<p>The gala, held at the Palacio de la Aduana, was an emotional tribute to the talent and dedication of the scholarship recipients, featuring live music and dance performances that highlighted the artistic excellence these scholarships aim to promote. World-renowned institutions such as the Op\u00e9ra National de Paris, the Royal College of Music in London, the University of Music and Performing Arts Vienna, and the Bard College Conservatory of Music in New York will soon welcome these promising young artists. <\/p>\n\n<p>In addition to individual recognition, the event also paid tribute to the network of patrons who make the programme possible. Thanks to the contributions of companies, institutions and private individuals\u2014including Fundaci\u00f3n Sando\u2014this edition not only maintained its standard but raised it, increasing both the number of scholarships awarded and the financial support provided. <\/p>\n\n<p>The event was also marked by strong institutional backing, with the Mayor of M\u00e1laga, Francisco de la Torre, and Manuel L\u00f3pez Mestanza, Head of Culture at <a href=\"https:\/\/www.malaga.es\/\" target=\"_blank\" rel=\"noreferrer noopener\">M\u00e1laga Provincial Council<\/a>, among the guests in attendance.<\/p>\n\n<p>At <a href=\"https:\/\/www.sando.com\/en\/about-us\/fundacion-sando\" target=\"_blank\" rel=\"noreferrer noopener\">Fundaci\u00f3n Sando<\/a>, we celebrate the success of this latest edition of the Becas Talento and renew our commitment to a form of culture that transforms, unites, and showcases M\u00e1laga\u2019s talent on the global stage.<\/p>\n\n<p><\/p>\n","protected":false},"excerpt":{"rendered":"Culture as a driver of social transformation, and public-private collaboration as a vehicle to support emerging artists. Guided by these two principles, Fundaci\u00f3n M\u00e1laga recently hosted the 5th Gala Ceremony for the 2025\u20132026 Becas Talento (Talent Scholarships), an event that recognised 18 outstanding young performing arts students who will continue their training at prestigious institutions&#8230; <a class=\"view-article\" href=\"https:\/\/www.sando.com\/en\/reemplazos\/conacon-sando\">View Article<\/a>","protected":false},"author":6,"featured_media":53169,"comment_status":"closed","ping_status":"closed","sticky":false,"template":"","format":"standard","meta":{"_acf_changed":false,"footnotes":""},"categories":[980,979,1523,1478],"tags":[1516,1743,1833,1417,1790,1518,1739,1517,1798],"tax_brand":[1767],"tax_services":[],"tax_location":[],"class_list":["post-54483","post","type-post","status-publish","format-standard","has-post-thumbnail","hentry","category-comunicacion-comunicacion-en","category-communication","category-corporate-social-responsibility","category-responsabilidad-social-corporativa","tag-rsc-en-2","tag-culture","tag-esg-en-2","tag-esg-en","tag-buenas-practicas-en-2","tag-rse-en-2","tag-scholarships","tag-social-responsibility","tag-sostenibilidad-en-2","tax_brand-sando-en"],"acf":[],"yoast_head":"<!-- This site is optimized with the Yoast SEO plugin v27.4 - https:\/\/yoast.com\/product\/yoast-seo-wordpress\/ -->\n<title>Sando Foundation promotes the Malaga Foundation&#039;s talent scholarships<\/title>\n<meta name=\"description\" content=\"Fundaci\u00f3n M\u00e1laga held the 5th Gala Gala for the Talent 2025-2026 Scholarship Awards, an event that recognised 18 promising young artists.\" \/>\n<meta name=\"robots\" content=\"index, follow, max-snippet:-1, max-image-preview:large, max-video-preview:-1\" \/>\n<link rel=\"canonical\" href=\"https:\/\/www.sando.com\/en\/actualidad\/fundacion-sando-fosters-young-talent-through-the-fundacion-malaga-talento-scholarships\" \/>\n<meta property=\"og:locale\" content=\"en_US\" \/>\n<meta property=\"og:type\" content=\"article\" \/>\n<meta property=\"og:title\" content=\"Sando Foundation promotes the Malaga Foundation&#039;s talent scholarships\" \/>\n<meta property=\"og:description\" content=\"Fundaci\u00f3n M\u00e1laga held the 5th Gala Gala for the Talent 2025-2026 Scholarship Awards, an event that recognised 18 promising young artists.\" \/>\n<meta property=\"og:url\" content=\"https:\/\/www.sando.com\/en\/actualidad\/fundacion-sando-fosters-young-talent-through-the-fundacion-malaga-talento-scholarships\" \/>\n<meta property=\"og:site_name\" content=\"Sando\" \/>\n<meta property=\"article:published_time\" content=\"2025-06-27T12:52:58+00:00\" \/>\n<meta property=\"article:modified_time\" content=\"2025-10-07T16:01:32+00:00\" \/>\n<meta property=\"og:image\" content=\"https:\/\/www.sando.com\/contenido\/subidas\/2025\/07\/grupo1-scaled-e1751461173403.jpg\" \/>\n\t<meta property=\"og:image:width\" content=\"2560\" \/>\n\t<meta property=\"og:image:height\" content=\"1707\" \/>\n\t<meta property=\"og:image:type\" content=\"image\/jpeg\" \/>\n<meta name=\"author\" content=\"Ignacio Miranda\" \/>\n<meta name=\"twitter:card\" content=\"summary_large_image\" \/>\n<meta name=\"twitter:label1\" content=\"Written by\" \/>\n\t<meta name=\"twitter:data1\" content=\"Ignacio Miranda\" \/>\n\t<meta name=\"twitter:label2\" content=\"Est. reading time\" \/>\n\t<meta name=\"twitter:data2\" content=\"2 minutes\" \/>\n<script type=\"application\/ld+json\" class=\"yoast-schema-graph\">{\"@context\":\"https:\\\/\\\/schema.org\",\"@graph\":[{\"@type\":\"Article\",\"@id\":\"https:\\\/\\\/www.sando.com\\\/en\\\/actualidad\\\/fundacion-sando-fosters-young-talent-through-the-fundacion-malaga-talento-scholarships#article\",\"isPartOf\":{\"@id\":\"https:\\\/\\\/www.sando.com\\\/en\\\/actualidad\\\/fundacion-sando-fosters-young-talent-through-the-fundacion-malaga-talento-scholarships\"},\"author\":{\"name\":\"Ignacio Miranda\",\"@id\":\"https:\\\/\\\/www.sando.com\\\/en#\\\/schema\\\/person\\\/de9e7d8314e1c13302097b9d7abd6f62\"},\"headline\":\"Fundaci\u00f3n Sando fosters young talent through the Fundaci\u00f3n M\u00e1laga Talento Scholarships\",\"datePublished\":\"2025-06-27T12:52:58+00:00\",\"dateModified\":\"2025-10-07T16:01:32+00:00\",\"mainEntityOfPage\":{\"@id\":\"https:\\\/\\\/www.sando.com\\\/en\\\/actualidad\\\/fundacion-sando-fosters-young-talent-through-the-fundacion-malaga-talento-scholarships\"},\"wordCount\":402,\"publisher\":{\"@id\":\"https:\\\/\\\/www.sando.com\\\/en#organization\"},\"image\":{\"@id\":\"https:\\\/\\\/www.sando.com\\\/en\\\/actualidad\\\/fundacion-sando-fosters-young-talent-through-the-fundacion-malaga-talento-scholarships#primaryimage\"},\"thumbnailUrl\":\"https:\\\/\\\/www.sando.com\\\/contenido\\\/subidas\\\/2025\\\/07\\\/grupo1-scaled-e1751461173403.jpg\",\"keywords\":[\"CSR\",\"Culture\",\"esg\",\"esg\",\"good practices\",\"RSE\",\"scholarships\",\"Social Responsibility\",\"Sustainability\"],\"articleSection\":[\"Blog-EN\",\"Communication\",\"Corporate Social Responsibility\",\"Responsabilidad Social Corporativa\"],\"inLanguage\":\"en-US\"},{\"@type\":\"WebPage\",\"@id\":\"https:\\\/\\\/www.sando.com\\\/en\\\/actualidad\\\/fundacion-sando-fosters-young-talent-through-the-fundacion-malaga-talento-scholarships\",\"url\":\"https:\\\/\\\/www.sando.com\\\/en\\\/actualidad\\\/fundacion-sando-fosters-young-talent-through-the-fundacion-malaga-talento-scholarships\",\"name\":\"Sando Foundation promotes the Malaga Foundation's talent scholarships\",\"isPartOf\":{\"@id\":\"https:\\\/\\\/www.sando.com\\\/en#website\"},\"primaryImageOfPage\":{\"@id\":\"https:\\\/\\\/www.sando.com\\\/en\\\/actualidad\\\/fundacion-sando-fosters-young-talent-through-the-fundacion-malaga-talento-scholarships#primaryimage\"},\"image\":{\"@id\":\"https:\\\/\\\/www.sando.com\\\/en\\\/actualidad\\\/fundacion-sando-fosters-young-talent-through-the-fundacion-malaga-talento-scholarships#primaryimage\"},\"thumbnailUrl\":\"https:\\\/\\\/www.sando.com\\\/contenido\\\/subidas\\\/2025\\\/07\\\/grupo1-scaled-e1751461173403.jpg\",\"datePublished\":\"2025-06-27T12:52:58+00:00\",\"dateModified\":\"2025-10-07T16:01:32+00:00\",\"description\":\"Fundaci\u00f3n M\u00e1laga held the 5th Gala Gala for the Talent 2025-2026 Scholarship Awards, an event that recognised 18 promising young artists.\",\"breadcrumb\":{\"@id\":\"https:\\\/\\\/www.sando.com\\\/en\\\/actualidad\\\/fundacion-sando-fosters-young-talent-through-the-fundacion-malaga-talento-scholarships#breadcrumb\"},\"inLanguage\":\"en-US\",\"potentialAction\":[{\"@type\":\"ReadAction\",\"target\":[\"https:\\\/\\\/www.sando.com\\\/en\\\/actualidad\\\/fundacion-sando-fosters-young-talent-through-the-fundacion-malaga-talento-scholarships\"]}]},{\"@type\":\"ImageObject\",\"inLanguage\":\"en-US\",\"@id\":\"https:\\\/\\\/www.sando.com\\\/en\\\/actualidad\\\/fundacion-sando-fosters-young-talent-through-the-fundacion-malaga-talento-scholarships#primaryimage\",\"url\":\"https:\\\/\\\/www.sando.com\\\/contenido\\\/subidas\\\/2025\\\/07\\\/grupo1-scaled-e1751461173403.jpg\",\"contentUrl\":\"https:\\\/\\\/www.sando.com\\\/contenido\\\/subidas\\\/2025\\\/07\\\/grupo1-scaled-e1751461173403.jpg\",\"width\":2560,\"height\":1707},{\"@type\":\"BreadcrumbList\",\"@id\":\"https:\\\/\\\/www.sando.com\\\/en\\\/actualidad\\\/fundacion-sando-fosters-young-talent-through-the-fundacion-malaga-talento-scholarships#breadcrumb\",\"itemListElement\":[{\"@type\":\"ListItem\",\"position\":1,\"name\":\"Portada\",\"item\":\"https:\\\/\\\/www.sando.com\\\/en\"},{\"@type\":\"ListItem\",\"position\":2,\"name\":\"Fundaci\u00f3n Sando fosters young talent through the Fundaci\u00f3n M\u00e1laga Talento Scholarships\"}]},{\"@type\":\"WebSite\",\"@id\":\"https:\\\/\\\/www.sando.com\\\/en#website\",\"url\":\"https:\\\/\\\/www.sando.com\\\/en\",\"name\":\"Sando\",\"description\":\"\",\"publisher\":{\"@id\":\"https:\\\/\\\/www.sando.com\\\/en#organization\"},\"potentialAction\":[{\"@type\":\"SearchAction\",\"target\":{\"@type\":\"EntryPoint\",\"urlTemplate\":\"https:\\\/\\\/www.sando.com\\\/en?s={search_term_string}\"},\"query-input\":{\"@type\":\"PropertyValueSpecification\",\"valueRequired\":true,\"valueName\":\"search_term_string\"}}],\"inLanguage\":\"en-US\"},{\"@type\":\"Organization\",\"@id\":\"https:\\\/\\\/www.sando.com\\\/en#organization\",\"name\":\"Sando\",\"url\":\"https:\\\/\\\/www.sando.com\\\/en\",\"logo\":{\"@type\":\"ImageObject\",\"inLanguage\":\"en-US\",\"@id\":\"https:\\\/\\\/www.sando.com\\\/en#\\\/schema\\\/logo\\\/image\\\/\",\"url\":\"\",\"contentUrl\":\"\",\"caption\":\"Sando\"},\"image\":{\"@id\":\"https:\\\/\\\/www.sando.com\\\/en#\\\/schema\\\/logo\\\/image\\\/\"}},{\"@type\":\"Person\",\"@id\":\"https:\\\/\\\/www.sando.com\\\/en#\\\/schema\\\/person\\\/de9e7d8314e1c13302097b9d7abd6f62\",\"name\":\"Ignacio Miranda\",\"image\":{\"@type\":\"ImageObject\",\"inLanguage\":\"en-US\",\"@id\":\"https:\\\/\\\/secure.gravatar.com\\\/avatar\\\/70b7487f1d3f0535f36d3ce7bc97e9729e4efb96033c2bb2f37aa99d6026879b?s=96&d=mm&r=g\",\"url\":\"https:\\\/\\\/secure.gravatar.com\\\/avatar\\\/70b7487f1d3f0535f36d3ce7bc97e9729e4efb96033c2bb2f37aa99d6026879b?s=96&d=mm&r=g\",\"contentUrl\":\"https:\\\/\\\/secure.gravatar.com\\\/avatar\\\/70b7487f1d3f0535f36d3ce7bc97e9729e4efb96033c2bb2f37aa99d6026879b?s=96&d=mm&r=g\",\"caption\":\"Ignacio Miranda\"}}]}<\/script>\n<!-- \/ Yoast SEO plugin. -->","yoast_head_json":{"title":"Sando Foundation promotes the Malaga Foundation's talent scholarships","description":"Fundaci\u00f3n M\u00e1laga held the 5th Gala Gala for the Talent 2025-2026 Scholarship Awards, an event that recognised 18 promising young artists.","robots":{"index":"index","follow":"follow","max-snippet":"max-snippet:-1","max-image-preview":"max-image-preview:large","max-video-preview":"max-video-preview:-1"},"canonical":"https:\/\/www.sando.com\/en\/actualidad\/fundacion-sando-fosters-young-talent-through-the-fundacion-malaga-talento-scholarships","og_locale":"en_US","og_type":"article","og_title":"Sando Foundation promotes the Malaga Foundation's talent scholarships","og_description":"Fundaci\u00f3n M\u00e1laga held the 5th Gala Gala for the Talent 2025-2026 Scholarship Awards, an event that recognised 18 promising young artists.","og_url":"https:\/\/www.sando.com\/en\/actualidad\/fundacion-sando-fosters-young-talent-through-the-fundacion-malaga-talento-scholarships","og_site_name":"Sando","article_published_time":"2025-06-27T12:52:58+00:00","article_modified_time":"2025-10-07T16:01:32+00:00","og_image":[{"width":2560,"height":1707,"url":"https:\/\/www.sando.com\/contenido\/subidas\/2025\/07\/grupo1-scaled-e1751461173403.jpg","type":"image\/jpeg"}],"author":"Ignacio Miranda","twitter_card":"summary_large_image","twitter_misc":{"Written by":"Ignacio Miranda","Est. reading time":"2 minutes"},"schema":{"@context":"https:\/\/schema.org","@graph":[{"@type":"Article","@id":"https:\/\/www.sando.com\/en\/actualidad\/fundacion-sando-fosters-young-talent-through-the-fundacion-malaga-talento-scholarships#article","isPartOf":{"@id":"https:\/\/www.sando.com\/en\/actualidad\/fundacion-sando-fosters-young-talent-through-the-fundacion-malaga-talento-scholarships"},"author":{"name":"Ignacio Miranda","@id":"https:\/\/www.sando.com\/en#\/schema\/person\/de9e7d8314e1c13302097b9d7abd6f62"},"headline":"Fundaci\u00f3n Sando fosters young talent through the Fundaci\u00f3n M\u00e1laga Talento Scholarships","datePublished":"2025-06-27T12:52:58+00:00","dateModified":"2025-10-07T16:01:32+00:00","mainEntityOfPage":{"@id":"https:\/\/www.sando.com\/en\/actualidad\/fundacion-sando-fosters-young-talent-through-the-fundacion-malaga-talento-scholarships"},"wordCount":402,"publisher":{"@id":"https:\/\/www.sando.com\/en#organization"},"image":{"@id":"https:\/\/www.sando.com\/en\/actualidad\/fundacion-sando-fosters-young-talent-through-the-fundacion-malaga-talento-scholarships#primaryimage"},"thumbnailUrl":"https:\/\/www.sando.com\/contenido\/subidas\/2025\/07\/grupo1-scaled-e1751461173403.jpg","keywords":["CSR","Culture","esg","esg","good practices","RSE","scholarships","Social Responsibility","Sustainability"],"articleSection":["Blog-EN","Communication","Corporate Social Responsibility","Responsabilidad Social Corporativa"],"inLanguage":"en-US"},{"@type":"WebPage","@id":"https:\/\/www.sando.com\/en\/actualidad\/fundacion-sando-fosters-young-talent-through-the-fundacion-malaga-talento-scholarships","url":"https:\/\/www.sando.com\/en\/actualidad\/fundacion-sando-fosters-young-talent-through-the-fundacion-malaga-talento-scholarships","name":"Sando Foundation promotes the Malaga Foundation's talent scholarships","isPartOf":{"@id":"https:\/\/www.sando.com\/en#website"},"primaryImageOfPage":{"@id":"https:\/\/www.sando.com\/en\/actualidad\/fundacion-sando-fosters-young-talent-through-the-fundacion-malaga-talento-scholarships#primaryimage"},"image":{"@id":"https:\/\/www.sando.com\/en\/actualidad\/fundacion-sando-fosters-young-talent-through-the-fundacion-malaga-talento-scholarships#primaryimage"},"thumbnailUrl":"https:\/\/www.sando.com\/contenido\/subidas\/2025\/07\/grupo1-scaled-e1751461173403.jpg","datePublished":"2025-06-27T12:52:58+00:00","dateModified":"2025-10-07T16:01:32+00:00","description":"Fundaci\u00f3n M\u00e1laga held the 5th Gala Gala for the Talent 2025-2026 Scholarship Awards, an event that recognised 18 promising young artists.","breadcrumb":{"@id":"https:\/\/www.sando.com\/en\/actualidad\/fundacion-sando-fosters-young-talent-through-the-fundacion-malaga-talento-scholarships#breadcrumb"},"inLanguage":"en-US","potentialAction":[{"@type":"ReadAction","target":["https:\/\/www.sando.com\/en\/actualidad\/fundacion-sando-fosters-young-talent-through-the-fundacion-malaga-talento-scholarships"]}]},{"@type":"ImageObject","inLanguage":"en-US","@id":"https:\/\/www.sando.com\/en\/actualidad\/fundacion-sando-fosters-young-talent-through-the-fundacion-malaga-talento-scholarships#primaryimage","url":"https:\/\/www.sando.com\/contenido\/subidas\/2025\/07\/grupo1-scaled-e1751461173403.jpg","contentUrl":"https:\/\/www.sando.com\/contenido\/subidas\/2025\/07\/grupo1-scaled-e1751461173403.jpg","width":2560,"height":1707},{"@type":"BreadcrumbList","@id":"https:\/\/www.sando.com\/en\/actualidad\/fundacion-sando-fosters-young-talent-through-the-fundacion-malaga-talento-scholarships#breadcrumb","itemListElement":[{"@type":"ListItem","position":1,"name":"Portada","item":"https:\/\/www.sando.com\/en"},{"@type":"ListItem","position":2,"name":"Fundaci\u00f3n Sando fosters young talent through the Fundaci\u00f3n M\u00e1laga Talento Scholarships"}]},{"@type":"WebSite","@id":"https:\/\/www.sando.com\/en#website","url":"https:\/\/www.sando.com\/en","name":"Sando","description":"","publisher":{"@id":"https:\/\/www.sando.com\/en#organization"},"potentialAction":[{"@type":"SearchAction","target":{"@type":"EntryPoint","urlTemplate":"https:\/\/www.sando.com\/en?s={search_term_string}"},"query-input":{"@type":"PropertyValueSpecification","valueRequired":true,"valueName":"search_term_string"}}],"inLanguage":"en-US"},{"@type":"Organization","@id":"https:\/\/www.sando.com\/en#organization","name":"Sando","url":"https:\/\/www.sando.com\/en","logo":{"@type":"ImageObject","inLanguage":"en-US","@id":"https:\/\/www.sando.com\/en#\/schema\/logo\/image\/","url":"","contentUrl":"","caption":"Sando"},"image":{"@id":"https:\/\/www.sando.com\/en#\/schema\/logo\/image\/"}},{"@type":"Person","@id":"https:\/\/www.sando.com\/en#\/schema\/person\/de9e7d8314e1c13302097b9d7abd6f62","name":"Ignacio Miranda","image":{"@type":"ImageObject","inLanguage":"en-US","@id":"https:\/\/secure.gravatar.com\/avatar\/70b7487f1d3f0535f36d3ce7bc97e9729e4efb96033c2bb2f37aa99d6026879b?s=96&d=mm&r=g","url":"https:\/\/secure.gravatar.com\/avatar\/70b7487f1d3f0535f36d3ce7bc97e9729e4efb96033c2bb2f37aa99d6026879b?s=96&d=mm&r=g","contentUrl":"https:\/\/secure.gravatar.com\/avatar\/70b7487f1d3f0535f36d3ce7bc97e9729e4efb96033c2bb2f37aa99d6026879b?s=96&d=mm&r=g","caption":"Ignacio Miranda"}}]}},"_links":{"self":[{"href":"https:\/\/www.sando.com\/en\/wp-json\/wp\/v2\/posts\/54483","targetHints":{"allow":["GET"]}}],"collection":[{"href":"https:\/\/www.sando.com\/en\/wp-json\/wp\/v2\/posts"}],"about":[{"href":"https:\/\/www.sando.com\/en\/wp-json\/wp\/v2\/types\/post"}],"author":[{"embeddable":true,"href":"https:\/\/www.sando.com\/en\/wp-json\/wp\/v2\/users\/6"}],"replies":[{"embeddable":true,"href":"https:\/\/www.sando.com\/en\/wp-json\/wp\/v2\/comments?post=54483"}],"version-history":[{"count":0,"href":"https:\/\/www.sando.com\/en\/wp-json\/wp\/v2\/posts\/54483\/revisions"}],"wp:featuredmedia":[{"embeddable":true,"href":"https:\/\/www.sando.com\/en\/wp-json\/wp\/v2\/media\/53169"}],"wp:attachment":[{"href":"https:\/\/www.sando.com\/en\/wp-json\/wp\/v2\/media?parent=54483"}],"wp:term":[{"taxonomy":"category","embeddable":true,"href":"https:\/\/www.sando.com\/en\/wp-json\/wp\/v2\/categories?post=54483"},{"taxonomy":"post_tag","embeddable":true,"href":"https:\/\/www.sando.com\/en\/wp-json\/wp\/v2\/tags?post=54483"},{"taxonomy":"tax_brand","embeddable":true,"href":"https:\/\/www.sando.com\/en\/wp-json\/wp\/v2\/tax_brand?post=54483"},{"taxonomy":"tax_services","embeddable":true,"href":"https:\/\/www.sando.com\/en\/wp-json\/wp\/v2\/tax_services?post=54483"},{"taxonomy":"tax_location","embeddable":true,"href":"https:\/\/www.sando.com\/en\/wp-json\/wp\/v2\/tax_location?post=54483"}],"curies":[{"name":"wp","href":"https:\/\/api.w.org\/{rel}","templated":true}]}}