{"id":54486,"date":"2025-05-19T06:30:00","date_gmt":"2025-05-19T06:30:00","guid":{"rendered":"https:\/\/www.sando.com\/actualidad\/althenia-sando-contributes-to-the-publication-of-el-bosque-urbano-de-alcobendas-the-urban-forest-of-alcobendas"},"modified":"2025-10-07T16:10:29","modified_gmt":"2025-10-07T16:10:29","slug":"althenia-sando-contributes-to-the-publication-of-el-bosque-urbano-de-alcobendas-the-urban-forest-of-alcobendas","status":"publish","type":"post","link":"https:\/\/www.sando.com\/en\/actualidad\/althenia-sando-contributes-to-the-publication-of-el-bosque-urbano-de-alcobendas-the-urban-forest-of-alcobendas","title":{"rendered":"Althenia Sando Contributes to the Publication of El bosque urbano de Alcobendas (The urban forest of Alcobendas)"},"content":{"rendered":"\n<p>\u201cUn recorrido pr\u00e1ctico por la infraestructura verde de la ciudad\u201d (&#8220;A practical journey through the city\u2019s green infrastructure): this is how engineers and authors F\u00e9lix Carballera and Jos\u00e9 Luis Rodr\u00edguez describe their latest work, <em>El bosque urbano de Alcobendas<\/em>. <a href=\"\/en\/althenia-sando\" title=\"Althenia Sando. Integral environmental services\" target=\"_blank\">Althenia Sando<\/a> has collaborated on this publication, which delves into the green heritage of this municipality in the Madrid region, with a particular focus on the ecosystem services provided by its forested areas. <\/p>\n\n<p>The book highlights the value of the city\u2019s green spaces, which encompass 1.8 million square metres. The title \u201curban forest\u201d refers to a term coined by the <a href=\"https:\/\/www.fao.org\/home\/es\" target=\"_blank\" rel=\"noreferrer noopener\">FAO <\/a>(Food and Agriculture Organization of the United Nations), used to define the natural, semi-natural and ornamental ecosystems within cities that form part of their urban infrastructure. <\/p>\n\n<p>The volume offers compelling data about <a href=\"https:\/\/www.alcobendas.org\/es\" target=\"_blank\" rel=\"noreferrer noopener\">Alcobendas<\/a>\u2019 forest coverage\u2014such as the fact that green spaces occupy 67% of the city\u2019s area, there are 41,600 trees, and more than 2,500 square metres of floral beds. This equates to around 15 square <sup>metres <\/sup>of green space and 0.35 trees per inhabitant.  <\/p>\n\n<h3 class=\"wp-block-heading\"><strong>Preserving Green Spaces<\/strong><\/h3>\n\n<p>One of the central themes of the book is the importance of maintaining and conserving green areas. According to the authors, investing in green infrastructure is key to \u201cpositively evolving our urban green framework\u201d and delivering long-term benefits in terms of public well-being. <\/p>\n\n<p>As a company specialising in environmental services, <a href=\"\/en\/althenia-sando\" title=\"Integral environmental services\" target=\"_blank\">Althenia<\/a> Sando implements sustainable management practices in the maintenance of green and forested areas. Its work in both natural and urban environments supports environmental protection and enhances quality of life\u2014fully aligned with the <a href=\"https:\/\/www.sando.com\/en\/sustainability\/sdgs-sustainable-development-challenges\" target=\"_blank\" rel=\"noreferrer noopener\">Sustainable Development Goals<\/a> and the <a href=\"https:\/\/www.un.org\/sustainabledevelopment\/es\/2015\/09\/la-asamblea-general-adopta-la-agenda-2030-para-el-desarrollo-sostenible\/\" target=\"_blank\" rel=\"noreferrer noopener\">2030 Agenda. <\/a> <\/p>\n\n<p>One recent initiative saw Althenia Sando create a new 1,370-metre green corridor along the Arroyo de la Vega in Alcobendas\u2014an intervention aimed at promoting sustainable urban development.<\/p>\n","protected":false},"excerpt":{"rendered":"\u201cUn recorrido pr\u00e1ctico por la infraestructura verde de la ciudad\u201d (&#8220;A practical journey through the city\u2019s green infrastructure): this is how engineers and authors F\u00e9lix Carballera and Jos\u00e9 Luis Rodr\u00edguez describe their latest work, El bosque urbano de Alcobendas. Althenia Sando has collaborated on this publication, which delves into the green heritage of this municipality&#8230; <a class=\"view-article\" href=\"https:\/\/www.sando.com\/en\/reemplazos\/conacon-sando\">View Article<\/a>","protected":false},"author":6,"featured_media":50521,"comment_status":"closed","ping_status":"closed","sticky":false,"template":"","format":"standard","meta":{"_acf_changed":false,"footnotes":""},"categories":[980,979,1523],"tags":[1516,1800,1831,1542,1883,1882,1518,1508,1517,1798],"tax_brand":[1762],"tax_services":[],"tax_location":[],"class_list":["post-54486","post","type-post","status-publish","format-standard","has-post-thumbnail","hentry","category-comunicacion-comunicacion-en","category-communication","category-corporate-social-responsibility","tag-rsc-en-2","tag-eficiencia-en-2","tag-environment-en-3","tag-green-areas","tag-parks","tag-parks-and-gardens","tag-rse-en-2","tag-service","tag-social-responsibility","tag-sostenibilidad-en-2","tax_brand-althenia-en"],"acf":[],"yoast_head":"<!-- This site is optimized with the Yoast SEO plugin v27.4 - https:\/\/yoast.com\/product\/yoast-seo-wordpress\/ -->\n<title>Althenia Sando participates in the book \u2018Bosque Urbano de Alcobendas\u2019.<\/title>\n<meta name=\"description\" content=\"Althenia Sando is collaborating in the publication of the book El bosque urbano de Alcobendas, which focuses on the green heritage of this Madrid town.\" \/>\n<meta name=\"robots\" content=\"index, follow, max-snippet:-1, max-image-preview:large, max-video-preview:-1\" \/>\n<link rel=\"canonical\" href=\"https:\/\/www.sando.com\/en\/actualidad\/althenia-sando-contributes-to-the-publication-of-el-bosque-urbano-de-alcobendas-the-urban-forest-of-alcobendas\" \/>\n<meta property=\"og:locale\" content=\"en_US\" \/>\n<meta property=\"og:type\" content=\"article\" \/>\n<meta property=\"og:title\" content=\"Althenia Sando participates in the book \u2018Bosque Urbano de Alcobendas\u2019.\" \/>\n<meta property=\"og:description\" content=\"Althenia Sando is collaborating in the publication of the book El bosque urbano de Alcobendas, which focuses on the green heritage of this Madrid town.\" \/>\n<meta property=\"og:url\" content=\"https:\/\/www.sando.com\/en\/actualidad\/althenia-sando-contributes-to-the-publication-of-el-bosque-urbano-de-alcobendas-the-urban-forest-of-alcobendas\" \/>\n<meta property=\"og:site_name\" content=\"Sando\" \/>\n<meta property=\"article:published_time\" content=\"2025-05-19T06:30:00+00:00\" \/>\n<meta property=\"article:modified_time\" content=\"2025-10-07T16:10:29+00:00\" \/>\n<meta property=\"og:image\" content=\"https:\/\/www.sando.com\/contenido\/subidas\/2025\/05\/bosque-urbano-alcobendas-althenia-sando-redu.jpg\" \/>\n\t<meta property=\"og:image:width\" content=\"705\" \/>\n\t<meta property=\"og:image:height\" content=\"1000\" \/>\n\t<meta property=\"og:image:type\" content=\"image\/jpeg\" \/>\n<meta name=\"author\" content=\"Ignacio Miranda\" \/>\n<meta name=\"twitter:card\" content=\"summary_large_image\" \/>\n<meta name=\"twitter:label1\" content=\"Written by\" \/>\n\t<meta name=\"twitter:data1\" content=\"Ignacio Miranda\" \/>\n\t<meta name=\"twitter:label2\" content=\"Est. reading time\" \/>\n\t<meta name=\"twitter:data2\" content=\"2 minutes\" \/>\n<script type=\"application\/ld+json\" class=\"yoast-schema-graph\">{\"@context\":\"https:\\\/\\\/schema.org\",\"@graph\":[{\"@type\":\"Article\",\"@id\":\"https:\\\/\\\/www.sando.com\\\/en\\\/actualidad\\\/althenia-sando-contributes-to-the-publication-of-el-bosque-urbano-de-alcobendas-the-urban-forest-of-alcobendas#article\",\"isPartOf\":{\"@id\":\"https:\\\/\\\/www.sando.com\\\/en\\\/actualidad\\\/althenia-sando-contributes-to-the-publication-of-el-bosque-urbano-de-alcobendas-the-urban-forest-of-alcobendas\"},\"author\":{\"name\":\"Ignacio Miranda\",\"@id\":\"https:\\\/\\\/www.sando.com\\\/en#\\\/schema\\\/person\\\/de9e7d8314e1c13302097b9d7abd6f62\"},\"headline\":\"Althenia Sando Contributes to the Publication of El bosque urbano de Alcobendas (The urban forest of Alcobendas)\",\"datePublished\":\"2025-05-19T06:30:00+00:00\",\"dateModified\":\"2025-10-07T16:10:29+00:00\",\"mainEntityOfPage\":{\"@id\":\"https:\\\/\\\/www.sando.com\\\/en\\\/actualidad\\\/althenia-sando-contributes-to-the-publication-of-el-bosque-urbano-de-alcobendas-the-urban-forest-of-alcobendas\"},\"wordCount\":314,\"publisher\":{\"@id\":\"https:\\\/\\\/www.sando.com\\\/en#organization\"},\"image\":{\"@id\":\"https:\\\/\\\/www.sando.com\\\/en\\\/actualidad\\\/althenia-sando-contributes-to-the-publication-of-el-bosque-urbano-de-alcobendas-the-urban-forest-of-alcobendas#primaryimage\"},\"thumbnailUrl\":\"https:\\\/\\\/www.sando.com\\\/contenido\\\/subidas\\\/2025\\\/05\\\/bosque-urbano-alcobendas-althenia-sando-redu.jpg\",\"keywords\":[\"CSR\",\"efficiency\",\"environment\",\"green areas\",\"parks\",\"parks and gardens\",\"RSE\",\"Service\",\"Social Responsibility\",\"Sustainability\"],\"articleSection\":[\"Blog-EN\",\"Communication\",\"Corporate Social Responsibility\"],\"inLanguage\":\"en-US\"},{\"@type\":\"WebPage\",\"@id\":\"https:\\\/\\\/www.sando.com\\\/en\\\/actualidad\\\/althenia-sando-contributes-to-the-publication-of-el-bosque-urbano-de-alcobendas-the-urban-forest-of-alcobendas\",\"url\":\"https:\\\/\\\/www.sando.com\\\/en\\\/actualidad\\\/althenia-sando-contributes-to-the-publication-of-el-bosque-urbano-de-alcobendas-the-urban-forest-of-alcobendas\",\"name\":\"Althenia Sando participates in the book \u2018Bosque Urbano de Alcobendas\u2019.\",\"isPartOf\":{\"@id\":\"https:\\\/\\\/www.sando.com\\\/en#website\"},\"primaryImageOfPage\":{\"@id\":\"https:\\\/\\\/www.sando.com\\\/en\\\/actualidad\\\/althenia-sando-contributes-to-the-publication-of-el-bosque-urbano-de-alcobendas-the-urban-forest-of-alcobendas#primaryimage\"},\"image\":{\"@id\":\"https:\\\/\\\/www.sando.com\\\/en\\\/actualidad\\\/althenia-sando-contributes-to-the-publication-of-el-bosque-urbano-de-alcobendas-the-urban-forest-of-alcobendas#primaryimage\"},\"thumbnailUrl\":\"https:\\\/\\\/www.sando.com\\\/contenido\\\/subidas\\\/2025\\\/05\\\/bosque-urbano-alcobendas-althenia-sando-redu.jpg\",\"datePublished\":\"2025-05-19T06:30:00+00:00\",\"dateModified\":\"2025-10-07T16:10:29+00:00\",\"description\":\"Althenia Sando is collaborating in the publication of the book El bosque urbano de Alcobendas, which focuses on the green heritage of this Madrid town.\",\"breadcrumb\":{\"@id\":\"https:\\\/\\\/www.sando.com\\\/en\\\/actualidad\\\/althenia-sando-contributes-to-the-publication-of-el-bosque-urbano-de-alcobendas-the-urban-forest-of-alcobendas#breadcrumb\"},\"inLanguage\":\"en-US\",\"potentialAction\":[{\"@type\":\"ReadAction\",\"target\":[\"https:\\\/\\\/www.sando.com\\\/en\\\/actualidad\\\/althenia-sando-contributes-to-the-publication-of-el-bosque-urbano-de-alcobendas-the-urban-forest-of-alcobendas\"]}]},{\"@type\":\"ImageObject\",\"inLanguage\":\"en-US\",\"@id\":\"https:\\\/\\\/www.sando.com\\\/en\\\/actualidad\\\/althenia-sando-contributes-to-the-publication-of-el-bosque-urbano-de-alcobendas-the-urban-forest-of-alcobendas#primaryimage\",\"url\":\"https:\\\/\\\/www.sando.com\\\/contenido\\\/subidas\\\/2025\\\/05\\\/bosque-urbano-alcobendas-althenia-sando-redu.jpg\",\"contentUrl\":\"https:\\\/\\\/www.sando.com\\\/contenido\\\/subidas\\\/2025\\\/05\\\/bosque-urbano-alcobendas-althenia-sando-redu.jpg\",\"width\":705,\"height\":1000,\"caption\":\"\u201cUn recorrido pr\u00e1ctico por la infraestructura verde de la ciudad\u201d, con esta semblanza los ingenieros y autores F\u00e9lix Carballera y Jos\u00e9 Luis Rodr\u00edguez han descrito su obra, titulada El bosque urbano de Alcobendas. Este libro, en el que colabora Althenia Sando, se adentra en el patrimonio verde de esta localidad madrile\u00f1a, haciendo \u00e9nfasis en los beneficios ecosist\u00e9micos que aporta la masa forestal.\"},{\"@type\":\"BreadcrumbList\",\"@id\":\"https:\\\/\\\/www.sando.com\\\/en\\\/actualidad\\\/althenia-sando-contributes-to-the-publication-of-el-bosque-urbano-de-alcobendas-the-urban-forest-of-alcobendas#breadcrumb\",\"itemListElement\":[{\"@type\":\"ListItem\",\"position\":1,\"name\":\"Portada\",\"item\":\"https:\\\/\\\/www.sando.com\\\/en\"},{\"@type\":\"ListItem\",\"position\":2,\"name\":\"Althenia Sando Contributes to the Publication of El bosque urbano de Alcobendas (The urban forest of Alcobendas)\"}]},{\"@type\":\"WebSite\",\"@id\":\"https:\\\/\\\/www.sando.com\\\/en#website\",\"url\":\"https:\\\/\\\/www.sando.com\\\/en\",\"name\":\"Sando\",\"description\":\"\",\"publisher\":{\"@id\":\"https:\\\/\\\/www.sando.com\\\/en#organization\"},\"potentialAction\":[{\"@type\":\"SearchAction\",\"target\":{\"@type\":\"EntryPoint\",\"urlTemplate\":\"https:\\\/\\\/www.sando.com\\\/en?s={search_term_string}\"},\"query-input\":{\"@type\":\"PropertyValueSpecification\",\"valueRequired\":true,\"valueName\":\"search_term_string\"}}],\"inLanguage\":\"en-US\"},{\"@type\":\"Organization\",\"@id\":\"https:\\\/\\\/www.sando.com\\\/en#organization\",\"name\":\"Sando\",\"url\":\"https:\\\/\\\/www.sando.com\\\/en\",\"logo\":{\"@type\":\"ImageObject\",\"inLanguage\":\"en-US\",\"@id\":\"https:\\\/\\\/www.sando.com\\\/en#\\\/schema\\\/logo\\\/image\\\/\",\"url\":\"\",\"contentUrl\":\"\",\"caption\":\"Sando\"},\"image\":{\"@id\":\"https:\\\/\\\/www.sando.com\\\/en#\\\/schema\\\/logo\\\/image\\\/\"}},{\"@type\":\"Person\",\"@id\":\"https:\\\/\\\/www.sando.com\\\/en#\\\/schema\\\/person\\\/de9e7d8314e1c13302097b9d7abd6f62\",\"name\":\"Ignacio Miranda\",\"image\":{\"@type\":\"ImageObject\",\"inLanguage\":\"en-US\",\"@id\":\"https:\\\/\\\/secure.gravatar.com\\\/avatar\\\/70b7487f1d3f0535f36d3ce7bc97e9729e4efb96033c2bb2f37aa99d6026879b?s=96&d=mm&r=g\",\"url\":\"https:\\\/\\\/secure.gravatar.com\\\/avatar\\\/70b7487f1d3f0535f36d3ce7bc97e9729e4efb96033c2bb2f37aa99d6026879b?s=96&d=mm&r=g\",\"contentUrl\":\"https:\\\/\\\/secure.gravatar.com\\\/avatar\\\/70b7487f1d3f0535f36d3ce7bc97e9729e4efb96033c2bb2f37aa99d6026879b?s=96&d=mm&r=g\",\"caption\":\"Ignacio Miranda\"}}]}<\/script>\n<!-- \/ Yoast SEO plugin. -->","yoast_head_json":{"title":"Althenia Sando participates in the book \u2018Bosque Urbano de Alcobendas\u2019.","description":"Althenia Sando is collaborating in the publication of the book El bosque urbano de Alcobendas, which focuses on the green heritage of this Madrid town.","robots":{"index":"index","follow":"follow","max-snippet":"max-snippet:-1","max-image-preview":"max-image-preview:large","max-video-preview":"max-video-preview:-1"},"canonical":"https:\/\/www.sando.com\/en\/actualidad\/althenia-sando-contributes-to-the-publication-of-el-bosque-urbano-de-alcobendas-the-urban-forest-of-alcobendas","og_locale":"en_US","og_type":"article","og_title":"Althenia Sando participates in the book \u2018Bosque Urbano de Alcobendas\u2019.","og_description":"Althenia Sando is collaborating in the publication of the book El bosque urbano de Alcobendas, which focuses on the green heritage of this Madrid town.","og_url":"https:\/\/www.sando.com\/en\/actualidad\/althenia-sando-contributes-to-the-publication-of-el-bosque-urbano-de-alcobendas-the-urban-forest-of-alcobendas","og_site_name":"Sando","article_published_time":"2025-05-19T06:30:00+00:00","article_modified_time":"2025-10-07T16:10:29+00:00","og_image":[{"width":705,"height":1000,"url":"https:\/\/www.sando.com\/contenido\/subidas\/2025\/05\/bosque-urbano-alcobendas-althenia-sando-redu.jpg","type":"image\/jpeg"}],"author":"Ignacio Miranda","twitter_card":"summary_large_image","twitter_misc":{"Written by":"Ignacio Miranda","Est. reading time":"2 minutes"},"schema":{"@context":"https:\/\/schema.org","@graph":[{"@type":"Article","@id":"https:\/\/www.sando.com\/en\/actualidad\/althenia-sando-contributes-to-the-publication-of-el-bosque-urbano-de-alcobendas-the-urban-forest-of-alcobendas#article","isPartOf":{"@id":"https:\/\/www.sando.com\/en\/actualidad\/althenia-sando-contributes-to-the-publication-of-el-bosque-urbano-de-alcobendas-the-urban-forest-of-alcobendas"},"author":{"name":"Ignacio Miranda","@id":"https:\/\/www.sando.com\/en#\/schema\/person\/de9e7d8314e1c13302097b9d7abd6f62"},"headline":"Althenia Sando Contributes to the Publication of El bosque urbano de Alcobendas (The urban forest of Alcobendas)","datePublished":"2025-05-19T06:30:00+00:00","dateModified":"2025-10-07T16:10:29+00:00","mainEntityOfPage":{"@id":"https:\/\/www.sando.com\/en\/actualidad\/althenia-sando-contributes-to-the-publication-of-el-bosque-urbano-de-alcobendas-the-urban-forest-of-alcobendas"},"wordCount":314,"publisher":{"@id":"https:\/\/www.sando.com\/en#organization"},"image":{"@id":"https:\/\/www.sando.com\/en\/actualidad\/althenia-sando-contributes-to-the-publication-of-el-bosque-urbano-de-alcobendas-the-urban-forest-of-alcobendas#primaryimage"},"thumbnailUrl":"https:\/\/www.sando.com\/contenido\/subidas\/2025\/05\/bosque-urbano-alcobendas-althenia-sando-redu.jpg","keywords":["CSR","efficiency","environment","green areas","parks","parks and gardens","RSE","Service","Social Responsibility","Sustainability"],"articleSection":["Blog-EN","Communication","Corporate Social Responsibility"],"inLanguage":"en-US"},{"@type":"WebPage","@id":"https:\/\/www.sando.com\/en\/actualidad\/althenia-sando-contributes-to-the-publication-of-el-bosque-urbano-de-alcobendas-the-urban-forest-of-alcobendas","url":"https:\/\/www.sando.com\/en\/actualidad\/althenia-sando-contributes-to-the-publication-of-el-bosque-urbano-de-alcobendas-the-urban-forest-of-alcobendas","name":"Althenia Sando participates in the book \u2018Bosque Urbano de Alcobendas\u2019.","isPartOf":{"@id":"https:\/\/www.sando.com\/en#website"},"primaryImageOfPage":{"@id":"https:\/\/www.sando.com\/en\/actualidad\/althenia-sando-contributes-to-the-publication-of-el-bosque-urbano-de-alcobendas-the-urban-forest-of-alcobendas#primaryimage"},"image":{"@id":"https:\/\/www.sando.com\/en\/actualidad\/althenia-sando-contributes-to-the-publication-of-el-bosque-urbano-de-alcobendas-the-urban-forest-of-alcobendas#primaryimage"},"thumbnailUrl":"https:\/\/www.sando.com\/contenido\/subidas\/2025\/05\/bosque-urbano-alcobendas-althenia-sando-redu.jpg","datePublished":"2025-05-19T06:30:00+00:00","dateModified":"2025-10-07T16:10:29+00:00","description":"Althenia Sando is collaborating in the publication of the book El bosque urbano de Alcobendas, which focuses on the green heritage of this Madrid town.","breadcrumb":{"@id":"https:\/\/www.sando.com\/en\/actualidad\/althenia-sando-contributes-to-the-publication-of-el-bosque-urbano-de-alcobendas-the-urban-forest-of-alcobendas#breadcrumb"},"inLanguage":"en-US","potentialAction":[{"@type":"ReadAction","target":["https:\/\/www.sando.com\/en\/actualidad\/althenia-sando-contributes-to-the-publication-of-el-bosque-urbano-de-alcobendas-the-urban-forest-of-alcobendas"]}]},{"@type":"ImageObject","inLanguage":"en-US","@id":"https:\/\/www.sando.com\/en\/actualidad\/althenia-sando-contributes-to-the-publication-of-el-bosque-urbano-de-alcobendas-the-urban-forest-of-alcobendas#primaryimage","url":"https:\/\/www.sando.com\/contenido\/subidas\/2025\/05\/bosque-urbano-alcobendas-althenia-sando-redu.jpg","contentUrl":"https:\/\/www.sando.com\/contenido\/subidas\/2025\/05\/bosque-urbano-alcobendas-althenia-sando-redu.jpg","width":705,"height":1000,"caption":"\u201cUn recorrido pr\u00e1ctico por la infraestructura verde de la ciudad\u201d, con esta semblanza los ingenieros y autores F\u00e9lix Carballera y Jos\u00e9 Luis Rodr\u00edguez han descrito su obra, titulada El bosque urbano de Alcobendas. Este libro, en el que colabora Althenia Sando, se adentra en el patrimonio verde de esta localidad madrile\u00f1a, haciendo \u00e9nfasis en los beneficios ecosist\u00e9micos que aporta la masa forestal."},{"@type":"BreadcrumbList","@id":"https:\/\/www.sando.com\/en\/actualidad\/althenia-sando-contributes-to-the-publication-of-el-bosque-urbano-de-alcobendas-the-urban-forest-of-alcobendas#breadcrumb","itemListElement":[{"@type":"ListItem","position":1,"name":"Portada","item":"https:\/\/www.sando.com\/en"},{"@type":"ListItem","position":2,"name":"Althenia Sando Contributes to the Publication of El bosque urbano de Alcobendas (The urban forest of Alcobendas)"}]},{"@type":"WebSite","@id":"https:\/\/www.sando.com\/en#website","url":"https:\/\/www.sando.com\/en","name":"Sando","description":"","publisher":{"@id":"https:\/\/www.sando.com\/en#organization"},"potentialAction":[{"@type":"SearchAction","target":{"@type":"EntryPoint","urlTemplate":"https:\/\/www.sando.com\/en?s={search_term_string}"},"query-input":{"@type":"PropertyValueSpecification","valueRequired":true,"valueName":"search_term_string"}}],"inLanguage":"en-US"},{"@type":"Organization","@id":"https:\/\/www.sando.com\/en#organization","name":"Sando","url":"https:\/\/www.sando.com\/en","logo":{"@type":"ImageObject","inLanguage":"en-US","@id":"https:\/\/www.sando.com\/en#\/schema\/logo\/image\/","url":"","contentUrl":"","caption":"Sando"},"image":{"@id":"https:\/\/www.sando.com\/en#\/schema\/logo\/image\/"}},{"@type":"Person","@id":"https:\/\/www.sando.com\/en#\/schema\/person\/de9e7d8314e1c13302097b9d7abd6f62","name":"Ignacio Miranda","image":{"@type":"ImageObject","inLanguage":"en-US","@id":"https:\/\/secure.gravatar.com\/avatar\/70b7487f1d3f0535f36d3ce7bc97e9729e4efb96033c2bb2f37aa99d6026879b?s=96&d=mm&r=g","url":"https:\/\/secure.gravatar.com\/avatar\/70b7487f1d3f0535f36d3ce7bc97e9729e4efb96033c2bb2f37aa99d6026879b?s=96&d=mm&r=g","contentUrl":"https:\/\/secure.gravatar.com\/avatar\/70b7487f1d3f0535f36d3ce7bc97e9729e4efb96033c2bb2f37aa99d6026879b?s=96&d=mm&r=g","caption":"Ignacio Miranda"}}]}},"_links":{"self":[{"href":"https:\/\/www.sando.com\/en\/wp-json\/wp\/v2\/posts\/54486","targetHints":{"allow":["GET"]}}],"collection":[{"href":"https:\/\/www.sando.com\/en\/wp-json\/wp\/v2\/posts"}],"about":[{"href":"https:\/\/www.sando.com\/en\/wp-json\/wp\/v2\/types\/post"}],"author":[{"embeddable":true,"href":"https:\/\/www.sando.com\/en\/wp-json\/wp\/v2\/users\/6"}],"replies":[{"embeddable":true,"href":"https:\/\/www.sando.com\/en\/wp-json\/wp\/v2\/comments?post=54486"}],"version-history":[{"count":0,"href":"https:\/\/www.sando.com\/en\/wp-json\/wp\/v2\/posts\/54486\/revisions"}],"wp:featuredmedia":[{"embeddable":true,"href":"https:\/\/www.sando.com\/en\/wp-json\/wp\/v2\/media\/50521"}],"wp:attachment":[{"href":"https:\/\/www.sando.com\/en\/wp-json\/wp\/v2\/media?parent=54486"}],"wp:term":[{"taxonomy":"category","embeddable":true,"href":"https:\/\/www.sando.com\/en\/wp-json\/wp\/v2\/categories?post=54486"},{"taxonomy":"post_tag","embeddable":true,"href":"https:\/\/www.sando.com\/en\/wp-json\/wp\/v2\/tags?post=54486"},{"taxonomy":"tax_brand","embeddable":true,"href":"https:\/\/www.sando.com\/en\/wp-json\/wp\/v2\/tax_brand?post=54486"},{"taxonomy":"tax_services","embeddable":true,"href":"https:\/\/www.sando.com\/en\/wp-json\/wp\/v2\/tax_services?post=54486"},{"taxonomy":"tax_location","embeddable":true,"href":"https:\/\/www.sando.com\/en\/wp-json\/wp\/v2\/tax_location?post=54486"}],"curies":[{"name":"wp","href":"https:\/\/api.w.org\/{rel}","templated":true}]}}