{"id":54492,"date":"2025-06-04T09:11:39","date_gmt":"2025-06-04T09:11:39","guid":{"rendered":"https:\/\/www.sando.com\/actualidad\/sando-and-the-sando-foundation-host-conference-to-help-companies-integrate-sustainability-into-their-business-strategies"},"modified":"2025-10-07T16:10:32","modified_gmt":"2025-10-07T16:10:32","slug":"sando-and-the-sando-foundation-host-conference-to-help-companies-integrate-sustainability-into-their-business-strategies","status":"publish","type":"post","link":"https:\/\/www.sando.com\/en\/actualidad\/sando-and-the-sando-foundation-host-conference-to-help-companies-integrate-sustainability-into-their-business-strategies","title":{"rendered":"Sando and the Sando Foundation Host Conference to Help Companies Integrate Sustainability into Their Business Strategies"},"content":{"rendered":"\n<p>The <a href=\"https:\/\/camaramalaga.com\/\" target=\"_blank\" rel=\"noreferrer noopener\">M\u00e1laga Chamber of Commerce<\/a> recently hosted the conference \u201cIntegrating <a href=\"\/en\/sustainability\" title=\"Sustainable and efficient environmental solutions\" target=\"_blank\">Sustainability<\/a> into My Business\u201d, an event co-organised by the Chamber\u2019s Strategy, Innovation and <a href=\"https:\/\/www.sando.com\/en\/sustainability\" target=\"_blank\" rel=\"noreferrer noopener\">Sustainability Department<\/a>, the M\u00e1laga <a href=\"https:\/\/www.fororsemalaga.es\/\" target=\"_blank\" rel=\"noreferrer noopener\">Provincial Forum of Socially Responsible Companies<\/a>, the <a href=\"https:\/\/fundacionsando.com\/\" target=\"_blank\" rel=\"noreferrer noopener\">Sando Foundation<\/a>, and the <a href=\"https:\/\/cem-malaga.es\/\" target=\"_blank\" rel=\"noreferrer noopener\">M\u00e1laga Confederation of Employers (CEM)<\/a>. The event aimed to offer practical guidance for companies\u2014large and small\u2014on how to embed sustainability into their core operations.<\/p>\n\n<p>The institutional welcome was delivered by Juan Manuel Rosillo, Second Vice-President of the M\u00e1laga Chamber of Commerce and Vice-President of CEM, and Esther S\u00e1nchez Manzano, Executive Vice-President of Sando and Chair of the Chamber\u2019s Sustainability Commission.<\/p>\n\n<p>\u201cSustainability is no longer a desirable option but an urgent necessity that demands collective action,\u201d said Rosillo. Companies\u2014regardless of size\u2014are essential to integrating economic, social and environmental sustainability. It\u2019s not about remaining competitive in spite of sustainability, but precisely because of it. At the Chamber and the CEM, we offer real support through initiatives such as the Sustainability Programme for SMEs and the self-employed\u2014tools that help embed sustainability into company strategy through funding for efficiency and innovation. We want sustainability to form part of the DNA of every company, shaping the future of M\u00e1laga\u2019s productive landscape. Our goal is clear: to make M\u00e1laga a benchmark province in social responsibility.<\/p>\n\n<p>Esther S\u00e1nchez Manzano reinforced the message by highlighting the direct link between sustainability and long-term profitability: \u201cWe must commit for the long haul\u2014sustainability is long-term profitability. That\u2019s why education and awareness are so important. Businesses need to be profitable in the short term but also strike a balance; without it, they will not endure. At Sando, we believe ESG awareness is a shared goal, and it is essential that we consider company training as a response to new demands in sustainability.\u201d<\/p>\n\n<p>Paloma Moreno, Vice-President of the M\u00e1laga Chamber of Commerce, echoed this view, emphasising that companies must commit to sustainability without delay, seeing it as an opportunity rather than a burden.<\/p>\n\n<p> Today we\u2019ve seen that sustainability is not a burden, but an opportunity\u2014to innovate, to stand out, and to build trust. We are living through a time of profound transformation, and we can no longer afford to delay key decisions. Sustainability is no longer a distant goal\u2014it is an urgent necessity that demands action now. And in this context, isolated efforts are no longer enough: real change will only be possible through collaboration between institutions, businesses, and citizens. That\u2019s why initiatives like today\u2019s event are essential\u2014creating spaces to share experiences, learn together, and build collective solutions,&#8221; said Paloma Moreno in her closing remarks.<\/p>\n\n<h3 class=\"wp-block-heading\"><strong>Integrating Sustainability<\/strong><\/h3>\n\n<p>The event featured a series of expert-led presentations and round table discussions, each focusing on key aspects of sustainable business practice:<\/p>\n\n<p>Presentation: \u201cCarbon Footprint Assessment, Registration with the Ministry for the Ecological Transition, and Implementation of Reduction Plans\u201d Delivered by Juan Manuel Llamas Linero, Founding Partner of Green Globe.<\/p>\n\n<p>Round Table Discussion: \u201cGood Environmental Practices in Industrial Sectors\u201d Moderated by Juan Manuel Llamas Linero, with contributions from: Pilar Escalante, Executive Consultant, Tourism and Planning Costa del Sol Francisco Javier Carmona, CEO, ABASTHOSUR Carolina de la Paz Guerrero, Head of Communication and CSR, Famadesa Rafael Urquiza, CEO, System Arquitectura<\/p>\n\n<p>Presentation: \u201cIntroduction to the Regulatory Framework and Sustainability Reporting\u201d Delivered by Jos\u00e9 Joya Rold\u00e1n, Managing Director of Roadmap.<\/p>\n\n<p>Round Table Discussion: \u201cTrends and Opportunities in Sustainable Management\u201d Moderated by Jos\u00e9 Joya Rold\u00e1n, with the participation of: Manuel Mart\u00ednez, Director, BMC Carlos Garc\u00eda, Manager, Centro Plaza Shopping Centre (Marbella) Sonia Arias, Managing Director, EBV Consulting Group Alejandro Rodr\u00edguez, Head of Business Development, AENOR (Andalusia)<\/p>\n","protected":false},"excerpt":{"rendered":"The M\u00e1laga Chamber of Commerce recently hosted the conference \u201cIntegrating Sustainability into My Business\u201d, an event co-organised by the Chamber\u2019s Strategy, Innovation and Sustainability Department, the M\u00e1laga Provincial Forum of Socially Responsible Companies, the Sando Foundation, and the M\u00e1laga Confederation of Employers (CEM). The event aimed to offer practical guidance for companies\u2014large and small\u2014on how&#8230; <a class=\"view-article\" href=\"https:\/\/www.sando.com\/en\/reemplazos\/conacon-sando\">View Article<\/a>","protected":false},"author":6,"featured_media":52149,"comment_status":"closed","ping_status":"closed","sticky":false,"template":"","format":"standard","meta":{"_acf_changed":false,"footnotes":""},"categories":[980,979,1523],"tags":[1800,1833,1790,1537,1518,1517,1798],"tax_brand":[1767],"tax_services":[],"tax_location":[],"class_list":["post-54492","post","type-post","status-publish","format-standard","has-post-thumbnail","hentry","category-comunicacion-comunicacion-en","category-communication","category-corporate-social-responsibility","tag-eficiencia-en-2","tag-esg-en-2","tag-buenas-practicas-en-2","tag-innovation-en","tag-rse-en-2","tag-social-responsibility","tag-sostenibilidad-en-2","tax_brand-sando-en"],"acf":[],"yoast_head":"<!-- This site is optimized with the Yoast SEO plugin v27.4 - https:\/\/yoast.com\/product\/yoast-seo-wordpress\/ -->\n<title>Sando and Sando Foundation provide guidance on integrating sustainability<\/title>\n<meta name=\"description\" content=\"Sando and the Sando Foundation have organised the conference, together with other organisations, to provide companies with guidance on how to integrate sustainability.\" \/>\n<meta name=\"robots\" content=\"index, follow, max-snippet:-1, max-image-preview:large, max-video-preview:-1\" \/>\n<link rel=\"canonical\" href=\"https:\/\/www.sando.com\/en\/actualidad\/sando-and-the-sando-foundation-host-conference-to-help-companies-integrate-sustainability-into-their-business-strategies\" \/>\n<meta property=\"og:locale\" content=\"en_US\" \/>\n<meta property=\"og:type\" content=\"article\" \/>\n<meta property=\"og:title\" content=\"Sando and Sando Foundation provide guidance on integrating sustainability\" \/>\n<meta property=\"og:description\" content=\"Sando and the Sando Foundation have organised the conference, together with other organisations, to provide companies with guidance on how to integrate sustainability.\" \/>\n<meta property=\"og:url\" content=\"https:\/\/www.sando.com\/en\/actualidad\/sando-and-the-sando-foundation-host-conference-to-help-companies-integrate-sustainability-into-their-business-strategies\" \/>\n<meta property=\"og:site_name\" content=\"Sando\" \/>\n<meta property=\"article:published_time\" content=\"2025-06-04T09:11:39+00:00\" \/>\n<meta property=\"article:modified_time\" content=\"2025-10-07T16:10:32+00:00\" \/>\n<meta property=\"og:image\" content=\"https:\/\/www.sando.com\/contenido\/subidas\/2025\/06\/1749048721463-scaled-e1750064934340.jpg\" \/>\n\t<meta property=\"og:image:width\" content=\"2560\" \/>\n\t<meta property=\"og:image:height\" content=\"1442\" \/>\n\t<meta property=\"og:image:type\" content=\"image\/jpeg\" \/>\n<meta name=\"author\" content=\"Ignacio Miranda\" \/>\n<meta name=\"twitter:card\" content=\"summary_large_image\" \/>\n<meta name=\"twitter:label1\" content=\"Written by\" \/>\n\t<meta name=\"twitter:data1\" content=\"Ignacio Miranda\" \/>\n\t<meta name=\"twitter:label2\" content=\"Est. reading time\" \/>\n\t<meta name=\"twitter:data2\" content=\"3 minutes\" \/>\n<script type=\"application\/ld+json\" class=\"yoast-schema-graph\">{\"@context\":\"https:\\\/\\\/schema.org\",\"@graph\":[{\"@type\":\"Article\",\"@id\":\"https:\\\/\\\/www.sando.com\\\/en\\\/actualidad\\\/sando-and-the-sando-foundation-host-conference-to-help-companies-integrate-sustainability-into-their-business-strategies#article\",\"isPartOf\":{\"@id\":\"https:\\\/\\\/www.sando.com\\\/en\\\/actualidad\\\/sando-and-the-sando-foundation-host-conference-to-help-companies-integrate-sustainability-into-their-business-strategies\"},\"author\":{\"name\":\"Ignacio Miranda\",\"@id\":\"https:\\\/\\\/www.sando.com\\\/en#\\\/schema\\\/person\\\/de9e7d8314e1c13302097b9d7abd6f62\"},\"headline\":\"Sando and the Sando Foundation Host Conference to Help Companies Integrate Sustainability into Their Business Strategies\",\"datePublished\":\"2025-06-04T09:11:39+00:00\",\"dateModified\":\"2025-10-07T16:10:32+00:00\",\"mainEntityOfPage\":{\"@id\":\"https:\\\/\\\/www.sando.com\\\/en\\\/actualidad\\\/sando-and-the-sando-foundation-host-conference-to-help-companies-integrate-sustainability-into-their-business-strategies\"},\"wordCount\":630,\"publisher\":{\"@id\":\"https:\\\/\\\/www.sando.com\\\/en#organization\"},\"image\":{\"@id\":\"https:\\\/\\\/www.sando.com\\\/en\\\/actualidad\\\/sando-and-the-sando-foundation-host-conference-to-help-companies-integrate-sustainability-into-their-business-strategies#primaryimage\"},\"thumbnailUrl\":\"https:\\\/\\\/www.sando.com\\\/contenido\\\/subidas\\\/2025\\\/06\\\/1749048721463-scaled-e1750064934340.jpg\",\"keywords\":[\"efficiency\",\"esg\",\"good practices\",\"innovation\",\"RSE\",\"Social Responsibility\",\"Sustainability\"],\"articleSection\":[\"Blog-EN\",\"Communication\",\"Corporate Social Responsibility\"],\"inLanguage\":\"en-US\"},{\"@type\":\"WebPage\",\"@id\":\"https:\\\/\\\/www.sando.com\\\/en\\\/actualidad\\\/sando-and-the-sando-foundation-host-conference-to-help-companies-integrate-sustainability-into-their-business-strategies\",\"url\":\"https:\\\/\\\/www.sando.com\\\/en\\\/actualidad\\\/sando-and-the-sando-foundation-host-conference-to-help-companies-integrate-sustainability-into-their-business-strategies\",\"name\":\"Sando and Sando Foundation provide guidance on integrating sustainability\",\"isPartOf\":{\"@id\":\"https:\\\/\\\/www.sando.com\\\/en#website\"},\"primaryImageOfPage\":{\"@id\":\"https:\\\/\\\/www.sando.com\\\/en\\\/actualidad\\\/sando-and-the-sando-foundation-host-conference-to-help-companies-integrate-sustainability-into-their-business-strategies#primaryimage\"},\"image\":{\"@id\":\"https:\\\/\\\/www.sando.com\\\/en\\\/actualidad\\\/sando-and-the-sando-foundation-host-conference-to-help-companies-integrate-sustainability-into-their-business-strategies#primaryimage\"},\"thumbnailUrl\":\"https:\\\/\\\/www.sando.com\\\/contenido\\\/subidas\\\/2025\\\/06\\\/1749048721463-scaled-e1750064934340.jpg\",\"datePublished\":\"2025-06-04T09:11:39+00:00\",\"dateModified\":\"2025-10-07T16:10:32+00:00\",\"description\":\"Sando and the Sando Foundation have organised the conference, together with other organisations, to provide companies with guidance on how to integrate sustainability.\",\"breadcrumb\":{\"@id\":\"https:\\\/\\\/www.sando.com\\\/en\\\/actualidad\\\/sando-and-the-sando-foundation-host-conference-to-help-companies-integrate-sustainability-into-their-business-strategies#breadcrumb\"},\"inLanguage\":\"en-US\",\"potentialAction\":[{\"@type\":\"ReadAction\",\"target\":[\"https:\\\/\\\/www.sando.com\\\/en\\\/actualidad\\\/sando-and-the-sando-foundation-host-conference-to-help-companies-integrate-sustainability-into-their-business-strategies\"]}]},{\"@type\":\"ImageObject\",\"inLanguage\":\"en-US\",\"@id\":\"https:\\\/\\\/www.sando.com\\\/en\\\/actualidad\\\/sando-and-the-sando-foundation-host-conference-to-help-companies-integrate-sustainability-into-their-business-strategies#primaryimage\",\"url\":\"https:\\\/\\\/www.sando.com\\\/contenido\\\/subidas\\\/2025\\\/06\\\/1749048721463-scaled-e1750064934340.jpg\",\"contentUrl\":\"https:\\\/\\\/www.sando.com\\\/contenido\\\/subidas\\\/2025\\\/06\\\/1749048721463-scaled-e1750064934340.jpg\",\"width\":2560,\"height\":1442,\"caption\":\"https:\\\/\\\/cem-malaga.es\\\/\"},{\"@type\":\"BreadcrumbList\",\"@id\":\"https:\\\/\\\/www.sando.com\\\/en\\\/actualidad\\\/sando-and-the-sando-foundation-host-conference-to-help-companies-integrate-sustainability-into-their-business-strategies#breadcrumb\",\"itemListElement\":[{\"@type\":\"ListItem\",\"position\":1,\"name\":\"Portada\",\"item\":\"https:\\\/\\\/www.sando.com\\\/en\"},{\"@type\":\"ListItem\",\"position\":2,\"name\":\"Sando and the Sando Foundation Host Conference to Help Companies Integrate Sustainability into Their Business Strategies\"}]},{\"@type\":\"WebSite\",\"@id\":\"https:\\\/\\\/www.sando.com\\\/en#website\",\"url\":\"https:\\\/\\\/www.sando.com\\\/en\",\"name\":\"Sando\",\"description\":\"\",\"publisher\":{\"@id\":\"https:\\\/\\\/www.sando.com\\\/en#organization\"},\"potentialAction\":[{\"@type\":\"SearchAction\",\"target\":{\"@type\":\"EntryPoint\",\"urlTemplate\":\"https:\\\/\\\/www.sando.com\\\/en?s={search_term_string}\"},\"query-input\":{\"@type\":\"PropertyValueSpecification\",\"valueRequired\":true,\"valueName\":\"search_term_string\"}}],\"inLanguage\":\"en-US\"},{\"@type\":\"Organization\",\"@id\":\"https:\\\/\\\/www.sando.com\\\/en#organization\",\"name\":\"Sando\",\"url\":\"https:\\\/\\\/www.sando.com\\\/en\",\"logo\":{\"@type\":\"ImageObject\",\"inLanguage\":\"en-US\",\"@id\":\"https:\\\/\\\/www.sando.com\\\/en#\\\/schema\\\/logo\\\/image\\\/\",\"url\":\"\",\"contentUrl\":\"\",\"caption\":\"Sando\"},\"image\":{\"@id\":\"https:\\\/\\\/www.sando.com\\\/en#\\\/schema\\\/logo\\\/image\\\/\"}},{\"@type\":\"Person\",\"@id\":\"https:\\\/\\\/www.sando.com\\\/en#\\\/schema\\\/person\\\/de9e7d8314e1c13302097b9d7abd6f62\",\"name\":\"Ignacio Miranda\",\"image\":{\"@type\":\"ImageObject\",\"inLanguage\":\"en-US\",\"@id\":\"https:\\\/\\\/secure.gravatar.com\\\/avatar\\\/70b7487f1d3f0535f36d3ce7bc97e9729e4efb96033c2bb2f37aa99d6026879b?s=96&d=mm&r=g\",\"url\":\"https:\\\/\\\/secure.gravatar.com\\\/avatar\\\/70b7487f1d3f0535f36d3ce7bc97e9729e4efb96033c2bb2f37aa99d6026879b?s=96&d=mm&r=g\",\"contentUrl\":\"https:\\\/\\\/secure.gravatar.com\\\/avatar\\\/70b7487f1d3f0535f36d3ce7bc97e9729e4efb96033c2bb2f37aa99d6026879b?s=96&d=mm&r=g\",\"caption\":\"Ignacio Miranda\"}}]}<\/script>\n<!-- \/ Yoast SEO plugin. -->","yoast_head_json":{"title":"Sando and Sando Foundation provide guidance on integrating sustainability","description":"Sando and the Sando Foundation have organised the conference, together with other organisations, to provide companies with guidance on how to integrate sustainability.","robots":{"index":"index","follow":"follow","max-snippet":"max-snippet:-1","max-image-preview":"max-image-preview:large","max-video-preview":"max-video-preview:-1"},"canonical":"https:\/\/www.sando.com\/en\/actualidad\/sando-and-the-sando-foundation-host-conference-to-help-companies-integrate-sustainability-into-their-business-strategies","og_locale":"en_US","og_type":"article","og_title":"Sando and Sando Foundation provide guidance on integrating sustainability","og_description":"Sando and the Sando Foundation have organised the conference, together with other organisations, to provide companies with guidance on how to integrate sustainability.","og_url":"https:\/\/www.sando.com\/en\/actualidad\/sando-and-the-sando-foundation-host-conference-to-help-companies-integrate-sustainability-into-their-business-strategies","og_site_name":"Sando","article_published_time":"2025-06-04T09:11:39+00:00","article_modified_time":"2025-10-07T16:10:32+00:00","og_image":[{"width":2560,"height":1442,"url":"https:\/\/www.sando.com\/contenido\/subidas\/2025\/06\/1749048721463-scaled-e1750064934340.jpg","type":"image\/jpeg"}],"author":"Ignacio Miranda","twitter_card":"summary_large_image","twitter_misc":{"Written by":"Ignacio Miranda","Est. reading time":"3 minutes"},"schema":{"@context":"https:\/\/schema.org","@graph":[{"@type":"Article","@id":"https:\/\/www.sando.com\/en\/actualidad\/sando-and-the-sando-foundation-host-conference-to-help-companies-integrate-sustainability-into-their-business-strategies#article","isPartOf":{"@id":"https:\/\/www.sando.com\/en\/actualidad\/sando-and-the-sando-foundation-host-conference-to-help-companies-integrate-sustainability-into-their-business-strategies"},"author":{"name":"Ignacio Miranda","@id":"https:\/\/www.sando.com\/en#\/schema\/person\/de9e7d8314e1c13302097b9d7abd6f62"},"headline":"Sando and the Sando Foundation Host Conference to Help Companies Integrate Sustainability into Their Business Strategies","datePublished":"2025-06-04T09:11:39+00:00","dateModified":"2025-10-07T16:10:32+00:00","mainEntityOfPage":{"@id":"https:\/\/www.sando.com\/en\/actualidad\/sando-and-the-sando-foundation-host-conference-to-help-companies-integrate-sustainability-into-their-business-strategies"},"wordCount":630,"publisher":{"@id":"https:\/\/www.sando.com\/en#organization"},"image":{"@id":"https:\/\/www.sando.com\/en\/actualidad\/sando-and-the-sando-foundation-host-conference-to-help-companies-integrate-sustainability-into-their-business-strategies#primaryimage"},"thumbnailUrl":"https:\/\/www.sando.com\/contenido\/subidas\/2025\/06\/1749048721463-scaled-e1750064934340.jpg","keywords":["efficiency","esg","good practices","innovation","RSE","Social Responsibility","Sustainability"],"articleSection":["Blog-EN","Communication","Corporate Social Responsibility"],"inLanguage":"en-US"},{"@type":"WebPage","@id":"https:\/\/www.sando.com\/en\/actualidad\/sando-and-the-sando-foundation-host-conference-to-help-companies-integrate-sustainability-into-their-business-strategies","url":"https:\/\/www.sando.com\/en\/actualidad\/sando-and-the-sando-foundation-host-conference-to-help-companies-integrate-sustainability-into-their-business-strategies","name":"Sando and Sando Foundation provide guidance on integrating sustainability","isPartOf":{"@id":"https:\/\/www.sando.com\/en#website"},"primaryImageOfPage":{"@id":"https:\/\/www.sando.com\/en\/actualidad\/sando-and-the-sando-foundation-host-conference-to-help-companies-integrate-sustainability-into-their-business-strategies#primaryimage"},"image":{"@id":"https:\/\/www.sando.com\/en\/actualidad\/sando-and-the-sando-foundation-host-conference-to-help-companies-integrate-sustainability-into-their-business-strategies#primaryimage"},"thumbnailUrl":"https:\/\/www.sando.com\/contenido\/subidas\/2025\/06\/1749048721463-scaled-e1750064934340.jpg","datePublished":"2025-06-04T09:11:39+00:00","dateModified":"2025-10-07T16:10:32+00:00","description":"Sando and the Sando Foundation have organised the conference, together with other organisations, to provide companies with guidance on how to integrate sustainability.","breadcrumb":{"@id":"https:\/\/www.sando.com\/en\/actualidad\/sando-and-the-sando-foundation-host-conference-to-help-companies-integrate-sustainability-into-their-business-strategies#breadcrumb"},"inLanguage":"en-US","potentialAction":[{"@type":"ReadAction","target":["https:\/\/www.sando.com\/en\/actualidad\/sando-and-the-sando-foundation-host-conference-to-help-companies-integrate-sustainability-into-their-business-strategies"]}]},{"@type":"ImageObject","inLanguage":"en-US","@id":"https:\/\/www.sando.com\/en\/actualidad\/sando-and-the-sando-foundation-host-conference-to-help-companies-integrate-sustainability-into-their-business-strategies#primaryimage","url":"https:\/\/www.sando.com\/contenido\/subidas\/2025\/06\/1749048721463-scaled-e1750064934340.jpg","contentUrl":"https:\/\/www.sando.com\/contenido\/subidas\/2025\/06\/1749048721463-scaled-e1750064934340.jpg","width":2560,"height":1442,"caption":"https:\/\/cem-malaga.es\/"},{"@type":"BreadcrumbList","@id":"https:\/\/www.sando.com\/en\/actualidad\/sando-and-the-sando-foundation-host-conference-to-help-companies-integrate-sustainability-into-their-business-strategies#breadcrumb","itemListElement":[{"@type":"ListItem","position":1,"name":"Portada","item":"https:\/\/www.sando.com\/en"},{"@type":"ListItem","position":2,"name":"Sando and the Sando Foundation Host Conference to Help Companies Integrate Sustainability into Their Business Strategies"}]},{"@type":"WebSite","@id":"https:\/\/www.sando.com\/en#website","url":"https:\/\/www.sando.com\/en","name":"Sando","description":"","publisher":{"@id":"https:\/\/www.sando.com\/en#organization"},"potentialAction":[{"@type":"SearchAction","target":{"@type":"EntryPoint","urlTemplate":"https:\/\/www.sando.com\/en?s={search_term_string}"},"query-input":{"@type":"PropertyValueSpecification","valueRequired":true,"valueName":"search_term_string"}}],"inLanguage":"en-US"},{"@type":"Organization","@id":"https:\/\/www.sando.com\/en#organization","name":"Sando","url":"https:\/\/www.sando.com\/en","logo":{"@type":"ImageObject","inLanguage":"en-US","@id":"https:\/\/www.sando.com\/en#\/schema\/logo\/image\/","url":"","contentUrl":"","caption":"Sando"},"image":{"@id":"https:\/\/www.sando.com\/en#\/schema\/logo\/image\/"}},{"@type":"Person","@id":"https:\/\/www.sando.com\/en#\/schema\/person\/de9e7d8314e1c13302097b9d7abd6f62","name":"Ignacio Miranda","image":{"@type":"ImageObject","inLanguage":"en-US","@id":"https:\/\/secure.gravatar.com\/avatar\/70b7487f1d3f0535f36d3ce7bc97e9729e4efb96033c2bb2f37aa99d6026879b?s=96&d=mm&r=g","url":"https:\/\/secure.gravatar.com\/avatar\/70b7487f1d3f0535f36d3ce7bc97e9729e4efb96033c2bb2f37aa99d6026879b?s=96&d=mm&r=g","contentUrl":"https:\/\/secure.gravatar.com\/avatar\/70b7487f1d3f0535f36d3ce7bc97e9729e4efb96033c2bb2f37aa99d6026879b?s=96&d=mm&r=g","caption":"Ignacio Miranda"}}]}},"_links":{"self":[{"href":"https:\/\/www.sando.com\/en\/wp-json\/wp\/v2\/posts\/54492","targetHints":{"allow":["GET"]}}],"collection":[{"href":"https:\/\/www.sando.com\/en\/wp-json\/wp\/v2\/posts"}],"about":[{"href":"https:\/\/www.sando.com\/en\/wp-json\/wp\/v2\/types\/post"}],"author":[{"embeddable":true,"href":"https:\/\/www.sando.com\/en\/wp-json\/wp\/v2\/users\/6"}],"replies":[{"embeddable":true,"href":"https:\/\/www.sando.com\/en\/wp-json\/wp\/v2\/comments?post=54492"}],"version-history":[{"count":0,"href":"https:\/\/www.sando.com\/en\/wp-json\/wp\/v2\/posts\/54492\/revisions"}],"wp:featuredmedia":[{"embeddable":true,"href":"https:\/\/www.sando.com\/en\/wp-json\/wp\/v2\/media\/52149"}],"wp:attachment":[{"href":"https:\/\/www.sando.com\/en\/wp-json\/wp\/v2\/media?parent=54492"}],"wp:term":[{"taxonomy":"category","embeddable":true,"href":"https:\/\/www.sando.com\/en\/wp-json\/wp\/v2\/categories?post=54492"},{"taxonomy":"post_tag","embeddable":true,"href":"https:\/\/www.sando.com\/en\/wp-json\/wp\/v2\/tags?post=54492"},{"taxonomy":"tax_brand","embeddable":true,"href":"https:\/\/www.sando.com\/en\/wp-json\/wp\/v2\/tax_brand?post=54492"},{"taxonomy":"tax_services","embeddable":true,"href":"https:\/\/www.sando.com\/en\/wp-json\/wp\/v2\/tax_services?post=54492"},{"taxonomy":"tax_location","embeddable":true,"href":"https:\/\/www.sando.com\/en\/wp-json\/wp\/v2\/tax_location?post=54492"}],"curies":[{"name":"wp","href":"https:\/\/api.w.org\/{rel}","templated":true}]}}