{"id":54496,"date":"2025-06-19T09:40:16","date_gmt":"2025-06-19T09:40:16","guid":{"rendered":"https:\/\/www.sando.com\/actualidad\/althenia-sando-strengthens-cleaning-services-in-velez-malaga-with-53-more-personnel-and-an-extensive-special-summer-operation"},"modified":"2025-07-21T11:59:20","modified_gmt":"2025-07-21T11:59:20","slug":"althenia-sando-strengthens-cleaning-services-in-velez-malaga-with-53-more-personnel-and-an-extensive-special-summer-operation","status":"publish","type":"post","link":"https:\/\/www.sando.com\/en\/actualidad\/althenia-sando-strengthens-cleaning-services-in-velez-malaga-with-53-more-personnel-and-an-extensive-special-summer-operation","title":{"rendered":"Althenia Sando strengthens cleaning services in V\u00e9lez-M\u00e1laga with 53% more personnel and an extensive special summer operation"},"content":{"rendered":"\n<p><a href=\"\/en\/althenia-sando\" title=\"Althenia Sando. Integral environmental services\" target=\"_blank\">Althenia Sando<\/a>, the company awarded the cleaning and <a href=\"https:\/\/www.sando.com\/en\/specialisations\/cleaning-and-waste-management\" title=\"Waste management\" target=\"_blank\">Waste<\/a> collection contract in <a href=\"https:\/\/www.velezmalaga.es\/\">V\u00e9lez<\/a>&#8211;<a href=\"https:\/\/www.velezmalaga.es\/\" target=\"_blank\" rel=\"noreferrer noopener\">M\u00e1laga<\/a>, has launched a special summer plan this week, significantly boosting human and technical resources to ensure cleanliness and public wellbeing across all areas of the municipality throughout the summer months.<\/p>\n\n<p>The Mayor of V\u00e9lez-M\u00e1laga and head of the Environmental Department, Jes\u00fas Lupi\u00e1\u00f1ez, presented the plan alongside members of the cleaning team and newly deployed machinery. Also in attendance were the Deputy Mayor of Torre del Mar, Jes\u00fas P\u00e9rez Atencia; Deputy Mayor of Almayate, Jes\u00fas Mar\u00eda Claros; City Councillor for the Historic Centre, Juan Fern\u00e1ndez Olmo; Councillor for Culture, Alicia Ram\u00edrez; Francisco \u00c1lvarez, Regional Manager at <a href=\"\/en\/althenia-sando\" title=\"Integral environmental services\" target=\"_blank\">Althenia<\/a> Sando; and Javier Ruiz, Head of Service. <\/p>\n\n<p>According to the City Council, the operation will run from 16 June to 15 September and includes a 53% increase in staff, from 89 to 136 workers, along with new equipment, extended shifts, routes, and additional services. Key new features of the summer operation include: <\/p>\n\n<ul class=\"wp-block-list\">\n<li>Door-to-door collection service for the hospitality sector, operating each evening in areas with a high density of bars and restaurants<\/li>\n\n\n\n<li>Night shift reinforcement in Torre del Mar for pre-collection of waste and litter bin emptying<\/li>\n\n\n\n<li>Special brigade for residential developments, active Monday to Friday in the morning shift<\/li>\n\n\n\n<li>Manual street washing service on the main avenues of Torre del Mar<\/li>\n\n\n\n<li>Extra weekend collection of bulky furniture in V\u00e9lez-M\u00e1laga and Torre del Mar<\/li>\n\n\n\n<li>Enhanced manual street sweeping, with additional morning and afternoon shifts in high-traffic areas<\/li>\n<\/ul>\n\n<h3 class=\"wp-block-heading\"><strong>Additional <\/strong>equipment and personnel<\/h3>\n\n<p>The plan is supported by a renewed fleet that includes a brigade truck, a rear-loading collection truck, a flatbed truck, three mini-trucks and a high-pressure washer to boost the cleaning service.<\/p>\n\n<p>This special summer operation complements the reinforcement plan launched in March, which had already introduced new staff, vehicles, and additional shifts\u2014forming part of a broader continuous improvement strategy for the service.<\/p>\n\n<p>Both V\u00e9lez-M\u00e1laga City Council and <a href=\"https:\/\/www.sando.com\/en\/althenia-sando\" target=\"_blank\" rel=\"noreferrer noopener\">Althenia Sando<\/a> expressed their appreciation for the dedication and commitment of the company\u2019s staff and for the collaboration of local residents. <br\/>This year\u2019s campaign slogan, \u201cHere, cleanliness doesn\u2019t take a holiday\u201d, reflects the shared goal of keeping V\u00e9lez-M\u00e1laga cleaner, more cared for, and closer to all its residents. <\/p>\n","protected":false},"excerpt":{"rendered":"Althenia Sando, the company awarded the cleaning and Waste collection contract in V\u00e9lez&#8211;M\u00e1laga, has launched a special summer plan this week, significantly boosting human and technical resources to ensure cleanliness and public wellbeing across all areas of the municipality throughout the summer months. The Mayor of V\u00e9lez-M\u00e1laga and head of the Environmental Department, Jes\u00fas Lupi\u00e1\u00f1ez,&#8230; <a class=\"view-article\" href=\"https:\/\/www.sando.com\/en\/reemplazos\/conacon-sando\">View Article<\/a>","protected":false},"author":6,"featured_media":52355,"comment_status":"closed","ping_status":"closed","sticky":false,"template":"","format":"standard","meta":{"_acf_changed":false,"footnotes":""},"categories":[980],"tags":[1886,1800,1508,1787,1532,1846],"tax_brand":[1762],"tax_services":[],"tax_location":[],"class_list":["post-54496","post","type-post","status-publish","format-standard","has-post-thumbnail","hentry","category-comunicacion-comunicacion-en","tag-cleaning-en","tag-eficiencia-en-2","tag-service","tag-sustainability-en","tag-waste","tag-waste-collection","tax_brand-althenia-en"],"acf":[],"yoast_head":"<!-- This site is optimized with the Yoast SEO plugin v27.4 - https:\/\/yoast.com\/product\/yoast-seo-wordpress\/ -->\n<title>Althenia Sando reinforces the cleaning service of V\u00e9lez-M\u00e1laga<\/title>\n<meta name=\"description\" content=\"Althenia Sando, the cleaning and waste collection service in V\u00e9lez-M\u00e1laga, has started this week a special summer plan.\" \/>\n<meta name=\"robots\" content=\"index, follow, max-snippet:-1, max-image-preview:large, max-video-preview:-1\" \/>\n<link rel=\"canonical\" href=\"https:\/\/www.sando.com\/en\/actualidad\/althenia-sando-strengthens-cleaning-services-in-velez-malaga-with-53-more-personnel-and-an-extensive-special-summer-operation\" \/>\n<meta property=\"og:locale\" content=\"en_US\" \/>\n<meta property=\"og:type\" content=\"article\" \/>\n<meta property=\"og:title\" content=\"Althenia Sando reinforces the cleaning service of V\u00e9lez-M\u00e1laga\" \/>\n<meta property=\"og:description\" content=\"Althenia Sando, the cleaning and waste collection service in V\u00e9lez-M\u00e1laga, has started this week a special summer plan.\" \/>\n<meta property=\"og:url\" content=\"https:\/\/www.sando.com\/en\/actualidad\/althenia-sando-strengthens-cleaning-services-in-velez-malaga-with-53-more-personnel-and-an-extensive-special-summer-operation\" \/>\n<meta property=\"og:site_name\" content=\"Sando\" \/>\n<meta property=\"article:published_time\" content=\"2025-06-19T09:40:16+00:00\" \/>\n<meta property=\"article:modified_time\" content=\"2025-07-21T11:59:20+00:00\" \/>\n<meta property=\"og:image\" content=\"https:\/\/www.sando.com\/contenido\/subidas\/2025\/06\/foto-equipo-e1750325873841.jpeg\" \/>\n\t<meta property=\"og:image:width\" content=\"1440\" \/>\n\t<meta property=\"og:image:height\" content=\"1025\" \/>\n\t<meta property=\"og:image:type\" content=\"image\/jpeg\" \/>\n<meta name=\"author\" content=\"Ignacio Miranda\" \/>\n<meta name=\"twitter:card\" content=\"summary_large_image\" \/>\n<meta name=\"twitter:label1\" content=\"Written by\" \/>\n\t<meta name=\"twitter:data1\" content=\"Ignacio Miranda\" \/>\n\t<meta name=\"twitter:label2\" content=\"Est. reading time\" \/>\n\t<meta name=\"twitter:data2\" content=\"2 minutes\" \/>\n<script type=\"application\/ld+json\" class=\"yoast-schema-graph\">{\"@context\":\"https:\\\/\\\/schema.org\",\"@graph\":[{\"@type\":\"Article\",\"@id\":\"https:\\\/\\\/www.sando.com\\\/en\\\/actualidad\\\/althenia-sando-strengthens-cleaning-services-in-velez-malaga-with-53-more-personnel-and-an-extensive-special-summer-operation#article\",\"isPartOf\":{\"@id\":\"https:\\\/\\\/www.sando.com\\\/en\\\/actualidad\\\/althenia-sando-strengthens-cleaning-services-in-velez-malaga-with-53-more-personnel-and-an-extensive-special-summer-operation\"},\"author\":{\"name\":\"Ignacio Miranda\",\"@id\":\"https:\\\/\\\/www.sando.com\\\/en#\\\/schema\\\/person\\\/de9e7d8314e1c13302097b9d7abd6f62\"},\"headline\":\"Althenia Sando strengthens cleaning services in V\u00e9lez-M\u00e1laga with 53% more personnel and an extensive special summer operation\",\"datePublished\":\"2025-06-19T09:40:16+00:00\",\"dateModified\":\"2025-07-21T11:59:20+00:00\",\"mainEntityOfPage\":{\"@id\":\"https:\\\/\\\/www.sando.com\\\/en\\\/actualidad\\\/althenia-sando-strengthens-cleaning-services-in-velez-malaga-with-53-more-personnel-and-an-extensive-special-summer-operation\"},\"wordCount\":400,\"publisher\":{\"@id\":\"https:\\\/\\\/www.sando.com\\\/en#organization\"},\"image\":{\"@id\":\"https:\\\/\\\/www.sando.com\\\/en\\\/actualidad\\\/althenia-sando-strengthens-cleaning-services-in-velez-malaga-with-53-more-personnel-and-an-extensive-special-summer-operation#primaryimage\"},\"thumbnailUrl\":\"https:\\\/\\\/www.sando.com\\\/contenido\\\/subidas\\\/2025\\\/06\\\/foto-equipo-e1750325873841.jpeg\",\"keywords\":[\"cleaning\",\"efficiency\",\"Service\",\"Sustainability\",\"waste\",\"waste collection\"],\"articleSection\":[\"Blog-EN\"],\"inLanguage\":\"en-US\"},{\"@type\":\"WebPage\",\"@id\":\"https:\\\/\\\/www.sando.com\\\/en\\\/actualidad\\\/althenia-sando-strengthens-cleaning-services-in-velez-malaga-with-53-more-personnel-and-an-extensive-special-summer-operation\",\"url\":\"https:\\\/\\\/www.sando.com\\\/en\\\/actualidad\\\/althenia-sando-strengthens-cleaning-services-in-velez-malaga-with-53-more-personnel-and-an-extensive-special-summer-operation\",\"name\":\"Althenia Sando reinforces the cleaning service of V\u00e9lez-M\u00e1laga\",\"isPartOf\":{\"@id\":\"https:\\\/\\\/www.sando.com\\\/en#website\"},\"primaryImageOfPage\":{\"@id\":\"https:\\\/\\\/www.sando.com\\\/en\\\/actualidad\\\/althenia-sando-strengthens-cleaning-services-in-velez-malaga-with-53-more-personnel-and-an-extensive-special-summer-operation#primaryimage\"},\"image\":{\"@id\":\"https:\\\/\\\/www.sando.com\\\/en\\\/actualidad\\\/althenia-sando-strengthens-cleaning-services-in-velez-malaga-with-53-more-personnel-and-an-extensive-special-summer-operation#primaryimage\"},\"thumbnailUrl\":\"https:\\\/\\\/www.sando.com\\\/contenido\\\/subidas\\\/2025\\\/06\\\/foto-equipo-e1750325873841.jpeg\",\"datePublished\":\"2025-06-19T09:40:16+00:00\",\"dateModified\":\"2025-07-21T11:59:20+00:00\",\"description\":\"Althenia Sando, the cleaning and waste collection service in V\u00e9lez-M\u00e1laga, has started this week a special summer plan.\",\"breadcrumb\":{\"@id\":\"https:\\\/\\\/www.sando.com\\\/en\\\/actualidad\\\/althenia-sando-strengthens-cleaning-services-in-velez-malaga-with-53-more-personnel-and-an-extensive-special-summer-operation#breadcrumb\"},\"inLanguage\":\"en-US\",\"potentialAction\":[{\"@type\":\"ReadAction\",\"target\":[\"https:\\\/\\\/www.sando.com\\\/en\\\/actualidad\\\/althenia-sando-strengthens-cleaning-services-in-velez-malaga-with-53-more-personnel-and-an-extensive-special-summer-operation\"]}]},{\"@type\":\"ImageObject\",\"inLanguage\":\"en-US\",\"@id\":\"https:\\\/\\\/www.sando.com\\\/en\\\/actualidad\\\/althenia-sando-strengthens-cleaning-services-in-velez-malaga-with-53-more-personnel-and-an-extensive-special-summer-operation#primaryimage\",\"url\":\"https:\\\/\\\/www.sando.com\\\/contenido\\\/subidas\\\/2025\\\/06\\\/foto-equipo-e1750325873841.jpeg\",\"contentUrl\":\"https:\\\/\\\/www.sando.com\\\/contenido\\\/subidas\\\/2025\\\/06\\\/foto-equipo-e1750325873841.jpeg\",\"width\":1440,\"height\":1025,\"caption\":\"servicio de limpieza\"},{\"@type\":\"BreadcrumbList\",\"@id\":\"https:\\\/\\\/www.sando.com\\\/en\\\/actualidad\\\/althenia-sando-strengthens-cleaning-services-in-velez-malaga-with-53-more-personnel-and-an-extensive-special-summer-operation#breadcrumb\",\"itemListElement\":[{\"@type\":\"ListItem\",\"position\":1,\"name\":\"Portada\",\"item\":\"https:\\\/\\\/www.sando.com\\\/en\"},{\"@type\":\"ListItem\",\"position\":2,\"name\":\"Althenia Sando strengthens cleaning services in V\u00e9lez-M\u00e1laga with 53% more personnel and an extensive special summer operation\"}]},{\"@type\":\"WebSite\",\"@id\":\"https:\\\/\\\/www.sando.com\\\/en#website\",\"url\":\"https:\\\/\\\/www.sando.com\\\/en\",\"name\":\"Sando\",\"description\":\"\",\"publisher\":{\"@id\":\"https:\\\/\\\/www.sando.com\\\/en#organization\"},\"potentialAction\":[{\"@type\":\"SearchAction\",\"target\":{\"@type\":\"EntryPoint\",\"urlTemplate\":\"https:\\\/\\\/www.sando.com\\\/en?s={search_term_string}\"},\"query-input\":{\"@type\":\"PropertyValueSpecification\",\"valueRequired\":true,\"valueName\":\"search_term_string\"}}],\"inLanguage\":\"en-US\"},{\"@type\":\"Organization\",\"@id\":\"https:\\\/\\\/www.sando.com\\\/en#organization\",\"name\":\"Sando\",\"url\":\"https:\\\/\\\/www.sando.com\\\/en\",\"logo\":{\"@type\":\"ImageObject\",\"inLanguage\":\"en-US\",\"@id\":\"https:\\\/\\\/www.sando.com\\\/en#\\\/schema\\\/logo\\\/image\\\/\",\"url\":\"\",\"contentUrl\":\"\",\"caption\":\"Sando\"},\"image\":{\"@id\":\"https:\\\/\\\/www.sando.com\\\/en#\\\/schema\\\/logo\\\/image\\\/\"}},{\"@type\":\"Person\",\"@id\":\"https:\\\/\\\/www.sando.com\\\/en#\\\/schema\\\/person\\\/de9e7d8314e1c13302097b9d7abd6f62\",\"name\":\"Ignacio Miranda\",\"image\":{\"@type\":\"ImageObject\",\"inLanguage\":\"en-US\",\"@id\":\"https:\\\/\\\/secure.gravatar.com\\\/avatar\\\/70b7487f1d3f0535f36d3ce7bc97e9729e4efb96033c2bb2f37aa99d6026879b?s=96&d=mm&r=g\",\"url\":\"https:\\\/\\\/secure.gravatar.com\\\/avatar\\\/70b7487f1d3f0535f36d3ce7bc97e9729e4efb96033c2bb2f37aa99d6026879b?s=96&d=mm&r=g\",\"contentUrl\":\"https:\\\/\\\/secure.gravatar.com\\\/avatar\\\/70b7487f1d3f0535f36d3ce7bc97e9729e4efb96033c2bb2f37aa99d6026879b?s=96&d=mm&r=g\",\"caption\":\"Ignacio Miranda\"}}]}<\/script>\n<!-- \/ Yoast SEO plugin. -->","yoast_head_json":{"title":"Althenia Sando reinforces the cleaning service of V\u00e9lez-M\u00e1laga","description":"Althenia Sando, the cleaning and waste collection service in V\u00e9lez-M\u00e1laga, has started this week a special summer plan.","robots":{"index":"index","follow":"follow","max-snippet":"max-snippet:-1","max-image-preview":"max-image-preview:large","max-video-preview":"max-video-preview:-1"},"canonical":"https:\/\/www.sando.com\/en\/actualidad\/althenia-sando-strengthens-cleaning-services-in-velez-malaga-with-53-more-personnel-and-an-extensive-special-summer-operation","og_locale":"en_US","og_type":"article","og_title":"Althenia Sando reinforces the cleaning service of V\u00e9lez-M\u00e1laga","og_description":"Althenia Sando, the cleaning and waste collection service in V\u00e9lez-M\u00e1laga, has started this week a special summer plan.","og_url":"https:\/\/www.sando.com\/en\/actualidad\/althenia-sando-strengthens-cleaning-services-in-velez-malaga-with-53-more-personnel-and-an-extensive-special-summer-operation","og_site_name":"Sando","article_published_time":"2025-06-19T09:40:16+00:00","article_modified_time":"2025-07-21T11:59:20+00:00","og_image":[{"width":1440,"height":1025,"url":"https:\/\/www.sando.com\/contenido\/subidas\/2025\/06\/foto-equipo-e1750325873841.jpeg","type":"image\/jpeg"}],"author":"Ignacio Miranda","twitter_card":"summary_large_image","twitter_misc":{"Written by":"Ignacio Miranda","Est. reading time":"2 minutes"},"schema":{"@context":"https:\/\/schema.org","@graph":[{"@type":"Article","@id":"https:\/\/www.sando.com\/en\/actualidad\/althenia-sando-strengthens-cleaning-services-in-velez-malaga-with-53-more-personnel-and-an-extensive-special-summer-operation#article","isPartOf":{"@id":"https:\/\/www.sando.com\/en\/actualidad\/althenia-sando-strengthens-cleaning-services-in-velez-malaga-with-53-more-personnel-and-an-extensive-special-summer-operation"},"author":{"name":"Ignacio Miranda","@id":"https:\/\/www.sando.com\/en#\/schema\/person\/de9e7d8314e1c13302097b9d7abd6f62"},"headline":"Althenia Sando strengthens cleaning services in V\u00e9lez-M\u00e1laga with 53% more personnel and an extensive special summer operation","datePublished":"2025-06-19T09:40:16+00:00","dateModified":"2025-07-21T11:59:20+00:00","mainEntityOfPage":{"@id":"https:\/\/www.sando.com\/en\/actualidad\/althenia-sando-strengthens-cleaning-services-in-velez-malaga-with-53-more-personnel-and-an-extensive-special-summer-operation"},"wordCount":400,"publisher":{"@id":"https:\/\/www.sando.com\/en#organization"},"image":{"@id":"https:\/\/www.sando.com\/en\/actualidad\/althenia-sando-strengthens-cleaning-services-in-velez-malaga-with-53-more-personnel-and-an-extensive-special-summer-operation#primaryimage"},"thumbnailUrl":"https:\/\/www.sando.com\/contenido\/subidas\/2025\/06\/foto-equipo-e1750325873841.jpeg","keywords":["cleaning","efficiency","Service","Sustainability","waste","waste collection"],"articleSection":["Blog-EN"],"inLanguage":"en-US"},{"@type":"WebPage","@id":"https:\/\/www.sando.com\/en\/actualidad\/althenia-sando-strengthens-cleaning-services-in-velez-malaga-with-53-more-personnel-and-an-extensive-special-summer-operation","url":"https:\/\/www.sando.com\/en\/actualidad\/althenia-sando-strengthens-cleaning-services-in-velez-malaga-with-53-more-personnel-and-an-extensive-special-summer-operation","name":"Althenia Sando reinforces the cleaning service of V\u00e9lez-M\u00e1laga","isPartOf":{"@id":"https:\/\/www.sando.com\/en#website"},"primaryImageOfPage":{"@id":"https:\/\/www.sando.com\/en\/actualidad\/althenia-sando-strengthens-cleaning-services-in-velez-malaga-with-53-more-personnel-and-an-extensive-special-summer-operation#primaryimage"},"image":{"@id":"https:\/\/www.sando.com\/en\/actualidad\/althenia-sando-strengthens-cleaning-services-in-velez-malaga-with-53-more-personnel-and-an-extensive-special-summer-operation#primaryimage"},"thumbnailUrl":"https:\/\/www.sando.com\/contenido\/subidas\/2025\/06\/foto-equipo-e1750325873841.jpeg","datePublished":"2025-06-19T09:40:16+00:00","dateModified":"2025-07-21T11:59:20+00:00","description":"Althenia Sando, the cleaning and waste collection service in V\u00e9lez-M\u00e1laga, has started this week a special summer plan.","breadcrumb":{"@id":"https:\/\/www.sando.com\/en\/actualidad\/althenia-sando-strengthens-cleaning-services-in-velez-malaga-with-53-more-personnel-and-an-extensive-special-summer-operation#breadcrumb"},"inLanguage":"en-US","potentialAction":[{"@type":"ReadAction","target":["https:\/\/www.sando.com\/en\/actualidad\/althenia-sando-strengthens-cleaning-services-in-velez-malaga-with-53-more-personnel-and-an-extensive-special-summer-operation"]}]},{"@type":"ImageObject","inLanguage":"en-US","@id":"https:\/\/www.sando.com\/en\/actualidad\/althenia-sando-strengthens-cleaning-services-in-velez-malaga-with-53-more-personnel-and-an-extensive-special-summer-operation#primaryimage","url":"https:\/\/www.sando.com\/contenido\/subidas\/2025\/06\/foto-equipo-e1750325873841.jpeg","contentUrl":"https:\/\/www.sando.com\/contenido\/subidas\/2025\/06\/foto-equipo-e1750325873841.jpeg","width":1440,"height":1025,"caption":"servicio de limpieza"},{"@type":"BreadcrumbList","@id":"https:\/\/www.sando.com\/en\/actualidad\/althenia-sando-strengthens-cleaning-services-in-velez-malaga-with-53-more-personnel-and-an-extensive-special-summer-operation#breadcrumb","itemListElement":[{"@type":"ListItem","position":1,"name":"Portada","item":"https:\/\/www.sando.com\/en"},{"@type":"ListItem","position":2,"name":"Althenia Sando strengthens cleaning services in V\u00e9lez-M\u00e1laga with 53% more personnel and an extensive special summer operation"}]},{"@type":"WebSite","@id":"https:\/\/www.sando.com\/en#website","url":"https:\/\/www.sando.com\/en","name":"Sando","description":"","publisher":{"@id":"https:\/\/www.sando.com\/en#organization"},"potentialAction":[{"@type":"SearchAction","target":{"@type":"EntryPoint","urlTemplate":"https:\/\/www.sando.com\/en?s={search_term_string}"},"query-input":{"@type":"PropertyValueSpecification","valueRequired":true,"valueName":"search_term_string"}}],"inLanguage":"en-US"},{"@type":"Organization","@id":"https:\/\/www.sando.com\/en#organization","name":"Sando","url":"https:\/\/www.sando.com\/en","logo":{"@type":"ImageObject","inLanguage":"en-US","@id":"https:\/\/www.sando.com\/en#\/schema\/logo\/image\/","url":"","contentUrl":"","caption":"Sando"},"image":{"@id":"https:\/\/www.sando.com\/en#\/schema\/logo\/image\/"}},{"@type":"Person","@id":"https:\/\/www.sando.com\/en#\/schema\/person\/de9e7d8314e1c13302097b9d7abd6f62","name":"Ignacio Miranda","image":{"@type":"ImageObject","inLanguage":"en-US","@id":"https:\/\/secure.gravatar.com\/avatar\/70b7487f1d3f0535f36d3ce7bc97e9729e4efb96033c2bb2f37aa99d6026879b?s=96&d=mm&r=g","url":"https:\/\/secure.gravatar.com\/avatar\/70b7487f1d3f0535f36d3ce7bc97e9729e4efb96033c2bb2f37aa99d6026879b?s=96&d=mm&r=g","contentUrl":"https:\/\/secure.gravatar.com\/avatar\/70b7487f1d3f0535f36d3ce7bc97e9729e4efb96033c2bb2f37aa99d6026879b?s=96&d=mm&r=g","caption":"Ignacio Miranda"}}]}},"_links":{"self":[{"href":"https:\/\/www.sando.com\/en\/wp-json\/wp\/v2\/posts\/54496","targetHints":{"allow":["GET"]}}],"collection":[{"href":"https:\/\/www.sando.com\/en\/wp-json\/wp\/v2\/posts"}],"about":[{"href":"https:\/\/www.sando.com\/en\/wp-json\/wp\/v2\/types\/post"}],"author":[{"embeddable":true,"href":"https:\/\/www.sando.com\/en\/wp-json\/wp\/v2\/users\/6"}],"replies":[{"embeddable":true,"href":"https:\/\/www.sando.com\/en\/wp-json\/wp\/v2\/comments?post=54496"}],"version-history":[{"count":0,"href":"https:\/\/www.sando.com\/en\/wp-json\/wp\/v2\/posts\/54496\/revisions"}],"wp:featuredmedia":[{"embeddable":true,"href":"https:\/\/www.sando.com\/en\/wp-json\/wp\/v2\/media\/52355"}],"wp:attachment":[{"href":"https:\/\/www.sando.com\/en\/wp-json\/wp\/v2\/media?parent=54496"}],"wp:term":[{"taxonomy":"category","embeddable":true,"href":"https:\/\/www.sando.com\/en\/wp-json\/wp\/v2\/categories?post=54496"},{"taxonomy":"post_tag","embeddable":true,"href":"https:\/\/www.sando.com\/en\/wp-json\/wp\/v2\/tags?post=54496"},{"taxonomy":"tax_brand","embeddable":true,"href":"https:\/\/www.sando.com\/en\/wp-json\/wp\/v2\/tax_brand?post=54496"},{"taxonomy":"tax_services","embeddable":true,"href":"https:\/\/www.sando.com\/en\/wp-json\/wp\/v2\/tax_services?post=54496"},{"taxonomy":"tax_location","embeddable":true,"href":"https:\/\/www.sando.com\/en\/wp-json\/wp\/v2\/tax_location?post=54496"}],"curies":[{"name":"wp","href":"https:\/\/api.w.org\/{rel}","templated":true}]}}