{"id":54797,"date":"2025-07-03T12:45:26","date_gmt":"2025-07-03T12:45:26","guid":{"rendered":"https:\/\/www.sando.com\/actualidad\/president-of-the-junta-de-andalucia-visits-construction-works-on-malaga-metro-line-2-extension-to-hospital-civil"},"modified":"2025-07-25T07:20:28","modified_gmt":"2025-07-25T07:20:28","slug":"president-of-the-junta-de-andalucia-visits-construction-works-on-malaga-metro-line-2-extension-to-hospital-civil","status":"publish","type":"post","link":"https:\/\/www.sando.com\/en\/actualidad\/president-of-the-junta-de-andalucia-visits-construction-works-on-malaga-metro-line-2-extension-to-hospital-civil","title":{"rendered":"President of the Junta de Andaluc\u00eda Visits Construction Works on M\u00e1laga Metro Line 2 Extension to Hospital Civil"},"content":{"rendered":"\n<p>The President of the Junta de Andaluc\u00eda, Juanma Moreno, visited this morning the construction works on the extension of <a href=\"https:\/\/www.sando.com\/en?post_type=cpt_project&amp;p=38987\" target=\"_blank\" rel=\"noreferrer noopener\">Metro de M\u00e1laga\u2019s<\/a> Line 2 to Hospital Civil, specifically the section between Hilera and Eugenio Gross, which is being carried out by <a href=\"\/en\/sando-construccion\" title=\"Sando Construcci\u00f3n. Building resilient and innovative infrastructures\" target=\"_blank\">Sando Construcci\u00f3n<\/a> in a joint venture (UTE).<\/p>\n\n<p>During the visit, the President was accompanied by the Mayor of M\u00e1laga, Francisco de la Torre Prados; the Minister for Public Works, Regional Planning and Housing, Roc\u00edo D\u00edaz Jim\u00e9nez; the Minister for Economy, Finance and European Funds, and Spokesperson for the Andalusian Government, Carolina Espa\u00f1a Reina; as well as the Executive President of Sando, Luis S\u00e1nchez Manzano, alongside other officials and project engineers.<\/p>\n\n<h3 class=\"wp-block-heading\"><strong>Significant Progress<\/strong><\/h3>\n\n<p>The Director of Infrastructure at the Public Works Agency of the Junta de Andaluc\u00eda, Manuel Borrego Mart\u00edn, provided an update on the project\u2019s status, noting that 82% of diaphragm wall works have been completed, with overall progress at 50%. He also highlighted that 90% of utility diversions have now been resolved. <\/p>\n\n<p>During the visit, the delegation witnessed the operation of several machines <em>on site<\/em>: a Sando diaphragm wall machine excavating a trench, a drilling rig carrying out preliminary boreholes, and a crane concreting a trench section.<\/p>\n\n<p>This section is being built entirely underground using the cut-and-cover construction method, extending from the Guadalmedina station\u2014which connects Lines 1 and 2\u2014to Santa Elena street. The full extension of Line 2 will cover a total length of 1.8 kilometres. <\/p>\n","protected":false},"excerpt":{"rendered":"The President of the Junta de Andaluc\u00eda, Juanma Moreno, visited this morning the construction works on the extension of Metro de M\u00e1laga\u2019s Line 2 to Hospital Civil, specifically the section between Hilera and Eugenio Gross, which is being carried out by Sando Construcci\u00f3n in a joint venture (UTE). During the visit, the President was accompanied&#8230; <a class=\"view-article\" href=\"https:\/\/www.sando.com\/en\/reemplazos\/conacon-sando\">View Article<\/a>","protected":false},"author":6,"featured_media":54725,"comment_status":"closed","ping_status":"closed","sticky":false,"template":"","format":"standard","meta":{"_acf_changed":false,"footnotes":""},"categories":[980,979],"tags":[1513,1800,1893,1509,1897,1858],"tax_brand":[1765],"tax_services":[],"tax_location":[],"class_list":["post-54797","post","type-post","status-publish","format-standard","has-post-thumbnail","hentry","category-comunicacion-comunicacion-en","category-communication","tag-construction","tag-eficiencia-en-2","tag-engineering","tag-infrastructure","tag-metro-en-2","tag-tunnel","tax_brand-sando-construccion-en"],"acf":[],"yoast_head":"<!-- This site is optimized with the Yoast SEO plugin v27.4 - https:\/\/yoast.com\/product\/yoast-seo-wordpress\/ -->\n<title>The president of the Regional Government visits the Metro construction site at the Civil Hospital<\/title>\n<meta name=\"description\" content=\"The president of the Andalusian Regional Government, Juanma Moreno, has visited the construction site of Line 2 of the Malaga Metro to the Civil Hospital.\" \/>\n<meta name=\"robots\" content=\"index, follow, max-snippet:-1, max-image-preview:large, max-video-preview:-1\" \/>\n<link rel=\"canonical\" href=\"https:\/\/www.sando.com\/en\/actualidad\/president-of-the-junta-de-andalucia-visits-construction-works-on-malaga-metro-line-2-extension-to-hospital-civil\" \/>\n<meta property=\"og:locale\" content=\"en_US\" \/>\n<meta property=\"og:type\" content=\"article\" \/>\n<meta property=\"og:title\" content=\"The president of the Regional Government visits the Metro construction site at the Civil Hospital\" \/>\n<meta property=\"og:description\" content=\"The president of the Andalusian Regional Government, Juanma Moreno, has visited the construction site of Line 2 of the Malaga Metro to the Civil Hospital.\" \/>\n<meta property=\"og:url\" content=\"https:\/\/www.sando.com\/en\/actualidad\/president-of-the-junta-de-andalucia-visits-construction-works-on-malaga-metro-line-2-extension-to-hospital-civil\" \/>\n<meta property=\"og:site_name\" content=\"Sando\" \/>\n<meta property=\"article:published_time\" content=\"2025-07-03T12:45:26+00:00\" \/>\n<meta property=\"article:modified_time\" content=\"2025-07-25T07:20:28+00:00\" \/>\n<meta property=\"og:image\" content=\"https:\/\/www.sando.com\/contenido\/subidas\/2025\/07\/WhatsApp-Image-2025-07-03-at-13.06.47-1-e1753361495394.jpeg\" \/>\n\t<meta property=\"og:image:width\" content=\"1600\" \/>\n\t<meta property=\"og:image:height\" content=\"1067\" \/>\n\t<meta property=\"og:image:type\" content=\"image\/jpeg\" \/>\n<meta name=\"author\" content=\"Ignacio Miranda\" \/>\n<meta name=\"twitter:card\" content=\"summary_large_image\" \/>\n<meta name=\"twitter:label1\" content=\"Written by\" \/>\n\t<meta name=\"twitter:data1\" content=\"Ignacio Miranda\" \/>\n\t<meta name=\"twitter:label2\" content=\"Est. reading time\" \/>\n\t<meta name=\"twitter:data2\" content=\"1 minute\" \/>\n<script type=\"application\/ld+json\" class=\"yoast-schema-graph\">{\"@context\":\"https:\\\/\\\/schema.org\",\"@graph\":[{\"@type\":\"Article\",\"@id\":\"https:\\\/\\\/www.sando.com\\\/en\\\/actualidad\\\/president-of-the-junta-de-andalucia-visits-construction-works-on-malaga-metro-line-2-extension-to-hospital-civil#article\",\"isPartOf\":{\"@id\":\"https:\\\/\\\/www.sando.com\\\/en\\\/actualidad\\\/president-of-the-junta-de-andalucia-visits-construction-works-on-malaga-metro-line-2-extension-to-hospital-civil\"},\"author\":{\"name\":\"Ignacio Miranda\",\"@id\":\"https:\\\/\\\/www.sando.com\\\/en#\\\/schema\\\/person\\\/de9e7d8314e1c13302097b9d7abd6f62\"},\"headline\":\"President of the Junta de Andaluc\u00eda Visits Construction Works on M\u00e1laga Metro Line 2 Extension to Hospital Civil\",\"datePublished\":\"2025-07-03T12:45:26+00:00\",\"dateModified\":\"2025-07-25T07:20:28+00:00\",\"mainEntityOfPage\":{\"@id\":\"https:\\\/\\\/www.sando.com\\\/en\\\/actualidad\\\/president-of-the-junta-de-andalucia-visits-construction-works-on-malaga-metro-line-2-extension-to-hospital-civil\"},\"wordCount\":264,\"publisher\":{\"@id\":\"https:\\\/\\\/www.sando.com\\\/en#organization\"},\"image\":{\"@id\":\"https:\\\/\\\/www.sando.com\\\/en\\\/actualidad\\\/president-of-the-junta-de-andalucia-visits-construction-works-on-malaga-metro-line-2-extension-to-hospital-civil#primaryimage\"},\"thumbnailUrl\":\"https:\\\/\\\/www.sando.com\\\/contenido\\\/subidas\\\/2025\\\/07\\\/WhatsApp-Image-2025-07-03-at-13.06.47-1-e1753361495394.jpeg\",\"keywords\":[\"Construction\",\"efficiency\",\"engineering\",\"Infrastructure\",\"metro\",\"tunnel\"],\"articleSection\":[\"Blog-EN\",\"Communication\"],\"inLanguage\":\"en-US\"},{\"@type\":\"WebPage\",\"@id\":\"https:\\\/\\\/www.sando.com\\\/en\\\/actualidad\\\/president-of-the-junta-de-andalucia-visits-construction-works-on-malaga-metro-line-2-extension-to-hospital-civil\",\"url\":\"https:\\\/\\\/www.sando.com\\\/en\\\/actualidad\\\/president-of-the-junta-de-andalucia-visits-construction-works-on-malaga-metro-line-2-extension-to-hospital-civil\",\"name\":\"The president of the Regional Government visits the Metro construction site at the Civil Hospital\",\"isPartOf\":{\"@id\":\"https:\\\/\\\/www.sando.com\\\/en#website\"},\"primaryImageOfPage\":{\"@id\":\"https:\\\/\\\/www.sando.com\\\/en\\\/actualidad\\\/president-of-the-junta-de-andalucia-visits-construction-works-on-malaga-metro-line-2-extension-to-hospital-civil#primaryimage\"},\"image\":{\"@id\":\"https:\\\/\\\/www.sando.com\\\/en\\\/actualidad\\\/president-of-the-junta-de-andalucia-visits-construction-works-on-malaga-metro-line-2-extension-to-hospital-civil#primaryimage\"},\"thumbnailUrl\":\"https:\\\/\\\/www.sando.com\\\/contenido\\\/subidas\\\/2025\\\/07\\\/WhatsApp-Image-2025-07-03-at-13.06.47-1-e1753361495394.jpeg\",\"datePublished\":\"2025-07-03T12:45:26+00:00\",\"dateModified\":\"2025-07-25T07:20:28+00:00\",\"description\":\"The president of the Andalusian Regional Government, Juanma Moreno, has visited the construction site of Line 2 of the Malaga Metro to the Civil Hospital.\",\"breadcrumb\":{\"@id\":\"https:\\\/\\\/www.sando.com\\\/en\\\/actualidad\\\/president-of-the-junta-de-andalucia-visits-construction-works-on-malaga-metro-line-2-extension-to-hospital-civil#breadcrumb\"},\"inLanguage\":\"en-US\",\"potentialAction\":[{\"@type\":\"ReadAction\",\"target\":[\"https:\\\/\\\/www.sando.com\\\/en\\\/actualidad\\\/president-of-the-junta-de-andalucia-visits-construction-works-on-malaga-metro-line-2-extension-to-hospital-civil\"]}]},{\"@type\":\"ImageObject\",\"inLanguage\":\"en-US\",\"@id\":\"https:\\\/\\\/www.sando.com\\\/en\\\/actualidad\\\/president-of-the-junta-de-andalucia-visits-construction-works-on-malaga-metro-line-2-extension-to-hospital-civil#primaryimage\",\"url\":\"https:\\\/\\\/www.sando.com\\\/contenido\\\/subidas\\\/2025\\\/07\\\/WhatsApp-Image-2025-07-03-at-13.06.47-1-e1753361495394.jpeg\",\"contentUrl\":\"https:\\\/\\\/www.sando.com\\\/contenido\\\/subidas\\\/2025\\\/07\\\/WhatsApp-Image-2025-07-03-at-13.06.47-1-e1753361495394.jpeg\",\"width\":1600,\"height\":1067,\"caption\":\"El presidente de la Junta de Andaluc\u00eda,\u00a0Juanma Moreno, ha visitado esta ma\u00f1ana las obras de la\u00a0L\u00ednea 2 del Metro de M\u00e1laga al Hospital Civil, en el tramo\u00a0Hilera\u2013Eugenio Gross, que ejecuta la empresa\u00a0Sando Construcci\u00f3n en UTE.\"},{\"@type\":\"BreadcrumbList\",\"@id\":\"https:\\\/\\\/www.sando.com\\\/en\\\/actualidad\\\/president-of-the-junta-de-andalucia-visits-construction-works-on-malaga-metro-line-2-extension-to-hospital-civil#breadcrumb\",\"itemListElement\":[{\"@type\":\"ListItem\",\"position\":1,\"name\":\"Portada\",\"item\":\"https:\\\/\\\/www.sando.com\\\/en\"},{\"@type\":\"ListItem\",\"position\":2,\"name\":\"President of the Junta de Andaluc\u00eda Visits Construction Works on M\u00e1laga Metro Line 2 Extension to Hospital Civil\"}]},{\"@type\":\"WebSite\",\"@id\":\"https:\\\/\\\/www.sando.com\\\/en#website\",\"url\":\"https:\\\/\\\/www.sando.com\\\/en\",\"name\":\"Sando\",\"description\":\"\",\"publisher\":{\"@id\":\"https:\\\/\\\/www.sando.com\\\/en#organization\"},\"potentialAction\":[{\"@type\":\"SearchAction\",\"target\":{\"@type\":\"EntryPoint\",\"urlTemplate\":\"https:\\\/\\\/www.sando.com\\\/en?s={search_term_string}\"},\"query-input\":{\"@type\":\"PropertyValueSpecification\",\"valueRequired\":true,\"valueName\":\"search_term_string\"}}],\"inLanguage\":\"en-US\"},{\"@type\":\"Organization\",\"@id\":\"https:\\\/\\\/www.sando.com\\\/en#organization\",\"name\":\"Sando\",\"url\":\"https:\\\/\\\/www.sando.com\\\/en\",\"logo\":{\"@type\":\"ImageObject\",\"inLanguage\":\"en-US\",\"@id\":\"https:\\\/\\\/www.sando.com\\\/en#\\\/schema\\\/logo\\\/image\\\/\",\"url\":\"\",\"contentUrl\":\"\",\"caption\":\"Sando\"},\"image\":{\"@id\":\"https:\\\/\\\/www.sando.com\\\/en#\\\/schema\\\/logo\\\/image\\\/\"}},{\"@type\":\"Person\",\"@id\":\"https:\\\/\\\/www.sando.com\\\/en#\\\/schema\\\/person\\\/de9e7d8314e1c13302097b9d7abd6f62\",\"name\":\"Ignacio Miranda\",\"image\":{\"@type\":\"ImageObject\",\"inLanguage\":\"en-US\",\"@id\":\"https:\\\/\\\/secure.gravatar.com\\\/avatar\\\/70b7487f1d3f0535f36d3ce7bc97e9729e4efb96033c2bb2f37aa99d6026879b?s=96&d=mm&r=g\",\"url\":\"https:\\\/\\\/secure.gravatar.com\\\/avatar\\\/70b7487f1d3f0535f36d3ce7bc97e9729e4efb96033c2bb2f37aa99d6026879b?s=96&d=mm&r=g\",\"contentUrl\":\"https:\\\/\\\/secure.gravatar.com\\\/avatar\\\/70b7487f1d3f0535f36d3ce7bc97e9729e4efb96033c2bb2f37aa99d6026879b?s=96&d=mm&r=g\",\"caption\":\"Ignacio Miranda\"}}]}<\/script>\n<!-- \/ Yoast SEO plugin. -->","yoast_head_json":{"title":"The president of the Regional Government visits the Metro construction site at the Civil Hospital","description":"The president of the Andalusian Regional Government, Juanma Moreno, has visited the construction site of Line 2 of the Malaga Metro to the Civil Hospital.","robots":{"index":"index","follow":"follow","max-snippet":"max-snippet:-1","max-image-preview":"max-image-preview:large","max-video-preview":"max-video-preview:-1"},"canonical":"https:\/\/www.sando.com\/en\/actualidad\/president-of-the-junta-de-andalucia-visits-construction-works-on-malaga-metro-line-2-extension-to-hospital-civil","og_locale":"en_US","og_type":"article","og_title":"The president of the Regional Government visits the Metro construction site at the Civil Hospital","og_description":"The president of the Andalusian Regional Government, Juanma Moreno, has visited the construction site of Line 2 of the Malaga Metro to the Civil Hospital.","og_url":"https:\/\/www.sando.com\/en\/actualidad\/president-of-the-junta-de-andalucia-visits-construction-works-on-malaga-metro-line-2-extension-to-hospital-civil","og_site_name":"Sando","article_published_time":"2025-07-03T12:45:26+00:00","article_modified_time":"2025-07-25T07:20:28+00:00","og_image":[{"width":1600,"height":1067,"url":"https:\/\/www.sando.com\/contenido\/subidas\/2025\/07\/WhatsApp-Image-2025-07-03-at-13.06.47-1-e1753361495394.jpeg","type":"image\/jpeg"}],"author":"Ignacio Miranda","twitter_card":"summary_large_image","twitter_misc":{"Written by":"Ignacio Miranda","Est. reading time":"1 minute"},"schema":{"@context":"https:\/\/schema.org","@graph":[{"@type":"Article","@id":"https:\/\/www.sando.com\/en\/actualidad\/president-of-the-junta-de-andalucia-visits-construction-works-on-malaga-metro-line-2-extension-to-hospital-civil#article","isPartOf":{"@id":"https:\/\/www.sando.com\/en\/actualidad\/president-of-the-junta-de-andalucia-visits-construction-works-on-malaga-metro-line-2-extension-to-hospital-civil"},"author":{"name":"Ignacio Miranda","@id":"https:\/\/www.sando.com\/en#\/schema\/person\/de9e7d8314e1c13302097b9d7abd6f62"},"headline":"President of the Junta de Andaluc\u00eda Visits Construction Works on M\u00e1laga Metro Line 2 Extension to Hospital Civil","datePublished":"2025-07-03T12:45:26+00:00","dateModified":"2025-07-25T07:20:28+00:00","mainEntityOfPage":{"@id":"https:\/\/www.sando.com\/en\/actualidad\/president-of-the-junta-de-andalucia-visits-construction-works-on-malaga-metro-line-2-extension-to-hospital-civil"},"wordCount":264,"publisher":{"@id":"https:\/\/www.sando.com\/en#organization"},"image":{"@id":"https:\/\/www.sando.com\/en\/actualidad\/president-of-the-junta-de-andalucia-visits-construction-works-on-malaga-metro-line-2-extension-to-hospital-civil#primaryimage"},"thumbnailUrl":"https:\/\/www.sando.com\/contenido\/subidas\/2025\/07\/WhatsApp-Image-2025-07-03-at-13.06.47-1-e1753361495394.jpeg","keywords":["Construction","efficiency","engineering","Infrastructure","metro","tunnel"],"articleSection":["Blog-EN","Communication"],"inLanguage":"en-US"},{"@type":"WebPage","@id":"https:\/\/www.sando.com\/en\/actualidad\/president-of-the-junta-de-andalucia-visits-construction-works-on-malaga-metro-line-2-extension-to-hospital-civil","url":"https:\/\/www.sando.com\/en\/actualidad\/president-of-the-junta-de-andalucia-visits-construction-works-on-malaga-metro-line-2-extension-to-hospital-civil","name":"The president of the Regional Government visits the Metro construction site at the Civil Hospital","isPartOf":{"@id":"https:\/\/www.sando.com\/en#website"},"primaryImageOfPage":{"@id":"https:\/\/www.sando.com\/en\/actualidad\/president-of-the-junta-de-andalucia-visits-construction-works-on-malaga-metro-line-2-extension-to-hospital-civil#primaryimage"},"image":{"@id":"https:\/\/www.sando.com\/en\/actualidad\/president-of-the-junta-de-andalucia-visits-construction-works-on-malaga-metro-line-2-extension-to-hospital-civil#primaryimage"},"thumbnailUrl":"https:\/\/www.sando.com\/contenido\/subidas\/2025\/07\/WhatsApp-Image-2025-07-03-at-13.06.47-1-e1753361495394.jpeg","datePublished":"2025-07-03T12:45:26+00:00","dateModified":"2025-07-25T07:20:28+00:00","description":"The president of the Andalusian Regional Government, Juanma Moreno, has visited the construction site of Line 2 of the Malaga Metro to the Civil Hospital.","breadcrumb":{"@id":"https:\/\/www.sando.com\/en\/actualidad\/president-of-the-junta-de-andalucia-visits-construction-works-on-malaga-metro-line-2-extension-to-hospital-civil#breadcrumb"},"inLanguage":"en-US","potentialAction":[{"@type":"ReadAction","target":["https:\/\/www.sando.com\/en\/actualidad\/president-of-the-junta-de-andalucia-visits-construction-works-on-malaga-metro-line-2-extension-to-hospital-civil"]}]},{"@type":"ImageObject","inLanguage":"en-US","@id":"https:\/\/www.sando.com\/en\/actualidad\/president-of-the-junta-de-andalucia-visits-construction-works-on-malaga-metro-line-2-extension-to-hospital-civil#primaryimage","url":"https:\/\/www.sando.com\/contenido\/subidas\/2025\/07\/WhatsApp-Image-2025-07-03-at-13.06.47-1-e1753361495394.jpeg","contentUrl":"https:\/\/www.sando.com\/contenido\/subidas\/2025\/07\/WhatsApp-Image-2025-07-03-at-13.06.47-1-e1753361495394.jpeg","width":1600,"height":1067,"caption":"El presidente de la Junta de Andaluc\u00eda,\u00a0Juanma Moreno, ha visitado esta ma\u00f1ana las obras de la\u00a0L\u00ednea 2 del Metro de M\u00e1laga al Hospital Civil, en el tramo\u00a0Hilera\u2013Eugenio Gross, que ejecuta la empresa\u00a0Sando Construcci\u00f3n en UTE."},{"@type":"BreadcrumbList","@id":"https:\/\/www.sando.com\/en\/actualidad\/president-of-the-junta-de-andalucia-visits-construction-works-on-malaga-metro-line-2-extension-to-hospital-civil#breadcrumb","itemListElement":[{"@type":"ListItem","position":1,"name":"Portada","item":"https:\/\/www.sando.com\/en"},{"@type":"ListItem","position":2,"name":"President of the Junta de Andaluc\u00eda Visits Construction Works on M\u00e1laga Metro Line 2 Extension to Hospital Civil"}]},{"@type":"WebSite","@id":"https:\/\/www.sando.com\/en#website","url":"https:\/\/www.sando.com\/en","name":"Sando","description":"","publisher":{"@id":"https:\/\/www.sando.com\/en#organization"},"potentialAction":[{"@type":"SearchAction","target":{"@type":"EntryPoint","urlTemplate":"https:\/\/www.sando.com\/en?s={search_term_string}"},"query-input":{"@type":"PropertyValueSpecification","valueRequired":true,"valueName":"search_term_string"}}],"inLanguage":"en-US"},{"@type":"Organization","@id":"https:\/\/www.sando.com\/en#organization","name":"Sando","url":"https:\/\/www.sando.com\/en","logo":{"@type":"ImageObject","inLanguage":"en-US","@id":"https:\/\/www.sando.com\/en#\/schema\/logo\/image\/","url":"","contentUrl":"","caption":"Sando"},"image":{"@id":"https:\/\/www.sando.com\/en#\/schema\/logo\/image\/"}},{"@type":"Person","@id":"https:\/\/www.sando.com\/en#\/schema\/person\/de9e7d8314e1c13302097b9d7abd6f62","name":"Ignacio Miranda","image":{"@type":"ImageObject","inLanguage":"en-US","@id":"https:\/\/secure.gravatar.com\/avatar\/70b7487f1d3f0535f36d3ce7bc97e9729e4efb96033c2bb2f37aa99d6026879b?s=96&d=mm&r=g","url":"https:\/\/secure.gravatar.com\/avatar\/70b7487f1d3f0535f36d3ce7bc97e9729e4efb96033c2bb2f37aa99d6026879b?s=96&d=mm&r=g","contentUrl":"https:\/\/secure.gravatar.com\/avatar\/70b7487f1d3f0535f36d3ce7bc97e9729e4efb96033c2bb2f37aa99d6026879b?s=96&d=mm&r=g","caption":"Ignacio Miranda"}}]}},"_links":{"self":[{"href":"https:\/\/www.sando.com\/en\/wp-json\/wp\/v2\/posts\/54797","targetHints":{"allow":["GET"]}}],"collection":[{"href":"https:\/\/www.sando.com\/en\/wp-json\/wp\/v2\/posts"}],"about":[{"href":"https:\/\/www.sando.com\/en\/wp-json\/wp\/v2\/types\/post"}],"author":[{"embeddable":true,"href":"https:\/\/www.sando.com\/en\/wp-json\/wp\/v2\/users\/6"}],"replies":[{"embeddable":true,"href":"https:\/\/www.sando.com\/en\/wp-json\/wp\/v2\/comments?post=54797"}],"version-history":[{"count":0,"href":"https:\/\/www.sando.com\/en\/wp-json\/wp\/v2\/posts\/54797\/revisions"}],"wp:featuredmedia":[{"embeddable":true,"href":"https:\/\/www.sando.com\/en\/wp-json\/wp\/v2\/media\/54725"}],"wp:attachment":[{"href":"https:\/\/www.sando.com\/en\/wp-json\/wp\/v2\/media?parent=54797"}],"wp:term":[{"taxonomy":"category","embeddable":true,"href":"https:\/\/www.sando.com\/en\/wp-json\/wp\/v2\/categories?post=54797"},{"taxonomy":"post_tag","embeddable":true,"href":"https:\/\/www.sando.com\/en\/wp-json\/wp\/v2\/tags?post=54797"},{"taxonomy":"tax_brand","embeddable":true,"href":"https:\/\/www.sando.com\/en\/wp-json\/wp\/v2\/tax_brand?post=54797"},{"taxonomy":"tax_services","embeddable":true,"href":"https:\/\/www.sando.com\/en\/wp-json\/wp\/v2\/tax_services?post=54797"},{"taxonomy":"tax_location","embeddable":true,"href":"https:\/\/www.sando.com\/en\/wp-json\/wp\/v2\/tax_location?post=54797"}],"curies":[{"name":"wp","href":"https:\/\/api.w.org\/{rel}","templated":true}]}}