{"id":59316,"date":"2025-08-20T00:02:00","date_gmt":"2025-08-20T00:02:00","guid":{"rendered":"https:\/\/www.sando.com\/actualidad\/three-key-victories-for-club-deportivo-de-lucha-los-campitos-this-season"},"modified":"2025-10-24T12:07:43","modified_gmt":"2025-10-24T12:07:43","slug":"three-key-victories-for-club-deportivo-de-lucha-los-campitos-this-season","status":"publish","type":"post","link":"https:\/\/www.sando.com\/en\/actualidad\/three-key-victories-for-club-deportivo-de-lucha-los-campitos-this-season","title":{"rendered":"Three key victories for Club Deportivo de Lucha Los Campitos this season"},"content":{"rendered":"\n<p><\/p>\n\n<p><a href=\"https:\/\/www.facebook.com\/p\/Club-de-lucha-Los-Campitos-100035989721882\/?locale=es_ES\" target=\"_blank\" rel=\"noreferrer noopener\">Club Deportivo de Lucha Los Campitos<\/a> has concluded a remarkable season with three major triumphs. Once again, <a href=\"https:\/\/www.sando.com\/en\/about-us\/fundacion-sando\">Fundaci\u00f3n Sando<\/a> has supported this club, committed to preserving traditional Canarian wrestling, which fields teams in all categories, including the women\u2019s division, and remains the only one of its kind in Santa Cruz de Tenerife. <\/p>\n\n<p>The club\u2019s youngest team, the Under-12s team, was crowned champions of the Cabildo de Tenerife League, a reward for a consistent season in which the young wrestlers showed outstanding effort and dedication throughout the year. <\/p>\n\n<h3 class=\"wp-block-heading\"><strong>Champions of the Copa Cajasiete<\/strong><\/h3>\n\n<p>In the cadet category, the club achieved two particularly noteworthy results. The boys\u2019 team won the Copa Cajasiete, one of the most prestigious tournaments in Canarian wrestling. Securing this title holds significant sporting, symbolic and institutional importance, particularly at a time when the sport is experiencing renewed vitality through events outside the islands and increased media exposure.  <\/p>\n\n<p>The Copa Cajasiete stands alongside the League and Regional Championship as one of the leading competitions in the Canary Islands\u2019 sporting calendar.<\/p>\n\n<p>The women\u2019s senior team also made a strong impression in the Liga CaixaBank Femenina, finishing as runners\u2011up. This league plays a key role in promoting women\u2019s sport, combating discrimination, and consolidating equality in the arena. <\/p>\n\n<p>From <a href=\"https:\/\/fundacionsando.com\/\" target=\"_blank\" rel=\"noreferrer noopener\">Fundaci\u00f3n Sando<\/a>, we extend our congratulations to the Club Deportivo de Lucha Los Campitos, which\u2014thanks to the tireless work of its training schools\u2014has become a benchmark for both sport and social integration in Santa Cruz de Tenerife. Their work is fully aligned with the Sustainable Development Goals (SDGs), particularly SDG 5 (Gender Equality) and SDG 10 (Reduced Inequalities). <\/p>\n","protected":false},"excerpt":{"rendered":"Club Deportivo de Lucha Los Campitos has concluded a remarkable season with three major triumphs. Once again, Fundaci\u00f3n Sando has supported this club, committed to preserving traditional Canarian wrestling, which fields teams in all categories, including the women\u2019s division, and remains the only one of its kind in Santa Cruz de Tenerife. The club\u2019s youngest&#8230; <a class=\"view-article\" href=\"https:\/\/www.sando.com\/en\/reemplazos\/conacon-sando\">View Article<\/a>","protected":false},"author":6,"featured_media":55839,"comment_status":"closed","ping_status":"closed","sticky":false,"template":"","format":"standard","meta":{"_acf_changed":false,"footnotes":""},"categories":[980,979,1523],"tags":[1516,1827,1790,1518,1802,1517,1826,1798],"tax_brand":[1767],"tax_services":[],"tax_location":[],"class_list":["post-59316","post","type-post","status-publish","format-standard","has-post-thumbnail","hentry","category-comunicacion-comunicacion-en","category-communication","category-corporate-social-responsibility","tag-rsc-en-2","tag-femenino-en","tag-buenas-practicas-en-2","tag-rse-en-2","tag-fundacion-sando-en-2","tag-social-responsibility","tag-deporte-en-2","tag-sostenibilidad-en-2","tax_brand-sando-en"],"acf":[],"yoast_head":"<!-- This site is optimized with the Yoast SEO plugin v27.4 - https:\/\/yoast.com\/product\/yoast-seo-wordpress\/ -->\n<title>Three key victories for the Los Campitos Canarian Wrestling Club<\/title>\n<meta name=\"description\" content=\"The Los Campitos Canarian Wrestling Club, supported by the Sando Foundation, has ended a great season with three victories.\" \/>\n<meta name=\"robots\" content=\"index, follow, max-snippet:-1, max-image-preview:large, max-video-preview:-1\" \/>\n<link rel=\"canonical\" href=\"https:\/\/www.sando.com\/en\/actualidad\/three-key-victories-for-club-deportivo-de-lucha-los-campitos-this-season\" \/>\n<meta property=\"og:locale\" content=\"en_US\" \/>\n<meta property=\"og:type\" content=\"article\" \/>\n<meta property=\"og:title\" content=\"Three key victories for the Los Campitos Canarian Wrestling Club\" \/>\n<meta property=\"og:description\" content=\"The Los Campitos Canarian Wrestling Club, supported by the Sando Foundation, has ended a great season with three victories.\" \/>\n<meta property=\"og:url\" content=\"https:\/\/www.sando.com\/en\/actualidad\/three-key-victories-for-club-deportivo-de-lucha-los-campitos-this-season\" \/>\n<meta property=\"og:site_name\" content=\"Sando\" \/>\n<meta property=\"article:published_time\" content=\"2025-08-20T00:02:00+00:00\" \/>\n<meta property=\"article:modified_time\" content=\"2025-10-24T12:07:43+00:00\" \/>\n<meta property=\"og:image\" content=\"https:\/\/www.sando.com\/contenido\/subidas\/2025\/08\/WhatsApp-Image-2025-06-26-at-14.22.48-e1754920912115.jpeg\" \/>\n\t<meta property=\"og:image:width\" content=\"2048\" \/>\n\t<meta property=\"og:image:height\" content=\"1536\" \/>\n\t<meta property=\"og:image:type\" content=\"image\/jpeg\" \/>\n<meta name=\"author\" content=\"Ignacio Miranda\" \/>\n<meta name=\"twitter:card\" content=\"summary_large_image\" \/>\n<meta name=\"twitter:label1\" content=\"Written by\" \/>\n\t<meta name=\"twitter:data1\" content=\"Ignacio Miranda\" \/>\n\t<meta name=\"twitter:label2\" content=\"Est. reading time\" \/>\n\t<meta name=\"twitter:data2\" content=\"1 minute\" \/>\n<script type=\"application\/ld+json\" class=\"yoast-schema-graph\">{\"@context\":\"https:\\\/\\\/schema.org\",\"@graph\":[{\"@type\":\"Article\",\"@id\":\"https:\\\/\\\/www.sando.com\\\/en\\\/actualidad\\\/three-key-victories-for-club-deportivo-de-lucha-los-campitos-this-season#article\",\"isPartOf\":{\"@id\":\"https:\\\/\\\/www.sando.com\\\/en\\\/actualidad\\\/three-key-victories-for-club-deportivo-de-lucha-los-campitos-this-season\"},\"author\":{\"name\":\"Ignacio Miranda\",\"@id\":\"https:\\\/\\\/www.sando.com\\\/en#\\\/schema\\\/person\\\/de9e7d8314e1c13302097b9d7abd6f62\"},\"headline\":\"Three key victories for Club Deportivo de Lucha Los Campitos this season\",\"datePublished\":\"2025-08-20T00:02:00+00:00\",\"dateModified\":\"2025-10-24T12:07:43+00:00\",\"mainEntityOfPage\":{\"@id\":\"https:\\\/\\\/www.sando.com\\\/en\\\/actualidad\\\/three-key-victories-for-club-deportivo-de-lucha-los-campitos-this-season\"},\"wordCount\":285,\"publisher\":{\"@id\":\"https:\\\/\\\/www.sando.com\\\/en#organization\"},\"image\":{\"@id\":\"https:\\\/\\\/www.sando.com\\\/en\\\/actualidad\\\/three-key-victories-for-club-deportivo-de-lucha-los-campitos-this-season#primaryimage\"},\"thumbnailUrl\":\"https:\\\/\\\/www.sando.com\\\/contenido\\\/subidas\\\/2025\\\/08\\\/WhatsApp-Image-2025-06-26-at-14.22.48-e1754920912115.jpeg\",\"keywords\":[\"CSR\",\"female\",\"good practices\",\"RSE\",\"Sando Foundation\",\"Social Responsibility\",\"sport\",\"Sustainability\"],\"articleSection\":[\"Blog-EN\",\"Communication\",\"Corporate Social Responsibility\"],\"inLanguage\":\"en-US\"},{\"@type\":\"WebPage\",\"@id\":\"https:\\\/\\\/www.sando.com\\\/en\\\/actualidad\\\/three-key-victories-for-club-deportivo-de-lucha-los-campitos-this-season\",\"url\":\"https:\\\/\\\/www.sando.com\\\/en\\\/actualidad\\\/three-key-victories-for-club-deportivo-de-lucha-los-campitos-this-season\",\"name\":\"Three key victories for the Los Campitos Canarian Wrestling Club\",\"isPartOf\":{\"@id\":\"https:\\\/\\\/www.sando.com\\\/en#website\"},\"primaryImageOfPage\":{\"@id\":\"https:\\\/\\\/www.sando.com\\\/en\\\/actualidad\\\/three-key-victories-for-club-deportivo-de-lucha-los-campitos-this-season#primaryimage\"},\"image\":{\"@id\":\"https:\\\/\\\/www.sando.com\\\/en\\\/actualidad\\\/three-key-victories-for-club-deportivo-de-lucha-los-campitos-this-season#primaryimage\"},\"thumbnailUrl\":\"https:\\\/\\\/www.sando.com\\\/contenido\\\/subidas\\\/2025\\\/08\\\/WhatsApp-Image-2025-06-26-at-14.22.48-e1754920912115.jpeg\",\"datePublished\":\"2025-08-20T00:02:00+00:00\",\"dateModified\":\"2025-10-24T12:07:43+00:00\",\"description\":\"The Los Campitos Canarian Wrestling Club, supported by the Sando Foundation, has ended a great season with three victories.\",\"breadcrumb\":{\"@id\":\"https:\\\/\\\/www.sando.com\\\/en\\\/actualidad\\\/three-key-victories-for-club-deportivo-de-lucha-los-campitos-this-season#breadcrumb\"},\"inLanguage\":\"en-US\",\"potentialAction\":[{\"@type\":\"ReadAction\",\"target\":[\"https:\\\/\\\/www.sando.com\\\/en\\\/actualidad\\\/three-key-victories-for-club-deportivo-de-lucha-los-campitos-this-season\"]}]},{\"@type\":\"ImageObject\",\"inLanguage\":\"en-US\",\"@id\":\"https:\\\/\\\/www.sando.com\\\/en\\\/actualidad\\\/three-key-victories-for-club-deportivo-de-lucha-los-campitos-this-season#primaryimage\",\"url\":\"https:\\\/\\\/www.sando.com\\\/contenido\\\/subidas\\\/2025\\\/08\\\/WhatsApp-Image-2025-06-26-at-14.22.48-e1754920912115.jpeg\",\"contentUrl\":\"https:\\\/\\\/www.sando.com\\\/contenido\\\/subidas\\\/2025\\\/08\\\/WhatsApp-Image-2025-06-26-at-14.22.48-e1754920912115.jpeg\",\"width\":2048,\"height\":1536,\"caption\":\"El Club Deportivo de Lucha Los Campitos ha rematado una gran temporada con tres triunfos. Un a\u00f1o m\u00e1s Fundaci\u00f3n Sando, comprometida con el deporte tradicional Canario, ha apoyado a este club que mantiene equipos en todas las categor\u00edas, incluidas las femeninas y que adem\u00e1s es el \u00fanico de Santa Cruz de Tenerife.\"},{\"@type\":\"BreadcrumbList\",\"@id\":\"https:\\\/\\\/www.sando.com\\\/en\\\/actualidad\\\/three-key-victories-for-club-deportivo-de-lucha-los-campitos-this-season#breadcrumb\",\"itemListElement\":[{\"@type\":\"ListItem\",\"position\":1,\"name\":\"Portada\",\"item\":\"https:\\\/\\\/www.sando.com\\\/en\"},{\"@type\":\"ListItem\",\"position\":2,\"name\":\"Three key victories for Club Deportivo de Lucha Los Campitos this season\"}]},{\"@type\":\"WebSite\",\"@id\":\"https:\\\/\\\/www.sando.com\\\/en#website\",\"url\":\"https:\\\/\\\/www.sando.com\\\/en\",\"name\":\"Sando\",\"description\":\"\",\"publisher\":{\"@id\":\"https:\\\/\\\/www.sando.com\\\/en#organization\"},\"potentialAction\":[{\"@type\":\"SearchAction\",\"target\":{\"@type\":\"EntryPoint\",\"urlTemplate\":\"https:\\\/\\\/www.sando.com\\\/en?s={search_term_string}\"},\"query-input\":{\"@type\":\"PropertyValueSpecification\",\"valueRequired\":true,\"valueName\":\"search_term_string\"}}],\"inLanguage\":\"en-US\"},{\"@type\":\"Organization\",\"@id\":\"https:\\\/\\\/www.sando.com\\\/en#organization\",\"name\":\"Sando\",\"url\":\"https:\\\/\\\/www.sando.com\\\/en\",\"logo\":{\"@type\":\"ImageObject\",\"inLanguage\":\"en-US\",\"@id\":\"https:\\\/\\\/www.sando.com\\\/en#\\\/schema\\\/logo\\\/image\\\/\",\"url\":\"\",\"contentUrl\":\"\",\"caption\":\"Sando\"},\"image\":{\"@id\":\"https:\\\/\\\/www.sando.com\\\/en#\\\/schema\\\/logo\\\/image\\\/\"}},{\"@type\":\"Person\",\"@id\":\"https:\\\/\\\/www.sando.com\\\/en#\\\/schema\\\/person\\\/de9e7d8314e1c13302097b9d7abd6f62\",\"name\":\"Ignacio Miranda\",\"image\":{\"@type\":\"ImageObject\",\"inLanguage\":\"en-US\",\"@id\":\"https:\\\/\\\/secure.gravatar.com\\\/avatar\\\/70b7487f1d3f0535f36d3ce7bc97e9729e4efb96033c2bb2f37aa99d6026879b?s=96&d=mm&r=g\",\"url\":\"https:\\\/\\\/secure.gravatar.com\\\/avatar\\\/70b7487f1d3f0535f36d3ce7bc97e9729e4efb96033c2bb2f37aa99d6026879b?s=96&d=mm&r=g\",\"contentUrl\":\"https:\\\/\\\/secure.gravatar.com\\\/avatar\\\/70b7487f1d3f0535f36d3ce7bc97e9729e4efb96033c2bb2f37aa99d6026879b?s=96&d=mm&r=g\",\"caption\":\"Ignacio Miranda\"}}]}<\/script>\n<!-- \/ Yoast SEO plugin. -->","yoast_head_json":{"title":"Three key victories for the Los Campitos Canarian Wrestling Club","description":"The Los Campitos Canarian Wrestling Club, supported by the Sando Foundation, has ended a great season with three victories.","robots":{"index":"index","follow":"follow","max-snippet":"max-snippet:-1","max-image-preview":"max-image-preview:large","max-video-preview":"max-video-preview:-1"},"canonical":"https:\/\/www.sando.com\/en\/actualidad\/three-key-victories-for-club-deportivo-de-lucha-los-campitos-this-season","og_locale":"en_US","og_type":"article","og_title":"Three key victories for the Los Campitos Canarian Wrestling Club","og_description":"The Los Campitos Canarian Wrestling Club, supported by the Sando Foundation, has ended a great season with three victories.","og_url":"https:\/\/www.sando.com\/en\/actualidad\/three-key-victories-for-club-deportivo-de-lucha-los-campitos-this-season","og_site_name":"Sando","article_published_time":"2025-08-20T00:02:00+00:00","article_modified_time":"2025-10-24T12:07:43+00:00","og_image":[{"width":2048,"height":1536,"url":"https:\/\/www.sando.com\/contenido\/subidas\/2025\/08\/WhatsApp-Image-2025-06-26-at-14.22.48-e1754920912115.jpeg","type":"image\/jpeg"}],"author":"Ignacio Miranda","twitter_card":"summary_large_image","twitter_misc":{"Written by":"Ignacio Miranda","Est. reading time":"1 minute"},"schema":{"@context":"https:\/\/schema.org","@graph":[{"@type":"Article","@id":"https:\/\/www.sando.com\/en\/actualidad\/three-key-victories-for-club-deportivo-de-lucha-los-campitos-this-season#article","isPartOf":{"@id":"https:\/\/www.sando.com\/en\/actualidad\/three-key-victories-for-club-deportivo-de-lucha-los-campitos-this-season"},"author":{"name":"Ignacio Miranda","@id":"https:\/\/www.sando.com\/en#\/schema\/person\/de9e7d8314e1c13302097b9d7abd6f62"},"headline":"Three key victories for Club Deportivo de Lucha Los Campitos this season","datePublished":"2025-08-20T00:02:00+00:00","dateModified":"2025-10-24T12:07:43+00:00","mainEntityOfPage":{"@id":"https:\/\/www.sando.com\/en\/actualidad\/three-key-victories-for-club-deportivo-de-lucha-los-campitos-this-season"},"wordCount":285,"publisher":{"@id":"https:\/\/www.sando.com\/en#organization"},"image":{"@id":"https:\/\/www.sando.com\/en\/actualidad\/three-key-victories-for-club-deportivo-de-lucha-los-campitos-this-season#primaryimage"},"thumbnailUrl":"https:\/\/www.sando.com\/contenido\/subidas\/2025\/08\/WhatsApp-Image-2025-06-26-at-14.22.48-e1754920912115.jpeg","keywords":["CSR","female","good practices","RSE","Sando Foundation","Social Responsibility","sport","Sustainability"],"articleSection":["Blog-EN","Communication","Corporate Social Responsibility"],"inLanguage":"en-US"},{"@type":"WebPage","@id":"https:\/\/www.sando.com\/en\/actualidad\/three-key-victories-for-club-deportivo-de-lucha-los-campitos-this-season","url":"https:\/\/www.sando.com\/en\/actualidad\/three-key-victories-for-club-deportivo-de-lucha-los-campitos-this-season","name":"Three key victories for the Los Campitos Canarian Wrestling Club","isPartOf":{"@id":"https:\/\/www.sando.com\/en#website"},"primaryImageOfPage":{"@id":"https:\/\/www.sando.com\/en\/actualidad\/three-key-victories-for-club-deportivo-de-lucha-los-campitos-this-season#primaryimage"},"image":{"@id":"https:\/\/www.sando.com\/en\/actualidad\/three-key-victories-for-club-deportivo-de-lucha-los-campitos-this-season#primaryimage"},"thumbnailUrl":"https:\/\/www.sando.com\/contenido\/subidas\/2025\/08\/WhatsApp-Image-2025-06-26-at-14.22.48-e1754920912115.jpeg","datePublished":"2025-08-20T00:02:00+00:00","dateModified":"2025-10-24T12:07:43+00:00","description":"The Los Campitos Canarian Wrestling Club, supported by the Sando Foundation, has ended a great season with three victories.","breadcrumb":{"@id":"https:\/\/www.sando.com\/en\/actualidad\/three-key-victories-for-club-deportivo-de-lucha-los-campitos-this-season#breadcrumb"},"inLanguage":"en-US","potentialAction":[{"@type":"ReadAction","target":["https:\/\/www.sando.com\/en\/actualidad\/three-key-victories-for-club-deportivo-de-lucha-los-campitos-this-season"]}]},{"@type":"ImageObject","inLanguage":"en-US","@id":"https:\/\/www.sando.com\/en\/actualidad\/three-key-victories-for-club-deportivo-de-lucha-los-campitos-this-season#primaryimage","url":"https:\/\/www.sando.com\/contenido\/subidas\/2025\/08\/WhatsApp-Image-2025-06-26-at-14.22.48-e1754920912115.jpeg","contentUrl":"https:\/\/www.sando.com\/contenido\/subidas\/2025\/08\/WhatsApp-Image-2025-06-26-at-14.22.48-e1754920912115.jpeg","width":2048,"height":1536,"caption":"El Club Deportivo de Lucha Los Campitos ha rematado una gran temporada con tres triunfos. Un a\u00f1o m\u00e1s Fundaci\u00f3n Sando, comprometida con el deporte tradicional Canario, ha apoyado a este club que mantiene equipos en todas las categor\u00edas, incluidas las femeninas y que adem\u00e1s es el \u00fanico de Santa Cruz de Tenerife."},{"@type":"BreadcrumbList","@id":"https:\/\/www.sando.com\/en\/actualidad\/three-key-victories-for-club-deportivo-de-lucha-los-campitos-this-season#breadcrumb","itemListElement":[{"@type":"ListItem","position":1,"name":"Portada","item":"https:\/\/www.sando.com\/en"},{"@type":"ListItem","position":2,"name":"Three key victories for Club Deportivo de Lucha Los Campitos this season"}]},{"@type":"WebSite","@id":"https:\/\/www.sando.com\/en#website","url":"https:\/\/www.sando.com\/en","name":"Sando","description":"","publisher":{"@id":"https:\/\/www.sando.com\/en#organization"},"potentialAction":[{"@type":"SearchAction","target":{"@type":"EntryPoint","urlTemplate":"https:\/\/www.sando.com\/en?s={search_term_string}"},"query-input":{"@type":"PropertyValueSpecification","valueRequired":true,"valueName":"search_term_string"}}],"inLanguage":"en-US"},{"@type":"Organization","@id":"https:\/\/www.sando.com\/en#organization","name":"Sando","url":"https:\/\/www.sando.com\/en","logo":{"@type":"ImageObject","inLanguage":"en-US","@id":"https:\/\/www.sando.com\/en#\/schema\/logo\/image\/","url":"","contentUrl":"","caption":"Sando"},"image":{"@id":"https:\/\/www.sando.com\/en#\/schema\/logo\/image\/"}},{"@type":"Person","@id":"https:\/\/www.sando.com\/en#\/schema\/person\/de9e7d8314e1c13302097b9d7abd6f62","name":"Ignacio Miranda","image":{"@type":"ImageObject","inLanguage":"en-US","@id":"https:\/\/secure.gravatar.com\/avatar\/70b7487f1d3f0535f36d3ce7bc97e9729e4efb96033c2bb2f37aa99d6026879b?s=96&d=mm&r=g","url":"https:\/\/secure.gravatar.com\/avatar\/70b7487f1d3f0535f36d3ce7bc97e9729e4efb96033c2bb2f37aa99d6026879b?s=96&d=mm&r=g","contentUrl":"https:\/\/secure.gravatar.com\/avatar\/70b7487f1d3f0535f36d3ce7bc97e9729e4efb96033c2bb2f37aa99d6026879b?s=96&d=mm&r=g","caption":"Ignacio Miranda"}}]}},"_links":{"self":[{"href":"https:\/\/www.sando.com\/en\/wp-json\/wp\/v2\/posts\/59316","targetHints":{"allow":["GET"]}}],"collection":[{"href":"https:\/\/www.sando.com\/en\/wp-json\/wp\/v2\/posts"}],"about":[{"href":"https:\/\/www.sando.com\/en\/wp-json\/wp\/v2\/types\/post"}],"author":[{"embeddable":true,"href":"https:\/\/www.sando.com\/en\/wp-json\/wp\/v2\/users\/6"}],"replies":[{"embeddable":true,"href":"https:\/\/www.sando.com\/en\/wp-json\/wp\/v2\/comments?post=59316"}],"version-history":[{"count":0,"href":"https:\/\/www.sando.com\/en\/wp-json\/wp\/v2\/posts\/59316\/revisions"}],"wp:featuredmedia":[{"embeddable":true,"href":"https:\/\/www.sando.com\/en\/wp-json\/wp\/v2\/media\/55839"}],"wp:attachment":[{"href":"https:\/\/www.sando.com\/en\/wp-json\/wp\/v2\/media?parent=59316"}],"wp:term":[{"taxonomy":"category","embeddable":true,"href":"https:\/\/www.sando.com\/en\/wp-json\/wp\/v2\/categories?post=59316"},{"taxonomy":"post_tag","embeddable":true,"href":"https:\/\/www.sando.com\/en\/wp-json\/wp\/v2\/tags?post=59316"},{"taxonomy":"tax_brand","embeddable":true,"href":"https:\/\/www.sando.com\/en\/wp-json\/wp\/v2\/tax_brand?post=59316"},{"taxonomy":"tax_services","embeddable":true,"href":"https:\/\/www.sando.com\/en\/wp-json\/wp\/v2\/tax_services?post=59316"},{"taxonomy":"tax_location","embeddable":true,"href":"https:\/\/www.sando.com\/en\/wp-json\/wp\/v2\/tax_location?post=59316"}],"curies":[{"name":"wp","href":"https:\/\/api.w.org\/{rel}","templated":true}]}}