{"id":96300,"date":"2025-10-29T09:56:51","date_gmt":"2025-10-29T09:56:51","guid":{"rendered":"https:\/\/www.sando.com\/actualidad\/sando-construccion-lays-the-first-stone-of-rtves-castilla-y-leon-regional-centre-in-valladolid"},"modified":"2026-04-29T10:31:21","modified_gmt":"2026-04-29T10:31:21","slug":"sando-construccion-lays-the-first-stone-of-rtves-castilla-y-leon-regional-centre-in-valladolid","status":"publish","type":"post","link":"https:\/\/www.sando.com\/en\/actualidad\/sando-construccion-lays-the-first-stone-of-rtves-castilla-y-leon-regional-centre-in-valladolid","title":{"rendered":"Sando Construcci\u00f3n Lays the First Stone of RTVE\u2019s Castilla y Le\u00f3n Regional Centre in Valladolid"},"content":{"rendered":"\n<p>The laying of the first stone of <a href=\"https:\/\/www.rtve.es\/\" target=\"_blank\" rel=\"noreferrer noopener\">RTVE\u2019s<\/a> new Castilla y Le\u00f3n Regional Centre marks the start of construction works on a project that will bring together the facilities of Televisi\u00f3n Espa\u00f1ola (TVE) and Radio Nacional de Espa\u00f1a (RNE) under one roof at Valladolid\u2019s City of Communication.<\/p>\n\n<p>Following the preparation of the detailed construction design, <a href=\"\/en\/sando-construccion\" title=\"Sando Construcci\u00f3n. Building resilient and innovative infrastructures\" target=\"_blank\">Sando Construcci\u00f3n<\/a> has commenced works on a modern three-storey building that will feature more than 2,700 square metres of total built area.<\/p>\n\n<p>The ceremony, hosted by Cristina Bravo, Director of RTVE Territorial Services, was attended by Miquel Cal\u00e7ada, RTVE Board Member and Chair of the Regional Centres Committee; Nicanor Sen, <a href=\"https:\/\/gobierno.jcyl.es\/web\/es\/gobierno-castilla-leon.html\" target=\"_blank\" rel=\"noreferrer noopener\">Government <\/a>Delegate in Castilla y Le\u00f3n; Ana \u00c1lvarez Qui\u00f1ones, Secretary-General for Agriculture, Livestock and Rural Development of the Regional Government of Castilla y Le\u00f3n; and Jaime Rodr\u00edguez Donnelly and Francisco Caballero, Sando\u2019s Director General of Construction and Regional Director, respectively.<\/p>\n\n<h3 class=\"wp-block-heading\"><strong>Sustainable construction<\/strong><\/h3>\n\n<p>RTVE\u2019s new Castilla y Le\u00f3n Regional Centre will be built on an urban plot of approximately 4,000 square metres. According to RTVE, the facility will include a 124-square-metre television studio, three control-announcer units for RNE\u2014one of them equipped for television image capture\u2014two video editing suites, two recording booths, a large newsroom, and various administrative and technical areas. The building will have a total floor area of 2,785 square metres.  <\/p>\n\n<p>The project is directly aligned with Sando\u2019s <a href=\"\/en\/sustainability\" title=\"Sustainable and efficient environmental solutions\" target=\"_blank\">Sustainability<\/a> Master Plan, incorporating environmental commitments through the application of sustainability and energy-efficiency criteria in accordance with the standards of the VERDE Certification issued by the <a href=\"https:\/\/gbce.es\/\">Green Building Council <\/a><a href=\"https:\/\/gbce.es\/\" target=\"_blank\" rel=\"noreferrer noopener\">Spain (GBCe)<\/a>. RTVE has set the objective of achieving the highest possible rating: five green leaves. <\/p>\n\n<p>Sando Construcci\u00f3n has more than 50 years\u2019 experience in the sustainable delivery of landmark buildings. This new project further strengthens the company\u2019s expertise in media-related infrastructure. In Madrid, Sando Construcci\u00f3n also delivered the new production facilities for the <a href=\"https:\/\/www.sando.com\/en\/proyectos\/rtve-production-studios\" target=\"_blank\" rel=\"noreferrer noopener\">Spanish Radio and Television Corporation (RTVE) at <\/a><a href=\"https:\/\/www.sando.com\/en\/proyectos\/rtve-production-studios\">Prado del Rey,<\/a> specifically Studio 6 and Studio 7.  <\/p>\n\n<p><\/p>\n","protected":false},"excerpt":{"rendered":"The laying of the first stone of RTVE\u2019s new Castilla y Le\u00f3n Regional Centre marks the start of construction works on a project that will bring together the facilities of Televisi\u00f3n Espa\u00f1ola (TVE) and Radio Nacional de Espa\u00f1a (RNE) under one roof at Valladolid\u2019s City of Communication. Following the preparation of the detailed construction design,&#8230; <a class=\"view-article\" href=\"https:\/\/www.sando.com\/en\/reemplazos\/conacon-sando\">View Article<\/a>","protected":false},"author":6,"featured_media":59423,"comment_status":"closed","ping_status":"closed","sticky":false,"template":"","format":"standard","meta":{"_acf_changed":false,"footnotes":""},"categories":[980,979,1],"tags":[1513,1892,1790,1509,1885,1787,1911,1910],"tax_brand":[1765],"tax_services":[],"tax_location":[],"class_list":["post-96300","post","type-post","status-publish","format-standard","has-post-thumbnail","hentry","category-comunicacion-comunicacion-en","category-communication","category-sin-categorizar","tag-construction","tag-edification-en","tag-buenas-practicas-en-2","tag-infrastructure","tag-singular-construction-en","tag-sustainability-en","tag-sustainable","tag-sustainable-edification","tax_brand-sando-construccion-en"],"acf":[],"yoast_head":"<!-- This site is optimized with the Yoast SEO plugin v27.4 - https:\/\/yoast.com\/product\/yoast-seo-wordpress\/ -->\n<title>Sando Construcci\u00f3n Lays the First Stone of RTVE\u2019s Centre in Valladolid<\/title>\n<meta name=\"description\" content=\"Sando Construcci\u00f3n Lays the First Stone of RTVE\u2019s Castilla y Le\u00f3n Regional Centre in Valladolid\" \/>\n<meta name=\"robots\" content=\"index, follow, max-snippet:-1, max-image-preview:large, max-video-preview:-1\" \/>\n<link rel=\"canonical\" href=\"https:\/\/www.sando.com\/en\/actualidad\/sando-construccion-lays-the-first-stone-of-rtves-castilla-y-leon-regional-centre-in-valladolid\" \/>\n<meta property=\"og:locale\" content=\"en_US\" \/>\n<meta property=\"og:type\" content=\"article\" \/>\n<meta property=\"og:title\" content=\"Sando Construcci\u00f3n Lays the First Stone of RTVE\u2019s Centre in Valladolid\" \/>\n<meta property=\"og:description\" content=\"Sando Construcci\u00f3n Lays the First Stone of RTVE\u2019s Castilla y Le\u00f3n Regional Centre in Valladolid\" \/>\n<meta property=\"og:url\" content=\"https:\/\/www.sando.com\/en\/actualidad\/sando-construccion-lays-the-first-stone-of-rtves-castilla-y-leon-regional-centre-in-valladolid\" \/>\n<meta property=\"og:site_name\" content=\"Sando\" \/>\n<meta property=\"article:published_time\" content=\"2025-10-29T09:56:51+00:00\" \/>\n<meta property=\"article:modified_time\" content=\"2026-04-29T10:31:21+00:00\" \/>\n<meta property=\"og:image\" content=\"https:\/\/www.sando.com\/contenido\/subidas\/2025\/10\/WhatsApp-Image-2025-10-27-at-17.25.46-10-e1761731631835.jpeg\" \/>\n\t<meta property=\"og:image:width\" content=\"1600\" \/>\n\t<meta property=\"og:image:height\" content=\"900\" \/>\n\t<meta property=\"og:image:type\" content=\"image\/jpeg\" \/>\n<meta name=\"author\" content=\"Ignacio Miranda\" \/>\n<meta name=\"twitter:card\" content=\"summary_large_image\" \/>\n<meta name=\"twitter:label1\" content=\"Written by\" \/>\n\t<meta name=\"twitter:data1\" content=\"Ignacio Miranda\" \/>\n\t<meta name=\"twitter:label2\" content=\"Est. reading time\" \/>\n\t<meta name=\"twitter:data2\" content=\"2 minutes\" \/>\n<script type=\"application\/ld+json\" class=\"yoast-schema-graph\">{\"@context\":\"https:\\\/\\\/schema.org\",\"@graph\":[{\"@type\":\"Article\",\"@id\":\"https:\\\/\\\/www.sando.com\\\/en\\\/actualidad\\\/sando-construccion-lays-the-first-stone-of-rtves-castilla-y-leon-regional-centre-in-valladolid#article\",\"isPartOf\":{\"@id\":\"https:\\\/\\\/www.sando.com\\\/en\\\/actualidad\\\/sando-construccion-lays-the-first-stone-of-rtves-castilla-y-leon-regional-centre-in-valladolid\"},\"author\":{\"name\":\"Ignacio Miranda\",\"@id\":\"https:\\\/\\\/www.sando.com\\\/en#\\\/schema\\\/person\\\/de9e7d8314e1c13302097b9d7abd6f62\"},\"headline\":\"Sando Construcci\u00f3n Lays the First Stone of RTVE\u2019s Castilla y Le\u00f3n Regional Centre in Valladolid\",\"datePublished\":\"2025-10-29T09:56:51+00:00\",\"dateModified\":\"2026-04-29T10:31:21+00:00\",\"mainEntityOfPage\":{\"@id\":\"https:\\\/\\\/www.sando.com\\\/en\\\/actualidad\\\/sando-construccion-lays-the-first-stone-of-rtves-castilla-y-leon-regional-centre-in-valladolid\"},\"wordCount\":355,\"publisher\":{\"@id\":\"https:\\\/\\\/www.sando.com\\\/en#organization\"},\"image\":{\"@id\":\"https:\\\/\\\/www.sando.com\\\/en\\\/actualidad\\\/sando-construccion-lays-the-first-stone-of-rtves-castilla-y-leon-regional-centre-in-valladolid#primaryimage\"},\"thumbnailUrl\":\"https:\\\/\\\/www.sando.com\\\/contenido\\\/subidas\\\/2025\\\/10\\\/WhatsApp-Image-2025-10-27-at-17.25.46-10-e1761731631835.jpeg\",\"keywords\":[\"Construction\",\"edification\",\"good practices\",\"Infrastructure\",\"singular construction\",\"Sustainability\",\"sustainable\",\"sustainable edification\"],\"articleSection\":[\"Blog-EN\",\"Communication\",\"Uncategorised\"],\"inLanguage\":\"en-US\"},{\"@type\":\"WebPage\",\"@id\":\"https:\\\/\\\/www.sando.com\\\/en\\\/actualidad\\\/sando-construccion-lays-the-first-stone-of-rtves-castilla-y-leon-regional-centre-in-valladolid\",\"url\":\"https:\\\/\\\/www.sando.com\\\/en\\\/actualidad\\\/sando-construccion-lays-the-first-stone-of-rtves-castilla-y-leon-regional-centre-in-valladolid\",\"name\":\"Sando Construcci\u00f3n Lays the First Stone of RTVE\u2019s Centre in Valladolid\",\"isPartOf\":{\"@id\":\"https:\\\/\\\/www.sando.com\\\/en#website\"},\"primaryImageOfPage\":{\"@id\":\"https:\\\/\\\/www.sando.com\\\/en\\\/actualidad\\\/sando-construccion-lays-the-first-stone-of-rtves-castilla-y-leon-regional-centre-in-valladolid#primaryimage\"},\"image\":{\"@id\":\"https:\\\/\\\/www.sando.com\\\/en\\\/actualidad\\\/sando-construccion-lays-the-first-stone-of-rtves-castilla-y-leon-regional-centre-in-valladolid#primaryimage\"},\"thumbnailUrl\":\"https:\\\/\\\/www.sando.com\\\/contenido\\\/subidas\\\/2025\\\/10\\\/WhatsApp-Image-2025-10-27-at-17.25.46-10-e1761731631835.jpeg\",\"datePublished\":\"2025-10-29T09:56:51+00:00\",\"dateModified\":\"2026-04-29T10:31:21+00:00\",\"description\":\"Sando Construcci\u00f3n Lays the First Stone of RTVE\u2019s Castilla y Le\u00f3n Regional Centre in Valladolid\",\"breadcrumb\":{\"@id\":\"https:\\\/\\\/www.sando.com\\\/en\\\/actualidad\\\/sando-construccion-lays-the-first-stone-of-rtves-castilla-y-leon-regional-centre-in-valladolid#breadcrumb\"},\"inLanguage\":\"en-US\",\"potentialAction\":[{\"@type\":\"ReadAction\",\"target\":[\"https:\\\/\\\/www.sando.com\\\/en\\\/actualidad\\\/sando-construccion-lays-the-first-stone-of-rtves-castilla-y-leon-regional-centre-in-valladolid\"]}]},{\"@type\":\"ImageObject\",\"inLanguage\":\"en-US\",\"@id\":\"https:\\\/\\\/www.sando.com\\\/en\\\/actualidad\\\/sando-construccion-lays-the-first-stone-of-rtves-castilla-y-leon-regional-centre-in-valladolid#primaryimage\",\"url\":\"https:\\\/\\\/www.sando.com\\\/contenido\\\/subidas\\\/2025\\\/10\\\/WhatsApp-Image-2025-10-27-at-17.25.46-10-e1761731631835.jpeg\",\"contentUrl\":\"https:\\\/\\\/www.sando.com\\\/contenido\\\/subidas\\\/2025\\\/10\\\/WhatsApp-Image-2025-10-27-at-17.25.46-10-e1761731631835.jpeg\",\"width\":1600,\"height\":900,\"caption\":\"La colocaci\u00f3n de la primera piedra del nuevo Centro Territorial de Castilla y Le\u00f3n de RTVE marca el inicio de las obras de construcci\u00f3n de un proyecto que unificar\u00e1 en un mismo espacio las instalaciones de Televisi\u00f3n Espa\u00f1ola (TVE) y Radio Nacional de Espa\u00f1a (RNE) en la Ciudad de la Comunicaci\u00f3n de Valladolid. La ejecutar\u00e1 Sando Construcci\u00f3n.\"},{\"@type\":\"BreadcrumbList\",\"@id\":\"https:\\\/\\\/www.sando.com\\\/en\\\/actualidad\\\/sando-construccion-lays-the-first-stone-of-rtves-castilla-y-leon-regional-centre-in-valladolid#breadcrumb\",\"itemListElement\":[{\"@type\":\"ListItem\",\"position\":1,\"name\":\"Portada\",\"item\":\"https:\\\/\\\/www.sando.com\\\/en\"},{\"@type\":\"ListItem\",\"position\":2,\"name\":\"Sando Construcci\u00f3n Lays the First Stone of RTVE\u2019s Castilla y Le\u00f3n Regional Centre in Valladolid\"}]},{\"@type\":\"WebSite\",\"@id\":\"https:\\\/\\\/www.sando.com\\\/en#website\",\"url\":\"https:\\\/\\\/www.sando.com\\\/en\",\"name\":\"Sando\",\"description\":\"\",\"publisher\":{\"@id\":\"https:\\\/\\\/www.sando.com\\\/en#organization\"},\"potentialAction\":[{\"@type\":\"SearchAction\",\"target\":{\"@type\":\"EntryPoint\",\"urlTemplate\":\"https:\\\/\\\/www.sando.com\\\/en?s={search_term_string}\"},\"query-input\":{\"@type\":\"PropertyValueSpecification\",\"valueRequired\":true,\"valueName\":\"search_term_string\"}}],\"inLanguage\":\"en-US\"},{\"@type\":\"Organization\",\"@id\":\"https:\\\/\\\/www.sando.com\\\/en#organization\",\"name\":\"Sando\",\"url\":\"https:\\\/\\\/www.sando.com\\\/en\",\"logo\":{\"@type\":\"ImageObject\",\"inLanguage\":\"en-US\",\"@id\":\"https:\\\/\\\/www.sando.com\\\/en#\\\/schema\\\/logo\\\/image\\\/\",\"url\":\"\",\"contentUrl\":\"\",\"caption\":\"Sando\"},\"image\":{\"@id\":\"https:\\\/\\\/www.sando.com\\\/en#\\\/schema\\\/logo\\\/image\\\/\"}},{\"@type\":\"Person\",\"@id\":\"https:\\\/\\\/www.sando.com\\\/en#\\\/schema\\\/person\\\/de9e7d8314e1c13302097b9d7abd6f62\",\"name\":\"Ignacio Miranda\",\"image\":{\"@type\":\"ImageObject\",\"inLanguage\":\"en-US\",\"@id\":\"https:\\\/\\\/secure.gravatar.com\\\/avatar\\\/70b7487f1d3f0535f36d3ce7bc97e9729e4efb96033c2bb2f37aa99d6026879b?s=96&d=mm&r=g\",\"url\":\"https:\\\/\\\/secure.gravatar.com\\\/avatar\\\/70b7487f1d3f0535f36d3ce7bc97e9729e4efb96033c2bb2f37aa99d6026879b?s=96&d=mm&r=g\",\"contentUrl\":\"https:\\\/\\\/secure.gravatar.com\\\/avatar\\\/70b7487f1d3f0535f36d3ce7bc97e9729e4efb96033c2bb2f37aa99d6026879b?s=96&d=mm&r=g\",\"caption\":\"Ignacio Miranda\"}}]}<\/script>\n<!-- \/ Yoast SEO plugin. -->","yoast_head_json":{"title":"Sando Construcci\u00f3n Lays the First Stone of RTVE\u2019s Centre in Valladolid","description":"Sando Construcci\u00f3n Lays the First Stone of RTVE\u2019s Castilla y Le\u00f3n Regional Centre in Valladolid","robots":{"index":"index","follow":"follow","max-snippet":"max-snippet:-1","max-image-preview":"max-image-preview:large","max-video-preview":"max-video-preview:-1"},"canonical":"https:\/\/www.sando.com\/en\/actualidad\/sando-construccion-lays-the-first-stone-of-rtves-castilla-y-leon-regional-centre-in-valladolid","og_locale":"en_US","og_type":"article","og_title":"Sando Construcci\u00f3n Lays the First Stone of RTVE\u2019s Centre in Valladolid","og_description":"Sando Construcci\u00f3n Lays the First Stone of RTVE\u2019s Castilla y Le\u00f3n Regional Centre in Valladolid","og_url":"https:\/\/www.sando.com\/en\/actualidad\/sando-construccion-lays-the-first-stone-of-rtves-castilla-y-leon-regional-centre-in-valladolid","og_site_name":"Sando","article_published_time":"2025-10-29T09:56:51+00:00","article_modified_time":"2026-04-29T10:31:21+00:00","og_image":[{"width":1600,"height":900,"url":"https:\/\/www.sando.com\/contenido\/subidas\/2025\/10\/WhatsApp-Image-2025-10-27-at-17.25.46-10-e1761731631835.jpeg","type":"image\/jpeg"}],"author":"Ignacio Miranda","twitter_card":"summary_large_image","twitter_misc":{"Written by":"Ignacio Miranda","Est. reading time":"2 minutes"},"schema":{"@context":"https:\/\/schema.org","@graph":[{"@type":"Article","@id":"https:\/\/www.sando.com\/en\/actualidad\/sando-construccion-lays-the-first-stone-of-rtves-castilla-y-leon-regional-centre-in-valladolid#article","isPartOf":{"@id":"https:\/\/www.sando.com\/en\/actualidad\/sando-construccion-lays-the-first-stone-of-rtves-castilla-y-leon-regional-centre-in-valladolid"},"author":{"name":"Ignacio Miranda","@id":"https:\/\/www.sando.com\/en#\/schema\/person\/de9e7d8314e1c13302097b9d7abd6f62"},"headline":"Sando Construcci\u00f3n Lays the First Stone of RTVE\u2019s Castilla y Le\u00f3n Regional Centre in Valladolid","datePublished":"2025-10-29T09:56:51+00:00","dateModified":"2026-04-29T10:31:21+00:00","mainEntityOfPage":{"@id":"https:\/\/www.sando.com\/en\/actualidad\/sando-construccion-lays-the-first-stone-of-rtves-castilla-y-leon-regional-centre-in-valladolid"},"wordCount":355,"publisher":{"@id":"https:\/\/www.sando.com\/en#organization"},"image":{"@id":"https:\/\/www.sando.com\/en\/actualidad\/sando-construccion-lays-the-first-stone-of-rtves-castilla-y-leon-regional-centre-in-valladolid#primaryimage"},"thumbnailUrl":"https:\/\/www.sando.com\/contenido\/subidas\/2025\/10\/WhatsApp-Image-2025-10-27-at-17.25.46-10-e1761731631835.jpeg","keywords":["Construction","edification","good practices","Infrastructure","singular construction","Sustainability","sustainable","sustainable edification"],"articleSection":["Blog-EN","Communication","Uncategorised"],"inLanguage":"en-US"},{"@type":"WebPage","@id":"https:\/\/www.sando.com\/en\/actualidad\/sando-construccion-lays-the-first-stone-of-rtves-castilla-y-leon-regional-centre-in-valladolid","url":"https:\/\/www.sando.com\/en\/actualidad\/sando-construccion-lays-the-first-stone-of-rtves-castilla-y-leon-regional-centre-in-valladolid","name":"Sando Construcci\u00f3n Lays the First Stone of RTVE\u2019s Centre in Valladolid","isPartOf":{"@id":"https:\/\/www.sando.com\/en#website"},"primaryImageOfPage":{"@id":"https:\/\/www.sando.com\/en\/actualidad\/sando-construccion-lays-the-first-stone-of-rtves-castilla-y-leon-regional-centre-in-valladolid#primaryimage"},"image":{"@id":"https:\/\/www.sando.com\/en\/actualidad\/sando-construccion-lays-the-first-stone-of-rtves-castilla-y-leon-regional-centre-in-valladolid#primaryimage"},"thumbnailUrl":"https:\/\/www.sando.com\/contenido\/subidas\/2025\/10\/WhatsApp-Image-2025-10-27-at-17.25.46-10-e1761731631835.jpeg","datePublished":"2025-10-29T09:56:51+00:00","dateModified":"2026-04-29T10:31:21+00:00","description":"Sando Construcci\u00f3n Lays the First Stone of RTVE\u2019s Castilla y Le\u00f3n Regional Centre in Valladolid","breadcrumb":{"@id":"https:\/\/www.sando.com\/en\/actualidad\/sando-construccion-lays-the-first-stone-of-rtves-castilla-y-leon-regional-centre-in-valladolid#breadcrumb"},"inLanguage":"en-US","potentialAction":[{"@type":"ReadAction","target":["https:\/\/www.sando.com\/en\/actualidad\/sando-construccion-lays-the-first-stone-of-rtves-castilla-y-leon-regional-centre-in-valladolid"]}]},{"@type":"ImageObject","inLanguage":"en-US","@id":"https:\/\/www.sando.com\/en\/actualidad\/sando-construccion-lays-the-first-stone-of-rtves-castilla-y-leon-regional-centre-in-valladolid#primaryimage","url":"https:\/\/www.sando.com\/contenido\/subidas\/2025\/10\/WhatsApp-Image-2025-10-27-at-17.25.46-10-e1761731631835.jpeg","contentUrl":"https:\/\/www.sando.com\/contenido\/subidas\/2025\/10\/WhatsApp-Image-2025-10-27-at-17.25.46-10-e1761731631835.jpeg","width":1600,"height":900,"caption":"La colocaci\u00f3n de la primera piedra del nuevo Centro Territorial de Castilla y Le\u00f3n de RTVE marca el inicio de las obras de construcci\u00f3n de un proyecto que unificar\u00e1 en un mismo espacio las instalaciones de Televisi\u00f3n Espa\u00f1ola (TVE) y Radio Nacional de Espa\u00f1a (RNE) en la Ciudad de la Comunicaci\u00f3n de Valladolid. La ejecutar\u00e1 Sando Construcci\u00f3n."},{"@type":"BreadcrumbList","@id":"https:\/\/www.sando.com\/en\/actualidad\/sando-construccion-lays-the-first-stone-of-rtves-castilla-y-leon-regional-centre-in-valladolid#breadcrumb","itemListElement":[{"@type":"ListItem","position":1,"name":"Portada","item":"https:\/\/www.sando.com\/en"},{"@type":"ListItem","position":2,"name":"Sando Construcci\u00f3n Lays the First Stone of RTVE\u2019s Castilla y Le\u00f3n Regional Centre in Valladolid"}]},{"@type":"WebSite","@id":"https:\/\/www.sando.com\/en#website","url":"https:\/\/www.sando.com\/en","name":"Sando","description":"","publisher":{"@id":"https:\/\/www.sando.com\/en#organization"},"potentialAction":[{"@type":"SearchAction","target":{"@type":"EntryPoint","urlTemplate":"https:\/\/www.sando.com\/en?s={search_term_string}"},"query-input":{"@type":"PropertyValueSpecification","valueRequired":true,"valueName":"search_term_string"}}],"inLanguage":"en-US"},{"@type":"Organization","@id":"https:\/\/www.sando.com\/en#organization","name":"Sando","url":"https:\/\/www.sando.com\/en","logo":{"@type":"ImageObject","inLanguage":"en-US","@id":"https:\/\/www.sando.com\/en#\/schema\/logo\/image\/","url":"","contentUrl":"","caption":"Sando"},"image":{"@id":"https:\/\/www.sando.com\/en#\/schema\/logo\/image\/"}},{"@type":"Person","@id":"https:\/\/www.sando.com\/en#\/schema\/person\/de9e7d8314e1c13302097b9d7abd6f62","name":"Ignacio Miranda","image":{"@type":"ImageObject","inLanguage":"en-US","@id":"https:\/\/secure.gravatar.com\/avatar\/70b7487f1d3f0535f36d3ce7bc97e9729e4efb96033c2bb2f37aa99d6026879b?s=96&d=mm&r=g","url":"https:\/\/secure.gravatar.com\/avatar\/70b7487f1d3f0535f36d3ce7bc97e9729e4efb96033c2bb2f37aa99d6026879b?s=96&d=mm&r=g","contentUrl":"https:\/\/secure.gravatar.com\/avatar\/70b7487f1d3f0535f36d3ce7bc97e9729e4efb96033c2bb2f37aa99d6026879b?s=96&d=mm&r=g","caption":"Ignacio Miranda"}}]}},"_links":{"self":[{"href":"https:\/\/www.sando.com\/en\/wp-json\/wp\/v2\/posts\/96300","targetHints":{"allow":["GET"]}}],"collection":[{"href":"https:\/\/www.sando.com\/en\/wp-json\/wp\/v2\/posts"}],"about":[{"href":"https:\/\/www.sando.com\/en\/wp-json\/wp\/v2\/types\/post"}],"author":[{"embeddable":true,"href":"https:\/\/www.sando.com\/en\/wp-json\/wp\/v2\/users\/6"}],"replies":[{"embeddable":true,"href":"https:\/\/www.sando.com\/en\/wp-json\/wp\/v2\/comments?post=96300"}],"version-history":[{"count":1,"href":"https:\/\/www.sando.com\/en\/wp-json\/wp\/v2\/posts\/96300\/revisions"}],"predecessor-version":[{"id":96301,"href":"https:\/\/www.sando.com\/en\/wp-json\/wp\/v2\/posts\/96300\/revisions\/96301"}],"wp:featuredmedia":[{"embeddable":true,"href":"https:\/\/www.sando.com\/en\/wp-json\/wp\/v2\/media\/59423"}],"wp:attachment":[{"href":"https:\/\/www.sando.com\/en\/wp-json\/wp\/v2\/media?parent=96300"}],"wp:term":[{"taxonomy":"category","embeddable":true,"href":"https:\/\/www.sando.com\/en\/wp-json\/wp\/v2\/categories?post=96300"},{"taxonomy":"post_tag","embeddable":true,"href":"https:\/\/www.sando.com\/en\/wp-json\/wp\/v2\/tags?post=96300"},{"taxonomy":"tax_brand","embeddable":true,"href":"https:\/\/www.sando.com\/en\/wp-json\/wp\/v2\/tax_brand?post=96300"},{"taxonomy":"tax_services","embeddable":true,"href":"https:\/\/www.sando.com\/en\/wp-json\/wp\/v2\/tax_services?post=96300"},{"taxonomy":"tax_location","embeddable":true,"href":"https:\/\/www.sando.com\/en\/wp-json\/wp\/v2\/tax_location?post=96300"}],"curies":[{"name":"wp","href":"https:\/\/api.w.org\/{rel}","templated":true}]}}